{"id":4009,"date":"2025-08-08T17:35:50","date_gmt":"2025-08-08T15:35:50","guid":{"rendered":"http:\/\/sowinskifoto.pl\/?p=4009"},"modified":"2025-09-04T16:41:40","modified_gmt":"2025-09-04T14:41:40","slug":"tour-de-pologne-w-gminie-jablonka","status":"publish","type":"post","link":"https:\/\/sowinskifoto.pl\/?p=4009","title":{"rendered":"Tour de Pologne w Gminie Jab\u0142onka"},"content":{"rendered":"<div class=\"brz-root__container brz-reset-all brz brz-root__container-page\">\n<section id=\"24a5d7c39850b0cf49ef_xrVkkR7tW7He\" class=\"brz-section brz-section__header brz-css-daaiq8 brz-css-1ickt03\">\n<div class=\"brz-section__header--animated brz-css-daaiq8 brz-css-1ickt03\">\n<div class=\"brz-section__header-sticky-item brz-css-1f08qw5 brz-css-12ca14i\" data-brz-custom-id=\"fTG1qPL9bEoK\">\n<div class=\"brz-bg\">\n<div class=\"brz-bg-color\"><\/div>\n<\/div>\n<div class=\"brz-container brz-css-nfzsmx brz-css-1scf9w6\">\n<div class=\"brz-row__container brz-css-1ogxdej brz-css-1dp2zjj\" data-brz-custom-id=\"rcnX0Gf3jfRB\">\n<div class=\"brz-row brz-css-ze9qia brz-css-j6ygzc\">\n<div class=\"brz-columns brz-css-xche25 brz-css-mheose\" data-brz-custom-id=\"s2AYDErrYQmo\">\n<div class=\"brz-bg\">\n<div class=\"brz-bg-image\"><\/div>\n<\/div>\n<div class=\"brz-column__items brz-css-r84vgh brz-css-uciqg9\"><\/div>\n<\/div>\n<div class=\"brz-columns brz-css-xche25 brz-css-1u101ol\" data-brz-custom-id=\"sYGnGZKqkqON\">\n<div class=\"brz-column__items brz-css-r84vgh brz-css-1jbzfuq\">\n<div id=\"\" class=\"brz-css-1guuwfh brz-css-159g84b brz-wrapper\">\n<div class=\"brz-menu__container brz-css-1hl6cc5 brz-css-1rhu8zp\" data-mmenu-id=\"#rlXHObBNlaHy_89301eb585873b2b725b\" data-mmenu-position=\"position-left\" data-mmenu-title=\"Main Menu\" data-mmenu-stickytitle=\"on\" data-mmenu-closingicon=\"%7B%22desktop%22%3A%22off%22%2C%22tablet%22%3A%22off%22%2C%22mobile%22%3A%22off%22%7D\" data-brz-custom-id=\"rlXHObBNlaHy\">\n<nav data-mods=\"%7B%22desktop%22%3A%22horizontal%22%2C%22tablet%22%3A%22horizontal%22%2C%22mobile%22%3A%22horizontal%22%7D\" class=\"brz-menu brz-menu__preview brz-css-1org4n8 brz-css-p6ihcx\">\n<ul class=\"brz-menu__ul\" data-menu-items-active=\"\">\n<li data-menu-item-id=\"74b4c15f173e4bc0a2fd36a0ee708699\" class=\"brz-menu__item menu-item menu-item-type-post_type menu-item-object-page menu-item-home\"><a class=\"brz-a\" target=\"\" href=\"https:\/\/sowinskifoto.pl\/\" title=\"\"><span class=\"brz-span\">Strona G\u0142\u00f3wna<\/span><\/a><\/li>\n<li data-menu-item-id=\"0740093547b7e1b5827cd76bc262d13c\" class=\"brz-menu__item menu-item menu-item-type-custom menu-item-object-custom\"><a class=\"brz-a\" target=\"\" href=\"https:\/\/www.wedding.sowinskifoto.pl\/\" title=\"\"><span class=\"brz-span\">Fotografia \u015blubna<\/span><\/a><\/li>\n<li data-menu-item-id=\"cd2897e814d9b09e555d490cf0d9ef7b\" class=\"brz-menu__item menu-item menu-item-type-custom menu-item-object-custom\"><a class=\"brz-a\" target=\"\" href=\"https:\/\/krajobraz.sowinskifoto.pl\/\" title=\"\"><span class=\"brz-span\">Krajobraz<\/span><\/a><\/li>\n<li data-menu-item-id=\"f63c45bbfce4b8729e4857598d1d4090\" class=\"brz-menu__item menu-item menu-item-type-custom menu-item-object-custom\"><a class=\"brz-a\" target=\"\" href=\"https:\/\/krajobraz.sowinskifoto.pl\/krajobraz-zdjecia-na-plotnie\/\" title=\"\"><span class=\"brz-span\">Sklep<\/span><\/a><\/li>\n<li data-menu-item-id=\"4d663a920a16178b4b39cbc06da77bdc\" class=\"brz-menu__item menu-item menu-item-type-post_type menu-item-object-page current_page_parent\"><a class=\"brz-a\" target=\"\" href=\"https:\/\/sowinskifoto.pl\/?page_id=2\" title=\"\"><span class=\"brz-span\">Aktualno\u015bci<\/span><\/a><\/li>\n<\/ul>\n<\/nav>\n<div class=\"brz-mm-menu__icon\"><svg class=\"brz-icon-svg align-[initial]\"><use href=\"\/wp-content\/plugins\/brizy\/public\/editor-build\/prod\/editor\/icons\/editor\/menu-3.svg#brz_icon\"><\/use><\/svg><\/div>\n<nav data-mods=\"%7B%22desktop%22%3A%22horizontal%22%2C%22tablet%22%3A%22horizontal%22%2C%22mobile%22%3A%22horizontal%22%7D\" id=\"rlXHObBNlaHy_89301eb585873b2b725b\" class=\"brz-menu brz-menu__preview brz-menu__mmenu brz-css-1rhpcej brz-css-150w1pw\">\n<ul class=\"brz-menu__ul\" data-menu-items-active=\"\">\n<li data-menu-item-id=\"74b4c15f173e4bc0a2fd36a0ee708699\" class=\"brz-menu__item menu-item menu-item-type-post_type menu-item-object-page menu-item-home\"><a class=\"brz-a\" target=\"\" href=\"https:\/\/sowinskifoto.pl\/\" title=\"\"><span class=\"brz-span\">Strona G\u0142\u00f3wna<\/span><\/a><\/li>\n<li data-menu-item-id=\"0740093547b7e1b5827cd76bc262d13c\" class=\"brz-menu__item menu-item menu-item-type-custom menu-item-object-custom\"><a class=\"brz-a\" target=\"\" href=\"https:\/\/www.wedding.sowinskifoto.pl\/\" title=\"\"><span class=\"brz-span\">Fotografia \u015blubna<\/span><\/a><\/li>\n<li data-menu-item-id=\"cd2897e814d9b09e555d490cf0d9ef7b\" class=\"brz-menu__item menu-item menu-item-type-custom menu-item-object-custom\"><a class=\"brz-a\" target=\"\" href=\"https:\/\/krajobraz.sowinskifoto.pl\/\" title=\"\"><span class=\"brz-span\">Krajobraz<\/span><\/a><\/li>\n<li data-menu-item-id=\"f63c45bbfce4b8729e4857598d1d4090\" class=\"brz-menu__item menu-item menu-item-type-custom menu-item-object-custom\"><a class=\"brz-a\" target=\"\" href=\"https:\/\/krajobraz.sowinskifoto.pl\/krajobraz-zdjecia-na-plotnie\/\" title=\"\"><span class=\"brz-span\">Sklep<\/span><\/a><\/li>\n<li data-menu-item-id=\"4d663a920a16178b4b39cbc06da77bdc\" class=\"brz-menu__item menu-item menu-item-type-post_type menu-item-object-page current_page_parent\"><a class=\"brz-a\" target=\"\" href=\"https:\/\/sowinskifoto.pl\/?page_id=2\" title=\"\"><span class=\"brz-span\">Aktualno\u015bci<\/span><\/a><\/li>\n<\/ul>\n<\/nav>\n<\/div>\n<\/div>\n<\/div>\n<\/div>\n<\/div>\n<\/div>\n<\/div>\n<\/div>\n<\/div>\n<div class=\"brz-section__menu-item brz-css-j1hugz brz-css-eui7uu\" data-brz-custom-id=\"hQSOmGCHdh8V\">\n<div class=\"brz-container brz-css-7dbfox brz-css-14n33ch\">\n<div class=\"brz-row__container brz-css-1ogxdej brz-css-iyhcqh\" data-brz-custom-id=\"nRZWlGpPD6Eo\">\n<div class=\"brz-row brz-css-ze9qia brz-css-oipsfk\">\n<div class=\"brz-columns brz-css-xche25 brz-css-ozmy5h\" data-brz-custom-id=\"ie7ePV_01c7T\">\n<div class=\"brz-bg\">\n<div class=\"brz-bg-color\"><\/div>\n<\/div>\n<div class=\"brz-column__items brz-css-r84vgh brz-css-oq3vhf\">\n<div id=\"\" class=\"brz-css-1guuwfh brz-css-eh9rvj brz-wrapper\">\n<div class=\"brz-image brz-css-eq5v9a brz-css-5hkmhw\" data-brz-custom-id=\"uREM1FmMhekQ\"><picture class=\"brz-picture brz-d-block brz-p-relative brz-css-zv7hhs brz-css-1yg2yd6\"><source srcset=\"https:\/\/sowinskifoto.pl\/wp-content\/uploads\/2025\/06\/logo-1.png 1x, https:\/\/sowinskifoto.pl\/wp-content\/uploads\/2025\/06\/logo-1.png 2x\" media=\"(min-width: 992px)\"><source srcset=\"https:\/\/sowinskifoto.pl\/wp-content\/uploads\/2025\/06\/logo-1.png 1x, https:\/\/sowinskifoto.pl\/wp-content\/uploads\/2025\/06\/logo-1.png 2x\" media=\"(min-width: 768px)\"><img data-recalc-dims=\"1\" decoding=\"async\" class=\"brz-img\" srcset=\"https:\/\/sowinskifoto.pl\/wp-content\/uploads\/2025\/06\/logo-1.png 1x, https:\/\/sowinskifoto.pl\/wp-content\/uploads\/2025\/06\/logo-1.png 2x\" src=\"https:\/\/i0.wp.com\/sowinskifoto.pl\/wp-content\/uploads\/2025\/06\/logo-1.png?ssl=1\" alt=\"\" title=\"logo 1\" draggable=\"false\" loading=\"lazy\"><\/picture><\/div>\n<\/div>\n<\/div>\n<\/div>\n<div class=\"brz-columns brz-css-xche25 brz-css-1bt4lpr\" data-brz-custom-id=\"x5pue55G7uLi\">\n<div class=\"brz-bg\">\n<div class=\"brz-bg-color\"><\/div>\n<\/div>\n<div class=\"brz-column__items brz-css-r84vgh brz-css-1behlfb\">\n<div id=\"\" class=\"brz-css-1guuwfh brz-css-v09phe brz-wrapper\">\n<div class=\"brz-menu__container brz-css-1hl6cc5 brz-css-m08ok0\" data-mmenu-id=\"#m4KfZVoOZbKo_89301eb585873b2b725b\" data-mmenu-position=\"position-left\" data-mmenu-title=\"Main Menu\" data-mmenu-stickytitle=\"on\" data-mmenu-closingicon=\"%7B%22desktop%22%3A%22off%22%2C%22tablet%22%3A%22off%22%2C%22mobile%22%3A%22off%22%7D\" data-brz-custom-id=\"m4KfZVoOZbKo\">\n<nav data-mods=\"%7B%22desktop%22%3A%22horizontal%22%2C%22tablet%22%3A%22horizontal%22%2C%22mobile%22%3A%22horizontal%22%7D\" class=\"brz-menu brz-menu__preview brz-css-1org4n8 brz-css-zxg7io\">\n<ul class=\"brz-menu__ul\" data-menu-items-active=\"\">\n<li data-menu-item-id=\"74b4c15f173e4bc0a2fd36a0ee708699\" class=\"brz-menu__item menu-item menu-item-type-post_type menu-item-object-page menu-item-home\"><a class=\"brz-a\" target=\"\" href=\"https:\/\/sowinskifoto.pl\/\" title=\"\"><span class=\"brz-span\">Strona G\u0142\u00f3wna<\/span><\/a><\/li>\n<li data-menu-item-id=\"0740093547b7e1b5827cd76bc262d13c\" class=\"brz-menu__item menu-item menu-item-type-custom menu-item-object-custom\"><a class=\"brz-a\" target=\"\" href=\"https:\/\/www.wedding.sowinskifoto.pl\/\" title=\"\"><span class=\"brz-span\">Fotografia \u015blubna<\/span><\/a><\/li>\n<li data-menu-item-id=\"cd2897e814d9b09e555d490cf0d9ef7b\" class=\"brz-menu__item menu-item menu-item-type-custom menu-item-object-custom\"><a class=\"brz-a\" target=\"\" href=\"https:\/\/krajobraz.sowinskifoto.pl\/\" title=\"\"><span class=\"brz-span\">Krajobraz<\/span><\/a><\/li>\n<li data-menu-item-id=\"f63c45bbfce4b8729e4857598d1d4090\" class=\"brz-menu__item menu-item menu-item-type-custom menu-item-object-custom\"><a class=\"brz-a\" target=\"\" href=\"https:\/\/krajobraz.sowinskifoto.pl\/krajobraz-zdjecia-na-plotnie\/\" title=\"\"><span class=\"brz-span\">Sklep<\/span><\/a><\/li>\n<li data-menu-item-id=\"4d663a920a16178b4b39cbc06da77bdc\" class=\"brz-menu__item menu-item menu-item-type-post_type menu-item-object-page current_page_parent\"><a class=\"brz-a\" target=\"\" href=\"https:\/\/sowinskifoto.pl\/?page_id=2\" title=\"\"><span class=\"brz-span\">Aktualno\u015bci<\/span><\/a><\/li>\n<\/ul>\n<\/nav>\n<div class=\"brz-mm-menu__icon\"><svg class=\"brz-icon-svg align-[initial]\"><use href=\"\/wp-content\/plugins\/brizy\/public\/editor-build\/prod\/editor\/icons\/editor\/menu-3.svg#brz_icon\"><\/use><\/svg><\/div>\n<nav data-mods=\"%7B%22desktop%22%3A%22horizontal%22%2C%22tablet%22%3A%22horizontal%22%2C%22mobile%22%3A%22horizontal%22%7D\" id=\"m4KfZVoOZbKo_89301eb585873b2b725b\" class=\"brz-menu brz-menu__preview brz-menu__mmenu brz-css-1rhpcej brz-css-h0d7px\">\n<ul class=\"brz-menu__ul\" data-menu-items-active=\"\">\n<li data-menu-item-id=\"74b4c15f173e4bc0a2fd36a0ee708699\" class=\"brz-menu__item menu-item menu-item-type-post_type menu-item-object-page menu-item-home\"><a class=\"brz-a\" target=\"\" href=\"https:\/\/sowinskifoto.pl\/\" title=\"\"><span class=\"brz-span\">Strona G\u0142\u00f3wna<\/span><\/a><\/li>\n<li data-menu-item-id=\"0740093547b7e1b5827cd76bc262d13c\" class=\"brz-menu__item menu-item menu-item-type-custom menu-item-object-custom\"><a class=\"brz-a\" target=\"\" href=\"https:\/\/www.wedding.sowinskifoto.pl\/\" title=\"\"><span class=\"brz-span\">Fotografia \u015blubna<\/span><\/a><\/li>\n<li data-menu-item-id=\"cd2897e814d9b09e555d490cf0d9ef7b\" class=\"brz-menu__item menu-item menu-item-type-custom menu-item-object-custom\"><a class=\"brz-a\" target=\"\" href=\"https:\/\/krajobraz.sowinskifoto.pl\/\" title=\"\"><span class=\"brz-span\">Krajobraz<\/span><\/a><\/li>\n<li data-menu-item-id=\"f63c45bbfce4b8729e4857598d1d4090\" class=\"brz-menu__item menu-item menu-item-type-custom menu-item-object-custom\"><a class=\"brz-a\" target=\"\" href=\"https:\/\/krajobraz.sowinskifoto.pl\/krajobraz-zdjecia-na-plotnie\/\" title=\"\"><span class=\"brz-span\">Sklep<\/span><\/a><\/li>\n<li data-menu-item-id=\"4d663a920a16178b4b39cbc06da77bdc\" class=\"brz-menu__item menu-item menu-item-type-post_type menu-item-object-page current_page_parent\"><a class=\"brz-a\" target=\"\" href=\"https:\/\/sowinskifoto.pl\/?page_id=2\" title=\"\"><span class=\"brz-span\">Aktualno\u015bci<\/span><\/a><\/li>\n<\/ul>\n<\/nav>\n<\/div>\n<\/div>\n<\/div>\n<\/div>\n<div class=\"brz-columns brz-css-xche25 brz-css-8qw0h3\" data-brz-custom-id=\"tIEFo0FYEE41\">\n<div class=\"brz-bg\">\n<div class=\"brz-bg-color\"><\/div>\n<\/div>\n<div class=\"brz-column__items brz-css-r84vgh brz-css-10qjai9\">\n<div id=\"\" class=\"brz-css-1guuwfh brz-css-nh06px brz-wrapper\">\n<div class=\"brz-rich-text brz-rich-text__custom brz-css-66vwpf brz-css-ih9xqu\" data-brz-custom-id=\"vlf6PXkDj6UX\">\n<div data-brz-translate-text=\"1\">\n<p class=\"brz-tp-lg-paragraph brz-text-lg-center brz-css-vnlF1\" data-uniq-id=\"x_9Qs\" data-generated-css=\"brz-css-fkDKu\"><span style=\"color: rgba(var(--brz-global-color3),1);\" class=\"brz-cp-color3\">tel. 788 463 976<\/span><\/p>\n<\/div>\n<\/div>\n<\/div>\n<\/div>\n<\/div>\n<\/div>\n<\/div>\n<\/div>\n<\/div>\n<\/section>\n<section id=\"6a04b137187ce259b1c3_t4SKQMlI6CLC\" class=\"brz-section brz-css-1kn0gku brz-css-1g3dxb1\">\n<div class=\"brz-section__content brz-section--fullWidth brz-css-1a2w9bd brz-css-13rfvez\" data-brz-custom-id=\"fichvTb1RFdo\">\n<div class=\"brz-container brz-css-gl6g9d brz-css-1xn26ub\">\n<div class=\"brz-row__container brz-css-1ogxdej brz-css-ekrdi8\" data-brz-custom-id=\"stzzY89s_poi\">\n<div class=\"brz-row brz-css-ze9qia brz-css-1lpubrq brz-css-1jy45vz\">\n<div class=\"brz-columns brz-css-xche25 brz-css-3nvol5\" data-brz-custom-id=\"k7snAt26FCUz\">\n<div class=\"brz-column__items brz-css-r84vgh brz-css-th11j1\">\n<div class=\"brz-row__container brz-css-1ogxdej brz-css-1mxyhr\" data-brz-custom-id=\"r3TkjQEJ7ffn\">\n<div class=\"brz-row brz-row--inner brz-css-ze9qia brz-css-3s40fo\">\n<div class=\"brz-columns brz-css-xche25 brz-css-s9plna\" data-brz-custom-id=\"okyL_hNmXmpq\">\n<div class=\"brz-column__items brz-css-r84vgh brz-css-1kdnrsx\">\n<div id=\"\" class=\"brz-css-1guuwfh brz-css-2l67bi brz-wrapper\">\n<div class=\"brz-rich-text brz-rich-text__custom brz-css-66vwpf brz-css-1u9godo\" data-brz-custom-id=\"l9PPz38UJG09\">\n<div data-brz-translate-text=\"1\">\n<p class=\"brz-fs-xs-28 brz-tp-xs-empty brz-fsft-xs-0 brz-fwdth-xs-100 brz-vfw-xs-400 brz-lh-xs-1_2 brz-ls-xs-0 brz-fw-xs-700 brz-fss-xs-px brz-text-lg-center brz-fss-lg-px brz-fw-lg-700 brz-ls-lg-0 brz-lh-lg-1_2 brz-vfw-lg-400 brz-fwdth-lg-100 brz-fsft-lg-0 brz-tp-lg-empty brz-ff-playfair_display brz-ft-google brz-fs-lg-69 brz-css-gV3kO\" data-generated-css=\"brz-css-a581V\" data-uniq-id=\"q1SIp\"><span style=\"color: rgba(var(--brz-global-color2),1);\" class=\"brz-cp-color2\">Tour De Pologne- Zubrzyca Dolna<\/span><\/p>\n<\/div>\n<\/div>\n<\/div>\n<\/div>\n<\/div>\n<\/div>\n<\/div>\n<div id=\"\" class=\"brz-css-1guuwfh brz-css-abdz6v brz-wrapper\">\n<div class=\"brz-image__gallery\" data-brz-custom-id=\"imsFtk65MhLq\">\n<div class=\"brz-image__gallery-container\">\n<div class=\"brz-image__gallery-wrapper brz-d-xs-flex brz-flex-xs-wrap brz-image__gallery-justified brz-image__gallery-lightbox brz-css-1bvty4m brz-css-qgjx2w\" data-settings=\"%7B%22type%22%3A%22justified%22%2C%22settings%22%3A%7B%22rowHeight%22%3A308%2C%22itemSelector%22%3A%22.brz-image__gallery-item%22%2C%22responsive%22%3A%5B%7B%22breakpoint%22%3A1500%2C%22settings%22%3A%7B%22rowHeight%22%3A308%7D%7D%2C%7B%22breakpoint%22%3A991%2C%22settings%22%3A%7B%22rowHeight%22%3A308%7D%7D%2C%7B%22breakpoint%22%3A767%2C%22settings%22%3A%7B%22rowHeight%22%3A308%7D%7D%5D%7D%7D\">\n<div class=\"brz-image__gallery-item\">\n<div class=\"brz-image brz-css-1bzm3zv brz-css-f902wu\" data-brz-custom-id=\"x1kxTfxqjfbM\"><a class=\"brz-a\" href=\"https:\/\/i0.wp.com\/sowinskifoto.pl\/wp-content\/uploads\/2025\/08\/tour-de-pologne0001.jpg?ssl=1\" target=\"_self\" rel=\"noopener\" data-brz-link-type=\"lightBox\"><picture class=\"brz-picture brz-d-block brz-p-relative brz-css-wx65q8 brz-css-i8y1du\"><source srcset=\"https:\/\/sowinskifoto.pl\/wp-content\/uploads\/2025\/08\/tour-de-pologne0001.jpg 1x, https:\/\/sowinskifoto.pl\/wp-content\/uploads\/2025\/08\/tour-de-pologne0001.jpg 2x\" media=\"(min-width: 992px)\"><source srcset=\"https:\/\/sowinskifoto.pl\/wp-content\/uploads\/2025\/08\/tour-de-pologne0001.jpg 1x, https:\/\/sowinskifoto.pl\/wp-content\/uploads\/2025\/08\/tour-de-pologne0001.jpg 2x\" media=\"(min-width: 768px)\"><img data-recalc-dims=\"1\" decoding=\"async\" class=\"brz-img\" srcset=\"https:\/\/sowinskifoto.pl\/wp-content\/uploads\/2025\/08\/tour-de-pologne0001.jpg 1x, https:\/\/sowinskifoto.pl\/wp-content\/uploads\/2025\/08\/tour-de-pologne0001.jpg 2x\" src=\"https:\/\/i0.wp.com\/sowinskifoto.pl\/wp-content\/uploads\/2025\/08\/tour-de-pologne0001.jpg?ssl=1\" alt=\"\" title=\"Tour de Pologne w Gminie Jab\u0142onka\" draggable=\"false\" loading=\"lazy\"><\/picture><\/a><\/div>\n<\/div>\n<div class=\"brz-image__gallery-item\">\n<div class=\"brz-image brz-css-dvpkud brz-css-5o0c1d\" data-brz-custom-id=\"bSQYhHyCrLKE\"><a class=\"brz-a\" href=\"https:\/\/i0.wp.com\/sowinskifoto.pl\/wp-content\/uploads\/2025\/08\/tour-de-pologne0002.jpg?ssl=1\" target=\"_self\" rel=\"noopener\" data-brz-link-type=\"lightBox\"><picture class=\"brz-picture brz-d-block brz-p-relative brz-css-o6ffcf brz-css-trar3s\"><source srcset=\"https:\/\/sowinskifoto.pl\/wp-content\/uploads\/2025\/08\/tour-de-pologne0002.jpg 1x, https:\/\/sowinskifoto.pl\/wp-content\/uploads\/2025\/08\/tour-de-pologne0002.jpg 2x\" media=\"(min-width: 992px)\"><source srcset=\"https:\/\/sowinskifoto.pl\/wp-content\/uploads\/2025\/08\/tour-de-pologne0002.jpg 1x, https:\/\/sowinskifoto.pl\/wp-content\/uploads\/2025\/08\/tour-de-pologne0002.jpg 2x\" media=\"(min-width: 768px)\"><img data-recalc-dims=\"1\" decoding=\"async\" class=\"brz-img\" srcset=\"https:\/\/sowinskifoto.pl\/wp-content\/uploads\/2025\/08\/tour-de-pologne0002.jpg 1x, https:\/\/sowinskifoto.pl\/wp-content\/uploads\/2025\/08\/tour-de-pologne0002.jpg 2x\" src=\"https:\/\/i0.wp.com\/sowinskifoto.pl\/wp-content\/uploads\/2025\/08\/tour-de-pologne0002.jpg?ssl=1\" alt=\"\" title=\"Tour de Pologne w Gminie Jab\u0142onka\" draggable=\"false\" loading=\"lazy\"><\/picture><\/a><\/div>\n<\/div>\n<div class=\"brz-image__gallery-item\">\n<div class=\"brz-image brz-css-26f33u brz-css-fbhhg9\" data-brz-custom-id=\"ngQiF1JiAqDl\"><a class=\"brz-a\" href=\"https:\/\/i0.wp.com\/sowinskifoto.pl\/wp-content\/uploads\/2025\/08\/tour-de-pologne0003.jpg?ssl=1\" target=\"_self\" rel=\"noopener\" data-brz-link-type=\"lightBox\"><picture class=\"brz-picture brz-d-block brz-p-relative brz-css-sycflc brz-css-w0jpzp\"><source srcset=\"https:\/\/sowinskifoto.pl\/wp-content\/uploads\/2025\/08\/tour-de-pologne0003.jpg 1x, https:\/\/sowinskifoto.pl\/wp-content\/uploads\/2025\/08\/tour-de-pologne0003.jpg 2x\" media=\"(min-width: 992px)\"><source srcset=\"https:\/\/sowinskifoto.pl\/wp-content\/uploads\/2025\/08\/tour-de-pologne0003.jpg 1x, https:\/\/sowinskifoto.pl\/wp-content\/uploads\/2025\/08\/tour-de-pologne0003.jpg 2x\" media=\"(min-width: 768px)\"><img data-recalc-dims=\"1\" decoding=\"async\" class=\"brz-img\" srcset=\"https:\/\/sowinskifoto.pl\/wp-content\/uploads\/2025\/08\/tour-de-pologne0003.jpg 1x, https:\/\/sowinskifoto.pl\/wp-content\/uploads\/2025\/08\/tour-de-pologne0003.jpg 2x\" src=\"https:\/\/i0.wp.com\/sowinskifoto.pl\/wp-content\/uploads\/2025\/08\/tour-de-pologne0003.jpg?ssl=1\" alt=\"\" title=\"Tour de Pologne w Gminie Jab\u0142onka\" draggable=\"false\" loading=\"lazy\"><\/picture><\/a><\/div>\n<\/div>\n<div class=\"brz-image__gallery-item\">\n<div class=\"brz-image brz-css-15zmbji brz-css-zboou0\" data-brz-custom-id=\"uXZcP8YRb3sd\"><a class=\"brz-a\" href=\"https:\/\/i0.wp.com\/sowinskifoto.pl\/wp-content\/uploads\/2025\/08\/tour-de-pologne0004.jpg?ssl=1\" target=\"_self\" rel=\"noopener\" data-brz-link-type=\"lightBox\"><picture class=\"brz-picture brz-d-block brz-p-relative brz-css-agz3cd brz-css-1ud55qc\"><source srcset=\"https:\/\/sowinskifoto.pl\/wp-content\/uploads\/2025\/08\/tour-de-pologne0004.jpg 1x, https:\/\/sowinskifoto.pl\/wp-content\/uploads\/2025\/08\/tour-de-pologne0004.jpg 2x\" media=\"(min-width: 992px)\"><source srcset=\"https:\/\/sowinskifoto.pl\/wp-content\/uploads\/2025\/08\/tour-de-pologne0004.jpg 1x, https:\/\/sowinskifoto.pl\/wp-content\/uploads\/2025\/08\/tour-de-pologne0004.jpg 2x\" media=\"(min-width: 768px)\"><img data-recalc-dims=\"1\" decoding=\"async\" class=\"brz-img\" srcset=\"https:\/\/sowinskifoto.pl\/wp-content\/uploads\/2025\/08\/tour-de-pologne0004.jpg 1x, https:\/\/sowinskifoto.pl\/wp-content\/uploads\/2025\/08\/tour-de-pologne0004.jpg 2x\" src=\"https:\/\/i0.wp.com\/sowinskifoto.pl\/wp-content\/uploads\/2025\/08\/tour-de-pologne0004.jpg?ssl=1\" alt=\"\" title=\"Tour de Pologne w Gminie Jab\u0142onka\" draggable=\"false\" loading=\"lazy\"><\/picture><\/a><\/div>\n<\/div>\n<div class=\"brz-image__gallery-item\">\n<div class=\"brz-image brz-css-1qwwku3 brz-css-1mepgy\" data-brz-custom-id=\"wTwMHAz1VeTZ\"><a class=\"brz-a\" href=\"https:\/\/i0.wp.com\/sowinskifoto.pl\/wp-content\/uploads\/2025\/08\/tour-de-pologne0005.jpg?ssl=1\" target=\"_self\" rel=\"noopener\" data-brz-link-type=\"lightBox\"><picture class=\"brz-picture brz-d-block brz-p-relative brz-css-1vygaab brz-css-1x60d56\"><source srcset=\"https:\/\/sowinskifoto.pl\/wp-content\/uploads\/2025\/08\/tour-de-pologne0005.jpg 1x, https:\/\/sowinskifoto.pl\/wp-content\/uploads\/2025\/08\/tour-de-pologne0005.jpg 2x\" media=\"(min-width: 992px)\"><source srcset=\"https:\/\/sowinskifoto.pl\/wp-content\/uploads\/2025\/08\/tour-de-pologne0005.jpg 1x, https:\/\/sowinskifoto.pl\/wp-content\/uploads\/2025\/08\/tour-de-pologne0005.jpg 2x\" media=\"(min-width: 768px)\"><img data-recalc-dims=\"1\" decoding=\"async\" class=\"brz-img\" srcset=\"https:\/\/sowinskifoto.pl\/wp-content\/uploads\/2025\/08\/tour-de-pologne0005.jpg 1x, https:\/\/sowinskifoto.pl\/wp-content\/uploads\/2025\/08\/tour-de-pologne0005.jpg 2x\" src=\"https:\/\/i0.wp.com\/sowinskifoto.pl\/wp-content\/uploads\/2025\/08\/tour-de-pologne0005.jpg?ssl=1\" alt=\"\" title=\"Tour de Pologne w Gminie Jab\u0142onka\" draggable=\"false\" loading=\"lazy\"><\/picture><\/a><\/div>\n<\/div>\n<div class=\"brz-image__gallery-item\">\n<div class=\"brz-image brz-css-ukf99 brz-css-1t2peu4\" data-brz-custom-id=\"n5tBDOqyxRep\"><a class=\"brz-a\" href=\"https:\/\/i0.wp.com\/sowinskifoto.pl\/wp-content\/uploads\/2025\/08\/tour-de-pologne0006.jpg?ssl=1\" target=\"_self\" rel=\"noopener\" data-brz-link-type=\"lightBox\"><picture class=\"brz-picture brz-d-block brz-p-relative brz-css-11uvy1z brz-css-aj0xsx\"><source srcset=\"https:\/\/sowinskifoto.pl\/wp-content\/uploads\/2025\/08\/tour-de-pologne0006.jpg 1x, https:\/\/sowinskifoto.pl\/wp-content\/uploads\/2025\/08\/tour-de-pologne0006.jpg 2x\" media=\"(min-width: 992px)\"><source srcset=\"https:\/\/sowinskifoto.pl\/wp-content\/uploads\/2025\/08\/tour-de-pologne0006.jpg 1x, https:\/\/sowinskifoto.pl\/wp-content\/uploads\/2025\/08\/tour-de-pologne0006.jpg 2x\" media=\"(min-width: 768px)\"><img data-recalc-dims=\"1\" decoding=\"async\" class=\"brz-img\" srcset=\"https:\/\/sowinskifoto.pl\/wp-content\/uploads\/2025\/08\/tour-de-pologne0006.jpg 1x, https:\/\/sowinskifoto.pl\/wp-content\/uploads\/2025\/08\/tour-de-pologne0006.jpg 2x\" src=\"https:\/\/i0.wp.com\/sowinskifoto.pl\/wp-content\/uploads\/2025\/08\/tour-de-pologne0006.jpg?ssl=1\" alt=\"\" title=\"Tour de Pologne w Gminie Jab\u0142onka\" draggable=\"false\" loading=\"lazy\"><\/picture><\/a><\/div>\n<\/div>\n<div class=\"brz-image__gallery-item\">\n<div class=\"brz-image brz-css-17585ri brz-css-1kk9400\" data-brz-custom-id=\"g5lJyruIZXm8\"><a class=\"brz-a\" href=\"https:\/\/i0.wp.com\/sowinskifoto.pl\/wp-content\/uploads\/2025\/08\/tour-de-pologne0007.jpg?ssl=1\" target=\"_self\" rel=\"noopener\" data-brz-link-type=\"lightBox\"><picture class=\"brz-picture brz-d-block brz-p-relative brz-css-1qyjute brz-css-s99u00\"><source srcset=\"https:\/\/sowinskifoto.pl\/wp-content\/uploads\/2025\/08\/tour-de-pologne0007.jpg 1x, https:\/\/sowinskifoto.pl\/wp-content\/uploads\/2025\/08\/tour-de-pologne0007.jpg 2x\" media=\"(min-width: 992px)\"><source srcset=\"https:\/\/sowinskifoto.pl\/wp-content\/uploads\/2025\/08\/tour-de-pologne0007.jpg 1x, https:\/\/sowinskifoto.pl\/wp-content\/uploads\/2025\/08\/tour-de-pologne0007.jpg 2x\" media=\"(min-width: 768px)\"><img data-recalc-dims=\"1\" decoding=\"async\" class=\"brz-img\" srcset=\"https:\/\/sowinskifoto.pl\/wp-content\/uploads\/2025\/08\/tour-de-pologne0007.jpg 1x, https:\/\/sowinskifoto.pl\/wp-content\/uploads\/2025\/08\/tour-de-pologne0007.jpg 2x\" src=\"https:\/\/i0.wp.com\/sowinskifoto.pl\/wp-content\/uploads\/2025\/08\/tour-de-pologne0007.jpg?ssl=1\" alt=\"\" title=\"Tour de Pologne w Gminie Jab\u0142onka\" draggable=\"false\" loading=\"lazy\"><\/picture><\/a><\/div>\n<\/div>\n<div class=\"brz-image__gallery-item\">\n<div class=\"brz-image brz-css-8e4iy5 brz-css-1mpy5fm\" data-brz-custom-id=\"rWvSyzpMFCaj\"><a class=\"brz-a\" href=\"https:\/\/i0.wp.com\/sowinskifoto.pl\/wp-content\/uploads\/2025\/08\/tour-de-pologne0008.jpg?ssl=1\" target=\"_self\" rel=\"noopener\" data-brz-link-type=\"lightBox\"><picture class=\"brz-picture brz-d-block brz-p-relative brz-css-z30wgj brz-css-shw78l\"><source srcset=\"https:\/\/sowinskifoto.pl\/wp-content\/uploads\/2025\/08\/tour-de-pologne0008.jpg 1x, https:\/\/sowinskifoto.pl\/wp-content\/uploads\/2025\/08\/tour-de-pologne0008.jpg 2x\" media=\"(min-width: 992px)\"><source srcset=\"https:\/\/sowinskifoto.pl\/wp-content\/uploads\/2025\/08\/tour-de-pologne0008.jpg 1x, https:\/\/sowinskifoto.pl\/wp-content\/uploads\/2025\/08\/tour-de-pologne0008.jpg 2x\" media=\"(min-width: 768px)\"><img data-recalc-dims=\"1\" decoding=\"async\" class=\"brz-img\" srcset=\"https:\/\/sowinskifoto.pl\/wp-content\/uploads\/2025\/08\/tour-de-pologne0008.jpg 1x, https:\/\/sowinskifoto.pl\/wp-content\/uploads\/2025\/08\/tour-de-pologne0008.jpg 2x\" src=\"https:\/\/i0.wp.com\/sowinskifoto.pl\/wp-content\/uploads\/2025\/08\/tour-de-pologne0008.jpg?ssl=1\" alt=\"\" title=\"Tour de Pologne w Gminie Jab\u0142onka\" draggable=\"false\" loading=\"lazy\"><\/picture><\/a><\/div>\n<\/div>\n<div class=\"brz-image__gallery-item\">\n<div class=\"brz-image brz-css-sgsbd4 brz-css-1aqqg12\" data-brz-custom-id=\"tZj94fxkqbMo\"><a class=\"brz-a\" href=\"https:\/\/i0.wp.com\/sowinskifoto.pl\/wp-content\/uploads\/2025\/08\/tour-de-pologne0009.jpg?ssl=1\" target=\"_self\" rel=\"noopener\" data-brz-link-type=\"lightBox\"><picture class=\"brz-picture brz-d-block brz-p-relative brz-css-d9lct5 brz-css-96hl0t\"><source srcset=\"https:\/\/sowinskifoto.pl\/wp-content\/uploads\/2025\/08\/tour-de-pologne0009.jpg 1x, https:\/\/sowinskifoto.pl\/wp-content\/uploads\/2025\/08\/tour-de-pologne0009.jpg 2x\" media=\"(min-width: 992px)\"><source srcset=\"https:\/\/sowinskifoto.pl\/wp-content\/uploads\/2025\/08\/tour-de-pologne0009.jpg 1x, https:\/\/sowinskifoto.pl\/wp-content\/uploads\/2025\/08\/tour-de-pologne0009.jpg 2x\" media=\"(min-width: 768px)\"><img data-recalc-dims=\"1\" decoding=\"async\" class=\"brz-img\" srcset=\"https:\/\/sowinskifoto.pl\/wp-content\/uploads\/2025\/08\/tour-de-pologne0009.jpg 1x, https:\/\/sowinskifoto.pl\/wp-content\/uploads\/2025\/08\/tour-de-pologne0009.jpg 2x\" src=\"https:\/\/i0.wp.com\/sowinskifoto.pl\/wp-content\/uploads\/2025\/08\/tour-de-pologne0009.jpg?ssl=1\" alt=\"\" title=\"Tour de Pologne w Gminie Jab\u0142onka\" draggable=\"false\" loading=\"lazy\"><\/picture><\/a><\/div>\n<\/div>\n<div class=\"brz-image__gallery-item\">\n<div class=\"brz-image brz-css-qgw65j brz-css-1a94x0v\" data-brz-custom-id=\"gOyvoO0kVCUx\"><a class=\"brz-a\" href=\"https:\/\/i0.wp.com\/sowinskifoto.pl\/wp-content\/uploads\/2025\/08\/tour-de-pologne0010.jpg?ssl=1\" target=\"_self\" rel=\"noopener\" data-brz-link-type=\"lightBox\"><picture class=\"brz-picture brz-d-block brz-p-relative brz-css-q3cen8 brz-css-ovnd7h\"><source srcset=\"https:\/\/sowinskifoto.pl\/wp-content\/uploads\/2025\/08\/tour-de-pologne0010.jpg 1x, https:\/\/sowinskifoto.pl\/wp-content\/uploads\/2025\/08\/tour-de-pologne0010.jpg 2x\" media=\"(min-width: 992px)\"><source srcset=\"https:\/\/sowinskifoto.pl\/wp-content\/uploads\/2025\/08\/tour-de-pologne0010.jpg 1x, https:\/\/sowinskifoto.pl\/wp-content\/uploads\/2025\/08\/tour-de-pologne0010.jpg 2x\" media=\"(min-width: 768px)\"><img data-recalc-dims=\"1\" decoding=\"async\" class=\"brz-img\" srcset=\"https:\/\/sowinskifoto.pl\/wp-content\/uploads\/2025\/08\/tour-de-pologne0010.jpg 1x, https:\/\/sowinskifoto.pl\/wp-content\/uploads\/2025\/08\/tour-de-pologne0010.jpg 2x\" src=\"https:\/\/i0.wp.com\/sowinskifoto.pl\/wp-content\/uploads\/2025\/08\/tour-de-pologne0010.jpg?ssl=1\" alt=\"\" title=\"Tour de Pologne w Gminie Jab\u0142onka\" draggable=\"false\" loading=\"lazy\"><\/picture><\/a><\/div>\n<\/div>\n<div class=\"brz-image__gallery-item\">\n<div class=\"brz-image brz-css-niwyq1 brz-css-15uhdkk\" data-brz-custom-id=\"dsSnaxuXae3z\"><a class=\"brz-a\" href=\"https:\/\/i0.wp.com\/sowinskifoto.pl\/wp-content\/uploads\/2025\/08\/tour-de-pologne0011.jpg?ssl=1\" target=\"_self\" rel=\"noopener\" data-brz-link-type=\"lightBox\"><picture class=\"brz-picture brz-d-block brz-p-relative brz-css-1uvs44m brz-css-1ub5hyk\"><source srcset=\"https:\/\/sowinskifoto.pl\/wp-content\/uploads\/2025\/08\/tour-de-pologne0011.jpg 1x, https:\/\/sowinskifoto.pl\/wp-content\/uploads\/2025\/08\/tour-de-pologne0011.jpg 2x\" media=\"(min-width: 992px)\"><source srcset=\"https:\/\/sowinskifoto.pl\/wp-content\/uploads\/2025\/08\/tour-de-pologne0011.jpg 1x, https:\/\/sowinskifoto.pl\/wp-content\/uploads\/2025\/08\/tour-de-pologne0011.jpg 2x\" media=\"(min-width: 768px)\"><img data-recalc-dims=\"1\" decoding=\"async\" class=\"brz-img\" srcset=\"https:\/\/sowinskifoto.pl\/wp-content\/uploads\/2025\/08\/tour-de-pologne0011.jpg 1x, https:\/\/sowinskifoto.pl\/wp-content\/uploads\/2025\/08\/tour-de-pologne0011.jpg 2x\" src=\"https:\/\/i0.wp.com\/sowinskifoto.pl\/wp-content\/uploads\/2025\/08\/tour-de-pologne0011.jpg?ssl=1\" alt=\"\" title=\"Tour de Pologne w Gminie Jab\u0142onka\" draggable=\"false\" loading=\"lazy\"><\/picture><\/a><\/div>\n<\/div>\n<div class=\"brz-image__gallery-item\">\n<div class=\"brz-image brz-css-gwqui5 brz-css-1wa35mc\" data-brz-custom-id=\"rcyiPsrp9tVh\"><a class=\"brz-a\" href=\"https:\/\/i0.wp.com\/sowinskifoto.pl\/wp-content\/uploads\/2025\/08\/tour-de-pologne0012.jpg?ssl=1\" target=\"_self\" rel=\"noopener\" data-brz-link-type=\"lightBox\"><picture class=\"brz-picture brz-d-block brz-p-relative brz-css-1sqq2s9 brz-css-1itymgv\"><source srcset=\"https:\/\/sowinskifoto.pl\/wp-content\/uploads\/2025\/08\/tour-de-pologne0012.jpg 1x, https:\/\/sowinskifoto.pl\/wp-content\/uploads\/2025\/08\/tour-de-pologne0012.jpg 2x\" media=\"(min-width: 992px)\"><source srcset=\"https:\/\/sowinskifoto.pl\/wp-content\/uploads\/2025\/08\/tour-de-pologne0012.jpg 1x, https:\/\/sowinskifoto.pl\/wp-content\/uploads\/2025\/08\/tour-de-pologne0012.jpg 2x\" media=\"(min-width: 768px)\"><img data-recalc-dims=\"1\" decoding=\"async\" class=\"brz-img\" srcset=\"https:\/\/sowinskifoto.pl\/wp-content\/uploads\/2025\/08\/tour-de-pologne0012.jpg 1x, https:\/\/sowinskifoto.pl\/wp-content\/uploads\/2025\/08\/tour-de-pologne0012.jpg 2x\" src=\"https:\/\/i0.wp.com\/sowinskifoto.pl\/wp-content\/uploads\/2025\/08\/tour-de-pologne0012.jpg?ssl=1\" alt=\"\" title=\"Tour de Pologne w Gminie Jab\u0142onka\" draggable=\"false\" loading=\"lazy\"><\/picture><\/a><\/div>\n<\/div>\n<div class=\"brz-image__gallery-item\">\n<div class=\"brz-image brz-css-yme5qy brz-css-1nizugz\" data-brz-custom-id=\"zrJ5BvnLxysP\"><a class=\"brz-a\" href=\"https:\/\/i0.wp.com\/sowinskifoto.pl\/wp-content\/uploads\/2025\/08\/tour-de-pologne0013.jpg?ssl=1\" target=\"_self\" rel=\"noopener\" data-brz-link-type=\"lightBox\"><picture class=\"brz-picture brz-d-block brz-p-relative brz-css-1bc7i18 brz-css-987mfw\"><source srcset=\"https:\/\/sowinskifoto.pl\/wp-content\/uploads\/2025\/08\/tour-de-pologne0013.jpg 1x, https:\/\/sowinskifoto.pl\/wp-content\/uploads\/2025\/08\/tour-de-pologne0013.jpg 2x\" media=\"(min-width: 992px)\"><source srcset=\"https:\/\/sowinskifoto.pl\/wp-content\/uploads\/2025\/08\/tour-de-pologne0013.jpg 1x, https:\/\/sowinskifoto.pl\/wp-content\/uploads\/2025\/08\/tour-de-pologne0013.jpg 2x\" media=\"(min-width: 768px)\"><img data-recalc-dims=\"1\" decoding=\"async\" class=\"brz-img\" srcset=\"https:\/\/sowinskifoto.pl\/wp-content\/uploads\/2025\/08\/tour-de-pologne0013.jpg 1x, https:\/\/sowinskifoto.pl\/wp-content\/uploads\/2025\/08\/tour-de-pologne0013.jpg 2x\" src=\"https:\/\/i0.wp.com\/sowinskifoto.pl\/wp-content\/uploads\/2025\/08\/tour-de-pologne0013.jpg?ssl=1\" alt=\"\" title=\"Tour de Pologne w Gminie Jab\u0142onka\" draggable=\"false\" loading=\"lazy\"><\/picture><\/a><\/div>\n<\/div>\n<div class=\"brz-image__gallery-item\">\n<div class=\"brz-image brz-css-trt5kn brz-css-2lwgy6\" data-brz-custom-id=\"jqf7uSpD__Xa\"><a class=\"brz-a\" href=\"https:\/\/i0.wp.com\/sowinskifoto.pl\/wp-content\/uploads\/2025\/08\/tour-de-pologne0014.jpg?ssl=1\" target=\"_self\" rel=\"noopener\" data-brz-link-type=\"lightBox\"><picture class=\"brz-picture brz-d-block brz-p-relative brz-css-1384x8 brz-css-e16v94\"><source srcset=\"https:\/\/sowinskifoto.pl\/wp-content\/uploads\/2025\/08\/tour-de-pologne0014.jpg 1x, https:\/\/sowinskifoto.pl\/wp-content\/uploads\/2025\/08\/tour-de-pologne0014.jpg 2x\" media=\"(min-width: 992px)\"><source srcset=\"https:\/\/sowinskifoto.pl\/wp-content\/uploads\/2025\/08\/tour-de-pologne0014.jpg 1x, https:\/\/sowinskifoto.pl\/wp-content\/uploads\/2025\/08\/tour-de-pologne0014.jpg 2x\" media=\"(min-width: 768px)\"><img data-recalc-dims=\"1\" decoding=\"async\" class=\"brz-img\" srcset=\"https:\/\/sowinskifoto.pl\/wp-content\/uploads\/2025\/08\/tour-de-pologne0014.jpg 1x, https:\/\/sowinskifoto.pl\/wp-content\/uploads\/2025\/08\/tour-de-pologne0014.jpg 2x\" src=\"https:\/\/i0.wp.com\/sowinskifoto.pl\/wp-content\/uploads\/2025\/08\/tour-de-pologne0014.jpg?ssl=1\" alt=\"\" title=\"Tour de Pologne w Gminie Jab\u0142onka\" draggable=\"false\" loading=\"lazy\"><\/picture><\/a><\/div>\n<\/div>\n<div class=\"brz-image__gallery-item\">\n<div class=\"brz-image brz-css-je23n brz-css-16pxn92\" data-brz-custom-id=\"sdPbzaBtTTrt\"><a class=\"brz-a\" href=\"https:\/\/i0.wp.com\/sowinskifoto.pl\/wp-content\/uploads\/2025\/08\/tour-de-pologne0015.jpg?ssl=1\" target=\"_self\" rel=\"noopener\" data-brz-link-type=\"lightBox\"><picture class=\"brz-picture brz-d-block brz-p-relative brz-css-15269wl brz-css-by4c06\"><source srcset=\"https:\/\/sowinskifoto.pl\/wp-content\/uploads\/2025\/08\/tour-de-pologne0015.jpg 1x, https:\/\/sowinskifoto.pl\/wp-content\/uploads\/2025\/08\/tour-de-pologne0015.jpg 2x\" media=\"(min-width: 992px)\"><source srcset=\"https:\/\/sowinskifoto.pl\/wp-content\/uploads\/2025\/08\/tour-de-pologne0015.jpg 1x, https:\/\/sowinskifoto.pl\/wp-content\/uploads\/2025\/08\/tour-de-pologne0015.jpg 2x\" media=\"(min-width: 768px)\"><img data-recalc-dims=\"1\" decoding=\"async\" class=\"brz-img\" srcset=\"https:\/\/sowinskifoto.pl\/wp-content\/uploads\/2025\/08\/tour-de-pologne0015.jpg 1x, https:\/\/sowinskifoto.pl\/wp-content\/uploads\/2025\/08\/tour-de-pologne0015.jpg 2x\" src=\"https:\/\/i0.wp.com\/sowinskifoto.pl\/wp-content\/uploads\/2025\/08\/tour-de-pologne0015.jpg?ssl=1\" alt=\"\" title=\"Tour de Pologne w Gminie Jab\u0142onka\" draggable=\"false\" loading=\"lazy\"><\/picture><\/a><\/div>\n<\/div>\n<div class=\"brz-image__gallery-item\">\n<div class=\"brz-image brz-css-126nrrt brz-css-8oat54\" data-brz-custom-id=\"t1pREjFBV9ns\"><a class=\"brz-a\" href=\"https:\/\/i0.wp.com\/sowinskifoto.pl\/wp-content\/uploads\/2025\/08\/tour-de-pologne0016.jpg?ssl=1\" target=\"_self\" rel=\"noopener\" data-brz-link-type=\"lightBox\"><picture class=\"brz-picture brz-d-block brz-p-relative brz-css-11ux0md brz-css-1hiirqn\"><source srcset=\"https:\/\/sowinskifoto.pl\/wp-content\/uploads\/2025\/08\/tour-de-pologne0016.jpg 1x, https:\/\/sowinskifoto.pl\/wp-content\/uploads\/2025\/08\/tour-de-pologne0016.jpg 2x\" media=\"(min-width: 992px)\"><source srcset=\"https:\/\/sowinskifoto.pl\/wp-content\/uploads\/2025\/08\/tour-de-pologne0016.jpg 1x, https:\/\/sowinskifoto.pl\/wp-content\/uploads\/2025\/08\/tour-de-pologne0016.jpg 2x\" media=\"(min-width: 768px)\"><img data-recalc-dims=\"1\" decoding=\"async\" class=\"brz-img\" srcset=\"https:\/\/sowinskifoto.pl\/wp-content\/uploads\/2025\/08\/tour-de-pologne0016.jpg 1x, https:\/\/sowinskifoto.pl\/wp-content\/uploads\/2025\/08\/tour-de-pologne0016.jpg 2x\" src=\"https:\/\/i0.wp.com\/sowinskifoto.pl\/wp-content\/uploads\/2025\/08\/tour-de-pologne0016.jpg?ssl=1\" alt=\"\" title=\"Tour de Pologne w Gminie Jab\u0142onka\" draggable=\"false\" loading=\"lazy\"><\/picture><\/a><\/div>\n<\/div>\n<div class=\"brz-image__gallery-item\">\n<div class=\"brz-image brz-css-kzzd1z brz-css-1nom14w\" data-brz-custom-id=\"tMZaXA_3xF_b\"><a class=\"brz-a\" href=\"https:\/\/i0.wp.com\/sowinskifoto.pl\/wp-content\/uploads\/2025\/08\/tour-de-pologne0017.jpg?ssl=1\" target=\"_self\" rel=\"noopener\" data-brz-link-type=\"lightBox\"><picture class=\"brz-picture brz-d-block brz-p-relative brz-css-19dfr6z brz-css-zbmfig\"><source srcset=\"https:\/\/sowinskifoto.pl\/wp-content\/uploads\/2025\/08\/tour-de-pologne0017.jpg 1x, https:\/\/sowinskifoto.pl\/wp-content\/uploads\/2025\/08\/tour-de-pologne0017.jpg 2x\" media=\"(min-width: 992px)\"><source srcset=\"https:\/\/sowinskifoto.pl\/wp-content\/uploads\/2025\/08\/tour-de-pologne0017.jpg 1x, https:\/\/sowinskifoto.pl\/wp-content\/uploads\/2025\/08\/tour-de-pologne0017.jpg 2x\" media=\"(min-width: 768px)\"><img data-recalc-dims=\"1\" decoding=\"async\" class=\"brz-img\" srcset=\"https:\/\/sowinskifoto.pl\/wp-content\/uploads\/2025\/08\/tour-de-pologne0017.jpg 1x, https:\/\/sowinskifoto.pl\/wp-content\/uploads\/2025\/08\/tour-de-pologne0017.jpg 2x\" src=\"https:\/\/i0.wp.com\/sowinskifoto.pl\/wp-content\/uploads\/2025\/08\/tour-de-pologne0017.jpg?ssl=1\" alt=\"\" title=\"Tour de Pologne w Gminie Jab\u0142onka\" draggable=\"false\" loading=\"lazy\"><\/picture><\/a><\/div>\n<\/div>\n<div class=\"brz-image__gallery-item\">\n<div class=\"brz-image brz-css-15qeu9h brz-css-1pkkokf\" data-brz-custom-id=\"hvBdY1uAUB1d\"><a class=\"brz-a\" href=\"https:\/\/i0.wp.com\/sowinskifoto.pl\/wp-content\/uploads\/2025\/08\/tour-de-pologne0018.jpg?ssl=1\" target=\"_self\" rel=\"noopener\" data-brz-link-type=\"lightBox\"><picture class=\"brz-picture brz-d-block brz-p-relative brz-css-qz64dr brz-css-ma6b88\"><source srcset=\"https:\/\/sowinskifoto.pl\/wp-content\/uploads\/2025\/08\/tour-de-pologne0018.jpg 1x, https:\/\/sowinskifoto.pl\/wp-content\/uploads\/2025\/08\/tour-de-pologne0018.jpg 2x\" media=\"(min-width: 992px)\"><source srcset=\"https:\/\/sowinskifoto.pl\/wp-content\/uploads\/2025\/08\/tour-de-pologne0018.jpg 1x, https:\/\/sowinskifoto.pl\/wp-content\/uploads\/2025\/08\/tour-de-pologne0018.jpg 2x\" media=\"(min-width: 768px)\"><img data-recalc-dims=\"1\" decoding=\"async\" class=\"brz-img\" srcset=\"https:\/\/sowinskifoto.pl\/wp-content\/uploads\/2025\/08\/tour-de-pologne0018.jpg 1x, https:\/\/sowinskifoto.pl\/wp-content\/uploads\/2025\/08\/tour-de-pologne0018.jpg 2x\" src=\"https:\/\/i0.wp.com\/sowinskifoto.pl\/wp-content\/uploads\/2025\/08\/tour-de-pologne0018.jpg?ssl=1\" alt=\"\" title=\"Tour de Pologne w Gminie Jab\u0142onka\" draggable=\"false\" loading=\"lazy\"><\/picture><\/a><\/div>\n<\/div>\n<div class=\"brz-image__gallery-item\">\n<div class=\"brz-image brz-css-1mf5vp4 brz-css-1vjm5ob\" data-brz-custom-id=\"ogiwJpsFs_ME\"><a class=\"brz-a\" href=\"https:\/\/i0.wp.com\/sowinskifoto.pl\/wp-content\/uploads\/2025\/08\/tour-de-pologne0019.jpg?ssl=1\" target=\"_self\" rel=\"noopener\" data-brz-link-type=\"lightBox\"><picture class=\"brz-picture brz-d-block brz-p-relative brz-css-sf1pme brz-css-1wlckls\"><source srcset=\"https:\/\/sowinskifoto.pl\/wp-content\/uploads\/2025\/08\/tour-de-pologne0019.jpg 1x, https:\/\/sowinskifoto.pl\/wp-content\/uploads\/2025\/08\/tour-de-pologne0019.jpg 2x\" media=\"(min-width: 992px)\"><source srcset=\"https:\/\/sowinskifoto.pl\/wp-content\/uploads\/2025\/08\/tour-de-pologne0019.jpg 1x, https:\/\/sowinskifoto.pl\/wp-content\/uploads\/2025\/08\/tour-de-pologne0019.jpg 2x\" media=\"(min-width: 768px)\"><img data-recalc-dims=\"1\" decoding=\"async\" class=\"brz-img\" srcset=\"https:\/\/sowinskifoto.pl\/wp-content\/uploads\/2025\/08\/tour-de-pologne0019.jpg 1x, https:\/\/sowinskifoto.pl\/wp-content\/uploads\/2025\/08\/tour-de-pologne0019.jpg 2x\" src=\"https:\/\/i0.wp.com\/sowinskifoto.pl\/wp-content\/uploads\/2025\/08\/tour-de-pologne0019.jpg?ssl=1\" alt=\"\" title=\"Tour de Pologne w Gminie Jab\u0142onka\" draggable=\"false\" loading=\"lazy\"><\/picture><\/a><\/div>\n<\/div>\n<div class=\"brz-image__gallery-item\">\n<div class=\"brz-image brz-css-64zjf8 brz-css-1w2lits\" data-brz-custom-id=\"y8dv4PqvgpL6\"><a class=\"brz-a\" href=\"https:\/\/i0.wp.com\/sowinskifoto.pl\/wp-content\/uploads\/2025\/08\/tour-de-pologne0020.jpg?ssl=1\" target=\"_self\" rel=\"noopener\" data-brz-link-type=\"lightBox\"><picture class=\"brz-picture brz-d-block brz-p-relative brz-css-kxng9c brz-css-1p3wt1t\"><source srcset=\"https:\/\/sowinskifoto.pl\/wp-content\/uploads\/2025\/08\/tour-de-pologne0020.jpg 1x, https:\/\/sowinskifoto.pl\/wp-content\/uploads\/2025\/08\/tour-de-pologne0020.jpg 2x\" media=\"(min-width: 992px)\"><source srcset=\"https:\/\/sowinskifoto.pl\/wp-content\/uploads\/2025\/08\/tour-de-pologne0020.jpg 1x, https:\/\/sowinskifoto.pl\/wp-content\/uploads\/2025\/08\/tour-de-pologne0020.jpg 2x\" media=\"(min-width: 768px)\"><img data-recalc-dims=\"1\" decoding=\"async\" class=\"brz-img\" srcset=\"https:\/\/sowinskifoto.pl\/wp-content\/uploads\/2025\/08\/tour-de-pologne0020.jpg 1x, https:\/\/sowinskifoto.pl\/wp-content\/uploads\/2025\/08\/tour-de-pologne0020.jpg 2x\" src=\"https:\/\/i0.wp.com\/sowinskifoto.pl\/wp-content\/uploads\/2025\/08\/tour-de-pologne0020.jpg?ssl=1\" alt=\"\" title=\"Tour de Pologne w Gminie Jab\u0142onka\" draggable=\"false\" loading=\"lazy\"><\/picture><\/a><\/div>\n<\/div>\n<div class=\"brz-image__gallery-item\">\n<div class=\"brz-image brz-css-1wr1efb brz-css-1aicumg\" data-brz-custom-id=\"wzLtODPKdSnE\"><a class=\"brz-a\" href=\"https:\/\/i0.wp.com\/sowinskifoto.pl\/wp-content\/uploads\/2025\/08\/tour-de-pologne0021.jpg?ssl=1\" target=\"_self\" rel=\"noopener\" data-brz-link-type=\"lightBox\"><picture class=\"brz-picture brz-d-block brz-p-relative brz-css-1024amy brz-css-hfpjbm\"><source srcset=\"https:\/\/sowinskifoto.pl\/wp-content\/uploads\/2025\/08\/tour-de-pologne0021.jpg 1x, https:\/\/sowinskifoto.pl\/wp-content\/uploads\/2025\/08\/tour-de-pologne0021.jpg 2x\" media=\"(min-width: 992px)\"><source srcset=\"https:\/\/sowinskifoto.pl\/wp-content\/uploads\/2025\/08\/tour-de-pologne0021.jpg 1x, https:\/\/sowinskifoto.pl\/wp-content\/uploads\/2025\/08\/tour-de-pologne0021.jpg 2x\" media=\"(min-width: 768px)\"><img data-recalc-dims=\"1\" decoding=\"async\" class=\"brz-img\" srcset=\"https:\/\/sowinskifoto.pl\/wp-content\/uploads\/2025\/08\/tour-de-pologne0021.jpg 1x, https:\/\/sowinskifoto.pl\/wp-content\/uploads\/2025\/08\/tour-de-pologne0021.jpg 2x\" src=\"https:\/\/i0.wp.com\/sowinskifoto.pl\/wp-content\/uploads\/2025\/08\/tour-de-pologne0021.jpg?ssl=1\" alt=\"\" title=\"Tour de Pologne w Gminie Jab\u0142onka\" draggable=\"false\" loading=\"lazy\"><\/picture><\/a><\/div>\n<\/div>\n<div class=\"brz-image__gallery-item\">\n<div class=\"brz-image brz-css-9vex1l brz-css-1vz8d0i\" data-brz-custom-id=\"cUOeQQ8ed6RQ\"><a class=\"brz-a\" href=\"https:\/\/i0.wp.com\/sowinskifoto.pl\/wp-content\/uploads\/2025\/08\/tour-de-pologne0022.jpg?ssl=1\" target=\"_self\" rel=\"noopener\" data-brz-link-type=\"lightBox\"><picture class=\"brz-picture brz-d-block brz-p-relative brz-css-1kupv4d brz-css-f6e3z4\"><source srcset=\"https:\/\/sowinskifoto.pl\/wp-content\/uploads\/2025\/08\/tour-de-pologne0022.jpg 1x, https:\/\/sowinskifoto.pl\/wp-content\/uploads\/2025\/08\/tour-de-pologne0022.jpg 2x\" media=\"(min-width: 992px)\"><source srcset=\"https:\/\/sowinskifoto.pl\/wp-content\/uploads\/2025\/08\/tour-de-pologne0022.jpg 1x, https:\/\/sowinskifoto.pl\/wp-content\/uploads\/2025\/08\/tour-de-pologne0022.jpg 2x\" media=\"(min-width: 768px)\"><img data-recalc-dims=\"1\" decoding=\"async\" class=\"brz-img\" srcset=\"https:\/\/sowinskifoto.pl\/wp-content\/uploads\/2025\/08\/tour-de-pologne0022.jpg 1x, https:\/\/sowinskifoto.pl\/wp-content\/uploads\/2025\/08\/tour-de-pologne0022.jpg 2x\" src=\"https:\/\/i0.wp.com\/sowinskifoto.pl\/wp-content\/uploads\/2025\/08\/tour-de-pologne0022.jpg?ssl=1\" alt=\"\" title=\"Tour de Pologne w Gminie Jab\u0142onka\" draggable=\"false\" loading=\"lazy\"><\/picture><\/a><\/div>\n<\/div>\n<div class=\"brz-image__gallery-item\">\n<div class=\"brz-image brz-css-bfs0gw brz-css-coi6us\" data-brz-custom-id=\"nLYtICR2cRE3\"><a class=\"brz-a\" href=\"https:\/\/i0.wp.com\/sowinskifoto.pl\/wp-content\/uploads\/2025\/08\/tour-de-pologne0023.jpg?ssl=1\" target=\"_self\" rel=\"noopener\" data-brz-link-type=\"lightBox\"><picture class=\"brz-picture brz-d-block brz-p-relative brz-css-wzjxww brz-css-1iqcbpa\"><source srcset=\"https:\/\/sowinskifoto.pl\/wp-content\/uploads\/2025\/08\/tour-de-pologne0023.jpg 1x, https:\/\/sowinskifoto.pl\/wp-content\/uploads\/2025\/08\/tour-de-pologne0023.jpg 2x\" media=\"(min-width: 992px)\"><source srcset=\"https:\/\/sowinskifoto.pl\/wp-content\/uploads\/2025\/08\/tour-de-pologne0023.jpg 1x, https:\/\/sowinskifoto.pl\/wp-content\/uploads\/2025\/08\/tour-de-pologne0023.jpg 2x\" media=\"(min-width: 768px)\"><img data-recalc-dims=\"1\" decoding=\"async\" class=\"brz-img\" srcset=\"https:\/\/sowinskifoto.pl\/wp-content\/uploads\/2025\/08\/tour-de-pologne0023.jpg 1x, https:\/\/sowinskifoto.pl\/wp-content\/uploads\/2025\/08\/tour-de-pologne0023.jpg 2x\" src=\"https:\/\/i0.wp.com\/sowinskifoto.pl\/wp-content\/uploads\/2025\/08\/tour-de-pologne0023.jpg?ssl=1\" alt=\"\" title=\"Tour de Pologne w Gminie Jab\u0142onka\" draggable=\"false\" loading=\"lazy\"><\/picture><\/a><\/div>\n<\/div>\n<div class=\"brz-image__gallery-item\">\n<div class=\"brz-image brz-css-a50wxz brz-css-1nse2z7\" data-brz-custom-id=\"jMUu1OMnVjdF\"><a class=\"brz-a\" href=\"https:\/\/i0.wp.com\/sowinskifoto.pl\/wp-content\/uploads\/2025\/08\/tour-de-pologne0024.jpg?ssl=1\" target=\"_self\" rel=\"noopener\" data-brz-link-type=\"lightBox\"><picture class=\"brz-picture brz-d-block brz-p-relative brz-css-1xr3mg5 brz-css-1c3et11\"><source srcset=\"https:\/\/sowinskifoto.pl\/wp-content\/uploads\/2025\/08\/tour-de-pologne0024.jpg 1x, https:\/\/sowinskifoto.pl\/wp-content\/uploads\/2025\/08\/tour-de-pologne0024.jpg 2x\" media=\"(min-width: 992px)\"><source srcset=\"https:\/\/sowinskifoto.pl\/wp-content\/uploads\/2025\/08\/tour-de-pologne0024.jpg 1x, https:\/\/sowinskifoto.pl\/wp-content\/uploads\/2025\/08\/tour-de-pologne0024.jpg 2x\" media=\"(min-width: 768px)\"><img data-recalc-dims=\"1\" decoding=\"async\" class=\"brz-img\" srcset=\"https:\/\/sowinskifoto.pl\/wp-content\/uploads\/2025\/08\/tour-de-pologne0024.jpg 1x, https:\/\/sowinskifoto.pl\/wp-content\/uploads\/2025\/08\/tour-de-pologne0024.jpg 2x\" src=\"https:\/\/i0.wp.com\/sowinskifoto.pl\/wp-content\/uploads\/2025\/08\/tour-de-pologne0024.jpg?ssl=1\" alt=\"\" title=\"Tour de Pologne w Gminie Jab\u0142onka\" draggable=\"false\" loading=\"lazy\"><\/picture><\/a><\/div>\n<\/div>\n<div class=\"brz-image__gallery-item\">\n<div class=\"brz-image brz-css-cxby3f brz-css-17ajw9e\" data-brz-custom-id=\"sdIW3mgykyRl\"><a class=\"brz-a\" href=\"https:\/\/i0.wp.com\/sowinskifoto.pl\/wp-content\/uploads\/2025\/08\/tour-de-pologne0025.jpg?ssl=1\" target=\"_self\" rel=\"noopener\" data-brz-link-type=\"lightBox\"><picture class=\"brz-picture brz-d-block brz-p-relative brz-css-67z1om brz-css-1wc2tx4\"><source srcset=\"https:\/\/sowinskifoto.pl\/wp-content\/uploads\/2025\/08\/tour-de-pologne0025.jpg 1x, https:\/\/sowinskifoto.pl\/wp-content\/uploads\/2025\/08\/tour-de-pologne0025.jpg 2x\" media=\"(min-width: 992px)\"><source srcset=\"https:\/\/sowinskifoto.pl\/wp-content\/uploads\/2025\/08\/tour-de-pologne0025.jpg 1x, https:\/\/sowinskifoto.pl\/wp-content\/uploads\/2025\/08\/tour-de-pologne0025.jpg 2x\" media=\"(min-width: 768px)\"><img data-recalc-dims=\"1\" decoding=\"async\" class=\"brz-img\" srcset=\"https:\/\/sowinskifoto.pl\/wp-content\/uploads\/2025\/08\/tour-de-pologne0025.jpg 1x, https:\/\/sowinskifoto.pl\/wp-content\/uploads\/2025\/08\/tour-de-pologne0025.jpg 2x\" src=\"https:\/\/i0.wp.com\/sowinskifoto.pl\/wp-content\/uploads\/2025\/08\/tour-de-pologne0025.jpg?ssl=1\" alt=\"\" title=\"Tour de Pologne w Gminie Jab\u0142onka\" draggable=\"false\" loading=\"lazy\"><\/picture><\/a><\/div>\n<\/div>\n<div class=\"brz-image__gallery-item\">\n<div class=\"brz-image brz-css-1vav3lj brz-css-1b27v7d\" data-brz-custom-id=\"oHGXhqzoErau\"><a class=\"brz-a\" href=\"https:\/\/i0.wp.com\/sowinskifoto.pl\/wp-content\/uploads\/2025\/08\/tour-de-pologne0026.jpg?ssl=1\" target=\"_self\" rel=\"noopener\" data-brz-link-type=\"lightBox\"><picture class=\"brz-picture brz-d-block brz-p-relative brz-css-1k0rtkn brz-css-9ml5s2\"><source srcset=\"https:\/\/sowinskifoto.pl\/wp-content\/uploads\/2025\/08\/tour-de-pologne0026.jpg 1x, https:\/\/sowinskifoto.pl\/wp-content\/uploads\/2025\/08\/tour-de-pologne0026.jpg 2x\" media=\"(min-width: 992px)\"><source srcset=\"https:\/\/sowinskifoto.pl\/wp-content\/uploads\/2025\/08\/tour-de-pologne0026.jpg 1x, https:\/\/sowinskifoto.pl\/wp-content\/uploads\/2025\/08\/tour-de-pologne0026.jpg 2x\" media=\"(min-width: 768px)\"><img data-recalc-dims=\"1\" decoding=\"async\" class=\"brz-img\" srcset=\"https:\/\/sowinskifoto.pl\/wp-content\/uploads\/2025\/08\/tour-de-pologne0026.jpg 1x, https:\/\/sowinskifoto.pl\/wp-content\/uploads\/2025\/08\/tour-de-pologne0026.jpg 2x\" src=\"https:\/\/i0.wp.com\/sowinskifoto.pl\/wp-content\/uploads\/2025\/08\/tour-de-pologne0026.jpg?ssl=1\" alt=\"\" title=\"Tour de Pologne w Gminie Jab\u0142onka\" draggable=\"false\" loading=\"lazy\"><\/picture><\/a><\/div>\n<\/div>\n<div class=\"brz-image__gallery-item\">\n<div class=\"brz-image brz-css-tig1b7 brz-css-njl66n\" data-brz-custom-id=\"dgJ5kEvG8Ang\"><a class=\"brz-a\" href=\"https:\/\/i0.wp.com\/sowinskifoto.pl\/wp-content\/uploads\/2025\/08\/tour-de-pologne0027.jpg?ssl=1\" target=\"_self\" rel=\"noopener\" data-brz-link-type=\"lightBox\"><picture class=\"brz-picture brz-d-block brz-p-relative brz-css-2ggang brz-css-1t6srxr\"><source srcset=\"https:\/\/sowinskifoto.pl\/wp-content\/uploads\/2025\/08\/tour-de-pologne0027.jpg 1x, https:\/\/sowinskifoto.pl\/wp-content\/uploads\/2025\/08\/tour-de-pologne0027.jpg 2x\" media=\"(min-width: 992px)\"><source srcset=\"https:\/\/sowinskifoto.pl\/wp-content\/uploads\/2025\/08\/tour-de-pologne0027.jpg 1x, https:\/\/sowinskifoto.pl\/wp-content\/uploads\/2025\/08\/tour-de-pologne0027.jpg 2x\" media=\"(min-width: 768px)\"><img data-recalc-dims=\"1\" decoding=\"async\" class=\"brz-img\" srcset=\"https:\/\/sowinskifoto.pl\/wp-content\/uploads\/2025\/08\/tour-de-pologne0027.jpg 1x, https:\/\/sowinskifoto.pl\/wp-content\/uploads\/2025\/08\/tour-de-pologne0027.jpg 2x\" src=\"https:\/\/i0.wp.com\/sowinskifoto.pl\/wp-content\/uploads\/2025\/08\/tour-de-pologne0027.jpg?ssl=1\" alt=\"\" title=\"Tour de Pologne w Gminie Jab\u0142onka\" draggable=\"false\" loading=\"lazy\"><\/picture><\/a><\/div>\n<\/div>\n<div class=\"brz-image__gallery-item\">\n<div class=\"brz-image brz-css-kq3vlu brz-css-1bwo4ru\" data-brz-custom-id=\"wYzz0siHnjWh\"><a class=\"brz-a\" href=\"https:\/\/i0.wp.com\/sowinskifoto.pl\/wp-content\/uploads\/2025\/08\/tour-de-pologne0028.jpg?ssl=1\" target=\"_self\" rel=\"noopener\" data-brz-link-type=\"lightBox\"><picture class=\"brz-picture brz-d-block brz-p-relative brz-css-6uyl7v brz-css-14pdg46\"><source srcset=\"https:\/\/sowinskifoto.pl\/wp-content\/uploads\/2025\/08\/tour-de-pologne0028.jpg 1x, https:\/\/sowinskifoto.pl\/wp-content\/uploads\/2025\/08\/tour-de-pologne0028.jpg 2x\" media=\"(min-width: 992px)\"><source srcset=\"https:\/\/sowinskifoto.pl\/wp-content\/uploads\/2025\/08\/tour-de-pologne0028.jpg 1x, https:\/\/sowinskifoto.pl\/wp-content\/uploads\/2025\/08\/tour-de-pologne0028.jpg 2x\" media=\"(min-width: 768px)\"><img data-recalc-dims=\"1\" decoding=\"async\" class=\"brz-img\" srcset=\"https:\/\/sowinskifoto.pl\/wp-content\/uploads\/2025\/08\/tour-de-pologne0028.jpg 1x, https:\/\/sowinskifoto.pl\/wp-content\/uploads\/2025\/08\/tour-de-pologne0028.jpg 2x\" src=\"https:\/\/i0.wp.com\/sowinskifoto.pl\/wp-content\/uploads\/2025\/08\/tour-de-pologne0028.jpg?ssl=1\" alt=\"\" title=\"Tour de Pologne w Gminie Jab\u0142onka\" draggable=\"false\" loading=\"lazy\"><\/picture><\/a><\/div>\n<\/div>\n<div class=\"brz-image__gallery-item\">\n<div class=\"brz-image brz-css-cf7tru brz-css-1eakwr7\" data-brz-custom-id=\"ijwLiiz4BmAX\"><a class=\"brz-a\" href=\"https:\/\/i0.wp.com\/sowinskifoto.pl\/wp-content\/uploads\/2025\/08\/tour-de-pologne0029.jpg?ssl=1\" target=\"_self\" rel=\"noopener\" data-brz-link-type=\"lightBox\"><picture class=\"brz-picture brz-d-block brz-p-relative brz-css-as81ub brz-css-1dh7yoz\"><source srcset=\"https:\/\/sowinskifoto.pl\/wp-content\/uploads\/2025\/08\/tour-de-pologne0029.jpg 1x, https:\/\/sowinskifoto.pl\/wp-content\/uploads\/2025\/08\/tour-de-pologne0029.jpg 2x\" media=\"(min-width: 992px)\"><source srcset=\"https:\/\/sowinskifoto.pl\/wp-content\/uploads\/2025\/08\/tour-de-pologne0029.jpg 1x, https:\/\/sowinskifoto.pl\/wp-content\/uploads\/2025\/08\/tour-de-pologne0029.jpg 2x\" media=\"(min-width: 768px)\"><img data-recalc-dims=\"1\" decoding=\"async\" class=\"brz-img\" srcset=\"https:\/\/sowinskifoto.pl\/wp-content\/uploads\/2025\/08\/tour-de-pologne0029.jpg 1x, https:\/\/sowinskifoto.pl\/wp-content\/uploads\/2025\/08\/tour-de-pologne0029.jpg 2x\" src=\"https:\/\/i0.wp.com\/sowinskifoto.pl\/wp-content\/uploads\/2025\/08\/tour-de-pologne0029.jpg?ssl=1\" alt=\"\" title=\"Tour de Pologne w Gminie Jab\u0142onka\" draggable=\"false\" loading=\"lazy\"><\/picture><\/a><\/div>\n<\/div>\n<div class=\"brz-image__gallery-item\">\n<div class=\"brz-image brz-css-11sps9b brz-css-1ty9nnp\" data-brz-custom-id=\"iJMSEvchcGfg\"><a class=\"brz-a\" href=\"https:\/\/i0.wp.com\/sowinskifoto.pl\/wp-content\/uploads\/2025\/08\/tour-de-pologne0030.jpg?ssl=1\" target=\"_self\" rel=\"noopener\" data-brz-link-type=\"lightBox\"><picture class=\"brz-picture brz-d-block brz-p-relative brz-css-4rop6o brz-css-s95oz7\"><source srcset=\"https:\/\/sowinskifoto.pl\/wp-content\/uploads\/2025\/08\/tour-de-pologne0030.jpg 1x, https:\/\/sowinskifoto.pl\/wp-content\/uploads\/2025\/08\/tour-de-pologne0030.jpg 2x\" media=\"(min-width: 992px)\"><source srcset=\"https:\/\/sowinskifoto.pl\/wp-content\/uploads\/2025\/08\/tour-de-pologne0030.jpg 1x, https:\/\/sowinskifoto.pl\/wp-content\/uploads\/2025\/08\/tour-de-pologne0030.jpg 2x\" media=\"(min-width: 768px)\"><img data-recalc-dims=\"1\" decoding=\"async\" class=\"brz-img\" srcset=\"https:\/\/sowinskifoto.pl\/wp-content\/uploads\/2025\/08\/tour-de-pologne0030.jpg 1x, https:\/\/sowinskifoto.pl\/wp-content\/uploads\/2025\/08\/tour-de-pologne0030.jpg 2x\" src=\"https:\/\/i0.wp.com\/sowinskifoto.pl\/wp-content\/uploads\/2025\/08\/tour-de-pologne0030.jpg?ssl=1\" alt=\"\" title=\"Tour de Pologne w Gminie Jab\u0142onka\" draggable=\"false\" loading=\"lazy\"><\/picture><\/a><\/div>\n<\/div>\n<div class=\"brz-image__gallery-item\">\n<div class=\"brz-image brz-css-yjhxrm brz-css-1dsmf4j\" data-brz-custom-id=\"dJqfDLQAggFM\"><a class=\"brz-a\" href=\"https:\/\/i0.wp.com\/sowinskifoto.pl\/wp-content\/uploads\/2025\/08\/tour-de-pologne0031.jpg?ssl=1\" target=\"_self\" rel=\"noopener\" data-brz-link-type=\"lightBox\"><picture class=\"brz-picture brz-d-block brz-p-relative brz-css-1wintma brz-css-rb1r22\"><source srcset=\"https:\/\/sowinskifoto.pl\/wp-content\/uploads\/2025\/08\/tour-de-pologne0031.jpg 1x, https:\/\/sowinskifoto.pl\/wp-content\/uploads\/2025\/08\/tour-de-pologne0031.jpg 2x\" media=\"(min-width: 992px)\"><source srcset=\"https:\/\/sowinskifoto.pl\/wp-content\/uploads\/2025\/08\/tour-de-pologne0031.jpg 1x, https:\/\/sowinskifoto.pl\/wp-content\/uploads\/2025\/08\/tour-de-pologne0031.jpg 2x\" media=\"(min-width: 768px)\"><img data-recalc-dims=\"1\" decoding=\"async\" class=\"brz-img\" srcset=\"https:\/\/sowinskifoto.pl\/wp-content\/uploads\/2025\/08\/tour-de-pologne0031.jpg 1x, https:\/\/sowinskifoto.pl\/wp-content\/uploads\/2025\/08\/tour-de-pologne0031.jpg 2x\" src=\"https:\/\/i0.wp.com\/sowinskifoto.pl\/wp-content\/uploads\/2025\/08\/tour-de-pologne0031.jpg?ssl=1\" alt=\"\" title=\"Tour de Pologne w Gminie Jab\u0142onka\" draggable=\"false\" loading=\"lazy\"><\/picture><\/a><\/div>\n<\/div>\n<div class=\"brz-image__gallery-item\">\n<div class=\"brz-image brz-css-1yj6dce brz-css-tdsgag\" data-brz-custom-id=\"mfnKrfhXfGyT\"><a class=\"brz-a\" href=\"https:\/\/i0.wp.com\/sowinskifoto.pl\/wp-content\/uploads\/2025\/08\/tour-de-pologne0032.jpg?ssl=1\" target=\"_self\" rel=\"noopener\" data-brz-link-type=\"lightBox\"><picture class=\"brz-picture brz-d-block brz-p-relative brz-css-1byo3cc brz-css-11amej8\"><source srcset=\"https:\/\/sowinskifoto.pl\/wp-content\/uploads\/2025\/08\/tour-de-pologne0032.jpg 1x, https:\/\/sowinskifoto.pl\/wp-content\/uploads\/2025\/08\/tour-de-pologne0032.jpg 2x\" media=\"(min-width: 992px)\"><source srcset=\"https:\/\/sowinskifoto.pl\/wp-content\/uploads\/2025\/08\/tour-de-pologne0032.jpg 1x, https:\/\/sowinskifoto.pl\/wp-content\/uploads\/2025\/08\/tour-de-pologne0032.jpg 2x\" media=\"(min-width: 768px)\"><img data-recalc-dims=\"1\" decoding=\"async\" class=\"brz-img\" srcset=\"https:\/\/sowinskifoto.pl\/wp-content\/uploads\/2025\/08\/tour-de-pologne0032.jpg 1x, https:\/\/sowinskifoto.pl\/wp-content\/uploads\/2025\/08\/tour-de-pologne0032.jpg 2x\" src=\"https:\/\/i0.wp.com\/sowinskifoto.pl\/wp-content\/uploads\/2025\/08\/tour-de-pologne0032.jpg?ssl=1\" alt=\"\" title=\"Tour de Pologne w Gminie Jab\u0142onka\" draggable=\"false\" loading=\"lazy\"><\/picture><\/a><\/div>\n<\/div>\n<div class=\"brz-image__gallery-item\">\n<div class=\"brz-image brz-css-s2iyhd brz-css-s2bc8i\" data-brz-custom-id=\"izKeWqtz8qBk\"><a class=\"brz-a\" href=\"https:\/\/i0.wp.com\/sowinskifoto.pl\/wp-content\/uploads\/2025\/08\/tour-de-pologne0033.jpg?ssl=1\" target=\"_self\" rel=\"noopener\" data-brz-link-type=\"lightBox\"><picture class=\"brz-picture brz-d-block brz-p-relative brz-css-1ycz6xx brz-css-9mxxis\"><source srcset=\"https:\/\/sowinskifoto.pl\/wp-content\/uploads\/2025\/08\/tour-de-pologne0033.jpg 1x, https:\/\/sowinskifoto.pl\/wp-content\/uploads\/2025\/08\/tour-de-pologne0033.jpg 2x\" media=\"(min-width: 992px)\"><source srcset=\"https:\/\/sowinskifoto.pl\/wp-content\/uploads\/2025\/08\/tour-de-pologne0033.jpg 1x, https:\/\/sowinskifoto.pl\/wp-content\/uploads\/2025\/08\/tour-de-pologne0033.jpg 2x\" media=\"(min-width: 768px)\"><img data-recalc-dims=\"1\" decoding=\"async\" class=\"brz-img\" srcset=\"https:\/\/sowinskifoto.pl\/wp-content\/uploads\/2025\/08\/tour-de-pologne0033.jpg 1x, https:\/\/sowinskifoto.pl\/wp-content\/uploads\/2025\/08\/tour-de-pologne0033.jpg 2x\" src=\"https:\/\/i0.wp.com\/sowinskifoto.pl\/wp-content\/uploads\/2025\/08\/tour-de-pologne0033.jpg?ssl=1\" alt=\"\" title=\"Tour de Pologne w Gminie Jab\u0142onka\" draggable=\"false\" loading=\"lazy\"><\/picture><\/a><\/div>\n<\/div>\n<div class=\"brz-image__gallery-item\">\n<div class=\"brz-image brz-css-1j56qpc brz-css-3jc4an\" data-brz-custom-id=\"u2FL8nMmSmtR\"><a class=\"brz-a\" href=\"https:\/\/i0.wp.com\/sowinskifoto.pl\/wp-content\/uploads\/2025\/08\/tour-de-pologne0034.jpg?ssl=1\" target=\"_self\" rel=\"noopener\" data-brz-link-type=\"lightBox\"><picture class=\"brz-picture brz-d-block brz-p-relative brz-css-1woeb2h brz-css-nqqoaq\"><source srcset=\"https:\/\/sowinskifoto.pl\/wp-content\/uploads\/2025\/08\/tour-de-pologne0034.jpg 1x, https:\/\/sowinskifoto.pl\/wp-content\/uploads\/2025\/08\/tour-de-pologne0034.jpg 2x\" media=\"(min-width: 992px)\"><source srcset=\"https:\/\/sowinskifoto.pl\/wp-content\/uploads\/2025\/08\/tour-de-pologne0034.jpg 1x, https:\/\/sowinskifoto.pl\/wp-content\/uploads\/2025\/08\/tour-de-pologne0034.jpg 2x\" media=\"(min-width: 768px)\"><img data-recalc-dims=\"1\" decoding=\"async\" class=\"brz-img\" srcset=\"https:\/\/sowinskifoto.pl\/wp-content\/uploads\/2025\/08\/tour-de-pologne0034.jpg 1x, https:\/\/sowinskifoto.pl\/wp-content\/uploads\/2025\/08\/tour-de-pologne0034.jpg 2x\" src=\"https:\/\/i0.wp.com\/sowinskifoto.pl\/wp-content\/uploads\/2025\/08\/tour-de-pologne0034.jpg?ssl=1\" alt=\"\" title=\"Tour de Pologne w Gminie Jab\u0142onka\" draggable=\"false\" loading=\"lazy\"><\/picture><\/a><\/div>\n<\/div>\n<div class=\"brz-image__gallery-item\">\n<div class=\"brz-image brz-css-j6zmge brz-css-1vuoo50\" data-brz-custom-id=\"qOKwBiq5Pujs\"><a class=\"brz-a\" href=\"https:\/\/i0.wp.com\/sowinskifoto.pl\/wp-content\/uploads\/2025\/08\/tour-de-pologne0035.jpg?ssl=1\" target=\"_self\" rel=\"noopener\" data-brz-link-type=\"lightBox\"><picture class=\"brz-picture brz-d-block brz-p-relative brz-css-vuwo3b brz-css-obljlr\"><source srcset=\"https:\/\/sowinskifoto.pl\/wp-content\/uploads\/2025\/08\/tour-de-pologne0035.jpg 1x, https:\/\/sowinskifoto.pl\/wp-content\/uploads\/2025\/08\/tour-de-pologne0035.jpg 2x\" media=\"(min-width: 992px)\"><source srcset=\"https:\/\/sowinskifoto.pl\/wp-content\/uploads\/2025\/08\/tour-de-pologne0035.jpg 1x, https:\/\/sowinskifoto.pl\/wp-content\/uploads\/2025\/08\/tour-de-pologne0035.jpg 2x\" media=\"(min-width: 768px)\"><img data-recalc-dims=\"1\" decoding=\"async\" class=\"brz-img\" srcset=\"https:\/\/sowinskifoto.pl\/wp-content\/uploads\/2025\/08\/tour-de-pologne0035.jpg 1x, https:\/\/sowinskifoto.pl\/wp-content\/uploads\/2025\/08\/tour-de-pologne0035.jpg 2x\" src=\"https:\/\/i0.wp.com\/sowinskifoto.pl\/wp-content\/uploads\/2025\/08\/tour-de-pologne0035.jpg?ssl=1\" alt=\"\" title=\"Tour de Pologne w Gminie Jab\u0142onka\" draggable=\"false\" loading=\"lazy\"><\/picture><\/a><\/div>\n<\/div>\n<div class=\"brz-image__gallery-item\">\n<div class=\"brz-image brz-css-1umvxv7 brz-css-9z62n4\" data-brz-custom-id=\"t2d0aQ9e6A9U\"><a class=\"brz-a\" href=\"https:\/\/i0.wp.com\/sowinskifoto.pl\/wp-content\/uploads\/2025\/08\/tour-de-pologne0036.jpg?ssl=1\" target=\"_self\" rel=\"noopener\" data-brz-link-type=\"lightBox\"><picture class=\"brz-picture brz-d-block brz-p-relative brz-css-ylimxa brz-css-6yzz8d\"><source srcset=\"https:\/\/sowinskifoto.pl\/wp-content\/uploads\/2025\/08\/tour-de-pologne0036.jpg 1x, https:\/\/sowinskifoto.pl\/wp-content\/uploads\/2025\/08\/tour-de-pologne0036.jpg 2x\" media=\"(min-width: 992px)\"><source srcset=\"https:\/\/sowinskifoto.pl\/wp-content\/uploads\/2025\/08\/tour-de-pologne0036.jpg 1x, https:\/\/sowinskifoto.pl\/wp-content\/uploads\/2025\/08\/tour-de-pologne0036.jpg 2x\" media=\"(min-width: 768px)\"><img data-recalc-dims=\"1\" decoding=\"async\" class=\"brz-img\" srcset=\"https:\/\/sowinskifoto.pl\/wp-content\/uploads\/2025\/08\/tour-de-pologne0036.jpg 1x, https:\/\/sowinskifoto.pl\/wp-content\/uploads\/2025\/08\/tour-de-pologne0036.jpg 2x\" src=\"https:\/\/i0.wp.com\/sowinskifoto.pl\/wp-content\/uploads\/2025\/08\/tour-de-pologne0036.jpg?ssl=1\" alt=\"\" title=\"Tour de Pologne w Gminie Jab\u0142onka\" draggable=\"false\" loading=\"lazy\"><\/picture><\/a><\/div>\n<\/div>\n<div class=\"brz-image__gallery-item\">\n<div class=\"brz-image brz-css-4dioxx brz-css-lcnm4j\" data-brz-custom-id=\"otBF8YyuZv6L\"><a class=\"brz-a\" href=\"https:\/\/i0.wp.com\/sowinskifoto.pl\/wp-content\/uploads\/2025\/08\/tour-de-pologne0037.jpg?ssl=1\" target=\"_self\" rel=\"noopener\" data-brz-link-type=\"lightBox\"><picture class=\"brz-picture brz-d-block brz-p-relative brz-css-1ocbj5y brz-css-cy6lu8\"><source srcset=\"https:\/\/sowinskifoto.pl\/wp-content\/uploads\/2025\/08\/tour-de-pologne0037.jpg 1x, https:\/\/sowinskifoto.pl\/wp-content\/uploads\/2025\/08\/tour-de-pologne0037.jpg 2x\" media=\"(min-width: 992px)\"><source srcset=\"https:\/\/sowinskifoto.pl\/wp-content\/uploads\/2025\/08\/tour-de-pologne0037.jpg 1x, https:\/\/sowinskifoto.pl\/wp-content\/uploads\/2025\/08\/tour-de-pologne0037.jpg 2x\" media=\"(min-width: 768px)\"><img data-recalc-dims=\"1\" decoding=\"async\" class=\"brz-img\" srcset=\"https:\/\/sowinskifoto.pl\/wp-content\/uploads\/2025\/08\/tour-de-pologne0037.jpg 1x, https:\/\/sowinskifoto.pl\/wp-content\/uploads\/2025\/08\/tour-de-pologne0037.jpg 2x\" src=\"https:\/\/i0.wp.com\/sowinskifoto.pl\/wp-content\/uploads\/2025\/08\/tour-de-pologne0037.jpg?ssl=1\" alt=\"\" title=\"Tour de Pologne w Gminie Jab\u0142onka\" draggable=\"false\" loading=\"lazy\"><\/picture><\/a><\/div>\n<\/div>\n<div class=\"brz-image__gallery-item\">\n<div class=\"brz-image brz-css-4kxmmn brz-css-1a9c2dl\" data-brz-custom-id=\"ky0U77DurAUC\"><a class=\"brz-a\" href=\"https:\/\/i0.wp.com\/sowinskifoto.pl\/wp-content\/uploads\/2025\/08\/tour-de-pologne0038.jpg?ssl=1\" target=\"_self\" rel=\"noopener\" data-brz-link-type=\"lightBox\"><picture class=\"brz-picture brz-d-block brz-p-relative brz-css-1nmkrmg brz-css-1rwj6l9\"><source srcset=\"https:\/\/sowinskifoto.pl\/wp-content\/uploads\/2025\/08\/tour-de-pologne0038.jpg 1x, https:\/\/sowinskifoto.pl\/wp-content\/uploads\/2025\/08\/tour-de-pologne0038.jpg 2x\" media=\"(min-width: 992px)\"><source srcset=\"https:\/\/sowinskifoto.pl\/wp-content\/uploads\/2025\/08\/tour-de-pologne0038.jpg 1x, https:\/\/sowinskifoto.pl\/wp-content\/uploads\/2025\/08\/tour-de-pologne0038.jpg 2x\" media=\"(min-width: 768px)\"><img data-recalc-dims=\"1\" decoding=\"async\" class=\"brz-img\" srcset=\"https:\/\/sowinskifoto.pl\/wp-content\/uploads\/2025\/08\/tour-de-pologne0038.jpg 1x, https:\/\/sowinskifoto.pl\/wp-content\/uploads\/2025\/08\/tour-de-pologne0038.jpg 2x\" src=\"https:\/\/i0.wp.com\/sowinskifoto.pl\/wp-content\/uploads\/2025\/08\/tour-de-pologne0038.jpg?ssl=1\" alt=\"\" title=\"Tour de Pologne w Gminie Jab\u0142onka\" draggable=\"false\" loading=\"lazy\"><\/picture><\/a><\/div>\n<\/div>\n<div class=\"brz-image__gallery-item\">\n<div class=\"brz-image brz-css-nr5ie1 brz-css-28szhi\" data-brz-custom-id=\"jB5VgTse4fUr\"><a class=\"brz-a\" href=\"https:\/\/i0.wp.com\/sowinskifoto.pl\/wp-content\/uploads\/2025\/08\/tour-de-pologne0039.jpg?ssl=1\" target=\"_self\" rel=\"noopener\" data-brz-link-type=\"lightBox\"><picture class=\"brz-picture brz-d-block brz-p-relative brz-css-1mdgpu2 brz-css-1fu459k\"><source srcset=\"https:\/\/sowinskifoto.pl\/wp-content\/uploads\/2025\/08\/tour-de-pologne0039.jpg 1x, https:\/\/sowinskifoto.pl\/wp-content\/uploads\/2025\/08\/tour-de-pologne0039.jpg 2x\" media=\"(min-width: 992px)\"><source srcset=\"https:\/\/sowinskifoto.pl\/wp-content\/uploads\/2025\/08\/tour-de-pologne0039.jpg 1x, https:\/\/sowinskifoto.pl\/wp-content\/uploads\/2025\/08\/tour-de-pologne0039.jpg 2x\" media=\"(min-width: 768px)\"><img data-recalc-dims=\"1\" decoding=\"async\" class=\"brz-img\" srcset=\"https:\/\/sowinskifoto.pl\/wp-content\/uploads\/2025\/08\/tour-de-pologne0039.jpg 1x, https:\/\/sowinskifoto.pl\/wp-content\/uploads\/2025\/08\/tour-de-pologne0039.jpg 2x\" src=\"https:\/\/i0.wp.com\/sowinskifoto.pl\/wp-content\/uploads\/2025\/08\/tour-de-pologne0039.jpg?ssl=1\" alt=\"\" title=\"Tour de Pologne w Gminie Jab\u0142onka\" draggable=\"false\" loading=\"lazy\"><\/picture><\/a><\/div>\n<\/div>\n<div class=\"brz-image__gallery-item\">\n<div class=\"brz-image brz-css-43iqdq brz-css-zjpnal\" data-brz-custom-id=\"rrEjWiXHAW21\"><a class=\"brz-a\" href=\"https:\/\/i0.wp.com\/sowinskifoto.pl\/wp-content\/uploads\/2025\/08\/tour-de-pologne0040.jpg?ssl=1\" target=\"_self\" rel=\"noopener\" data-brz-link-type=\"lightBox\"><picture class=\"brz-picture brz-d-block brz-p-relative brz-css-xp5n90 brz-css-d1d11z\"><source srcset=\"https:\/\/sowinskifoto.pl\/wp-content\/uploads\/2025\/08\/tour-de-pologne0040.jpg 1x, https:\/\/sowinskifoto.pl\/wp-content\/uploads\/2025\/08\/tour-de-pologne0040.jpg 2x\" media=\"(min-width: 992px)\"><source srcset=\"https:\/\/sowinskifoto.pl\/wp-content\/uploads\/2025\/08\/tour-de-pologne0040.jpg 1x, https:\/\/sowinskifoto.pl\/wp-content\/uploads\/2025\/08\/tour-de-pologne0040.jpg 2x\" media=\"(min-width: 768px)\"><img data-recalc-dims=\"1\" decoding=\"async\" class=\"brz-img\" srcset=\"https:\/\/sowinskifoto.pl\/wp-content\/uploads\/2025\/08\/tour-de-pologne0040.jpg 1x, https:\/\/sowinskifoto.pl\/wp-content\/uploads\/2025\/08\/tour-de-pologne0040.jpg 2x\" src=\"https:\/\/i0.wp.com\/sowinskifoto.pl\/wp-content\/uploads\/2025\/08\/tour-de-pologne0040.jpg?ssl=1\" alt=\"\" title=\"Tour de Pologne w Gminie Jab\u0142onka\" draggable=\"false\" loading=\"lazy\"><\/picture><\/a><\/div>\n<\/div>\n<\/div>\n<\/div>\n<\/div>\n<\/div>\n<div class=\"brz-row__container brz-css-1ogxdej brz-css-118buew\" data-brz-custom-id=\"rfwSn5ulBGko\">\n<div class=\"brz-row brz-row--inner brz-css-ze9qia brz-css-1lpubrq brz-css-8ri9zw\">\n<div class=\"brz-columns brz-css-xche25 brz-css-1y5bnka\" data-brz-custom-id=\"dIMUJ9YVS8I2\">\n<div class=\"brz-column__items brz-css-r84vgh brz-css-5o9wde\">\n<div id=\"\" class=\"brz-css-1guuwfh brz-css-14wwh4i brz-wrapper\">\n<div class=\"brz-image brz-css-aq1p3x brz-css-18fm1tt\" data-brz-custom-id=\"mVvGHAiOUKJ9\"><a class=\"brz-a\" href=\"https:\/\/wedding.sowinskifoto.pl\/\" target=\"_self\" rel=\"noopener\" data-brz-link-type=\"external\"><picture class=\"brz-picture brz-d-block brz-p-relative brz-css-tg5uve brz-css-zihr9z\"><source srcset=\"https:\/\/sowinskifoto.pl\/wp-content\/uploads\/brizy\/imgs\/slub-512x341x8x0x495x341x1750873481.jpg 1x, https:\/\/sowinskifoto.pl\/wp-content\/uploads\/brizy\/imgs\/slub-1024x682x16x0x990x682x1750873481.jpg 2x\" media=\"(min-width: 992px)\"><source srcset=\"https:\/\/sowinskifoto.pl\/wp-content\/uploads\/brizy\/imgs\/slub-232x155x4x0x223x155x1750873481.jpg 1x, https:\/\/sowinskifoto.pl\/wp-content\/uploads\/brizy\/imgs\/slub-464x310x8x0x446x310x1750873481.jpg 2x\" media=\"(min-width: 768px)\"><img data-recalc-dims=\"1\" decoding=\"async\" class=\"brz-img\" srcset=\"https:\/\/sowinskifoto.pl\/wp-content\/uploads\/brizy\/imgs\/slub-390x260x0x4x390x252x1750873481.jpg 1x, https:\/\/sowinskifoto.pl\/wp-content\/uploads\/brizy\/imgs\/slub-780x520x0x8x780x504x1750873481.jpg 2x\" src=\"https:\/\/i0.wp.com\/sowinskifoto.pl\/wp-content\/uploads\/brizy\/imgs\/slub-512x341x8x0x495x341x1750873481.jpg?ssl=1\" alt=\"\" title=\"slub\" draggable=\"false\" loading=\"lazy\"><\/picture><\/a><\/div>\n<\/div>\n<div id=\"\" class=\"brz-css-1guuwfh brz-css-4i7wtx brz-wrapper\">\n<div class=\"brz-rich-text brz-rich-text__custom brz-css-66vwpf brz-css-1fnvw5f\" data-brz-custom-id=\"eCpWuTiLlbKi\">\n<div data-brz-translate-text=\"1\">\n<h4 class=\"brz-tp-lg-heading4 brz-css-v0Z3f\" data-uniq-id=\"aHbuV\" data-generated-css=\"brz-css-znHqz\"><a class=\"link--external\" href=\"https:\/\/wedding.sowinskifoto.pl\/\" data-brz-link-type=\"external\">Fotografia \u015blubna<\/a><\/h4>\n<\/div>\n<\/div>\n<\/div>\n<div id=\"\" class=\"brz-css-1guuwfh brz-css-wu670c brz-wrapper\">\n<div class=\"brz-rich-text brz-rich-text__custom brz-css-66vwpf brz-css-zt11ex\" data-brz-custom-id=\"sZmyEXbOtWVM\">\n<div data-brz-translate-text=\"1\">\n<p class=\"brz-tp-lg-subtitle brz-css-xpejH\" data-uniq-id=\"gMud1\" data-generated-css=\"brz-css-m9onm\"><a class=\"link--external\" href=\"https:\/\/www.wedding.sowinskifoto.pl\/\" data-brz-link-type=\"external\">\u015blub, wesele, plener<\/a><\/p>\n<\/div>\n<\/div>\n<\/div>\n<\/div>\n<\/div>\n<div class=\"brz-columns brz-css-xche25 brz-css-1qqfne4\" data-brz-custom-id=\"pDTskJlvLV_R\">\n<div class=\"brz-column__items brz-css-r84vgh brz-css-13rpmzf\">\n<div id=\"\" class=\"brz-css-1guuwfh brz-css-sxxo12 brz-wrapper\">\n<div class=\"brz-image brz-css-1b668n0 brz-css-m4iqdf\" data-brz-custom-id=\"eJaE48zggUnl\"><a class=\"brz-a\" href=\"https:\/\/krajobraz.sowinskifoto.pl\/krajobraz-zdjecia-na-plotnie\/\" target=\"_self\" rel=\"noopener\" data-brz-link-type=\"external\"><picture class=\"brz-picture brz-d-block brz-p-relative brz-css-kucuzs brz-css-1soat8l\"><source srcset=\"https:\/\/sowinskifoto.pl\/wp-content\/uploads\/brizy\/imgs\/krajobraz-512x341x8x0x495x341x1750873842.jpg 1x, https:\/\/sowinskifoto.pl\/wp-content\/uploads\/brizy\/imgs\/krajobraz-1024x682x16x0x990x682x1750873842.jpg 2x\" media=\"(min-width: 992px)\"><source srcset=\"https:\/\/sowinskifoto.pl\/wp-content\/uploads\/brizy\/imgs\/krajobraz-233x155x13x0x206x155x1750873842.jpg 1x, https:\/\/sowinskifoto.pl\/wp-content\/uploads\/brizy\/imgs\/krajobraz-466x310x26x0x412x310x1750873842.jpg 2x\" media=\"(min-width: 768px)\"><img data-recalc-dims=\"1\" decoding=\"async\" class=\"brz-img\" srcset=\"https:\/\/sowinskifoto.pl\/wp-content\/uploads\/brizy\/imgs\/krajobraz-390x260x0x7x390x247x1750873842.jpg 1x, https:\/\/sowinskifoto.pl\/wp-content\/uploads\/brizy\/imgs\/krajobraz-780x520x0x14x780x494x1750873842.jpg 2x\" src=\"https:\/\/i0.wp.com\/sowinskifoto.pl\/wp-content\/uploads\/brizy\/imgs\/krajobraz-512x341x8x0x495x341x1750873842.jpg?ssl=1\" alt=\"\" title=\"krajobraz\" draggable=\"false\" loading=\"lazy\"><\/picture><\/a><\/div>\n<\/div>\n<div id=\"\" class=\"brz-css-1guuwfh brz-css-qf1lfn brz-wrapper\">\n<div class=\"brz-rich-text brz-rich-text__custom brz-css-66vwpf brz-css-3vrnz5\" data-brz-custom-id=\"vBrEJ9GZGfNH\">\n<div data-brz-translate-text=\"1\">\n<h4 class=\"brz-tp-lg-heading4 brz-css-yTFLx\" data-uniq-id=\"eWWCC\" data-generated-css=\"brz-css-nH5he\"><a class=\"link--external\" href=\"https:\/\/krajobraz.sowinskifoto.pl\/krajobraz-zdjecia-na-plotnie\/\" data-brz-link-type=\"external\">Sklep<\/a><\/h4>\n<\/div>\n<\/div>\n<\/div>\n<div id=\"\" class=\"brz-css-1guuwfh brz-css-l7ru1x brz-wrapper\">\n<div class=\"brz-rich-text brz-rich-text__custom brz-css-66vwpf brz-css-1wkjv5o\" data-brz-custom-id=\"umBWg2TTel9n\">\n<div data-brz-translate-text=\"1\">\n<p class=\"brz-tp-lg-subtitle brz-css-v9h9y\" data-uniq-id=\"oXjwo\" data-generated-css=\"brz-css-jZPKD\"><a class=\"link--external\" href=\"https:\/\/krajobraz.sowinskifoto.pl\/krajobraz-zdjecia-na-plotnie\/\" data-brz-link-type=\"external\">kup zdj\u0119cia na stron\u0119 www lub jako dekoracja domu<\/a><\/p>\n<\/div>\n<\/div>\n<\/div>\n<\/div>\n<\/div>\n<div class=\"brz-columns brz-css-xche25 brz-css-30knux\" data-brz-custom-id=\"lTWfwFstEAhC\">\n<div class=\"brz-column__items brz-css-r84vgh brz-css-190z3av\">\n<div id=\"\" class=\"brz-css-1guuwfh brz-css-19t7u60 brz-wrapper\">\n<div class=\"brz-image brz-css-2hw7p brz-css-hu88qi\" data-brz-custom-id=\"m8yeskbFumX1\"><a class=\"brz-a\" href=\"https:\/\/wedding.sowinskifoto.pl\/sesje-rodzinne\/\" target=\"_self\" rel=\"noopener\" data-brz-link-type=\"external\"><picture class=\"brz-picture brz-d-block brz-p-relative brz-css-ly41cq brz-css-l2zk17\"><source srcset=\"https:\/\/sowinskifoto.pl\/wp-content\/uploads\/brizy\/imgs\/rodzinna-513x342x8x0x497x342x1750877354.jpg 1x, https:\/\/sowinskifoto.pl\/wp-content\/uploads\/brizy\/imgs\/rodzinna-1026x684x16x0x994x684x1750877354.jpg 2x\" media=\"(min-width: 992px)\"><source srcset=\"https:\/\/sowinskifoto.pl\/wp-content\/uploads\/brizy\/imgs\/rodzinna-238x158x13x0x212x158x1750877354.jpg 1x, https:\/\/sowinskifoto.pl\/wp-content\/uploads\/brizy\/imgs\/rodzinna-476x316x26x0x424x316x1750877354.jpg 2x\" media=\"(min-width: 768px)\"><img data-recalc-dims=\"1\" decoding=\"async\" class=\"brz-img\" srcset=\"https:\/\/sowinskifoto.pl\/wp-content\/uploads\/brizy\/imgs\/rodzinna-390x260x0x3x390x255x1750877354.jpg 1x, https:\/\/sowinskifoto.pl\/wp-content\/uploads\/brizy\/imgs\/rodzinna-780x520x0x6x780x510x1750877354.jpg 2x\" src=\"https:\/\/i0.wp.com\/sowinskifoto.pl\/wp-content\/uploads\/brizy\/imgs\/rodzinna-513x342x8x0x497x342x1750877354.jpg?ssl=1\" alt=\"\" title=\"rodzinna\" draggable=\"false\" loading=\"lazy\"><\/picture><\/a><\/div>\n<\/div>\n<div id=\"\" class=\"brz-css-1guuwfh brz-css-wdpyn3 brz-wrapper\">\n<div class=\"brz-rich-text brz-rich-text__custom brz-css-66vwpf brz-css-101pdly\" data-brz-custom-id=\"uChB7OCD8AAq\">\n<div data-brz-translate-text=\"1\">\n<h4 class=\"brz-tp-lg-heading4 brz-css-rVvpA\" data-uniq-id=\"yCPAo\" data-generated-css=\"brz-css-klL04\"><a class=\"link--external\" href=\"https:\/\/wedding.sowinskifoto.pl\/sesje-rodzinne\/\" data-brz-link-type=\"external\">Fotografia rodzinna<\/a><\/h4>\n<\/div>\n<\/div>\n<\/div>\n<div id=\"\" class=\"brz-css-1guuwfh brz-css-1i1xg6e brz-wrapper\">\n<div class=\"brz-rich-text brz-rich-text__custom brz-css-66vwpf brz-css-4lr9yr\" data-brz-custom-id=\"hbYuBlxTLTc2\">\n<div data-brz-translate-text=\"1\">\n<p class=\"brz-tp-lg-subtitle brz-css-e_Lbn\" data-uniq-id=\"nUn4b\" data-generated-css=\"brz-css-zDkYX\"><a class=\"link--external\" href=\"https:\/\/wedding.sowinskifoto.pl\/sesje-rodzinne\/\" data-brz-link-type=\"external\">chrzest, sesje plenerowe, sesje studyjne<\/a><\/p>\n<\/div>\n<\/div>\n<\/div>\n<\/div>\n<\/div>\n<\/div>\n<\/div>\n<\/div>\n<\/div>\n<div class=\"brz-columns brz-css-xche25 brz-css-1cb9vgw\" data-brz-custom-id=\"l_GauK4vCMLl\">\n<div class=\"brz-column__items brz-css-r84vgh brz-css-1vmxljd\">\n<div class=\"brz-row__container brz-css-1ogxdej brz-css-1v4feq1\" data-brz-custom-id=\"nKLse8Y6ticl\">\n<div class=\"brz-row brz-row--inner brz-css-ze9qia brz-css-yb26m0\">\n<div class=\"brz-columns brz-css-xche25 brz-css-12wehwa\" data-brz-custom-id=\"jsofD9jRKjmH\">\n<div class=\"brz-column__items brz-css-r84vgh brz-css-1tzkhqf\"><\/div>\n<\/div>\n<\/div>\n<\/div>\n<div class=\"brz-row__container brz-css-1ogxdej brz-css-1idesh5\" data-brz-custom-id=\"l0mXcQ_iOu0b\">\n<div class=\"brz-row brz-row--inner brz-css-ze9qia brz-css-1c5jdia\">\n<div class=\"brz-columns brz-css-xche25 brz-css-gr7x4n\" data-brz-custom-id=\"vDyVDgVKXayI\">\n<div class=\"brz-column__items brz-css-r84vgh brz-css-29wyvc\">\n<div id=\"\" class=\"brz-css-1guuwfh brz-css-de4zl1 brz-wrapper\">\n<div class=\"brz-search-container brz-search-container--classic brz-css-1rsggx9 brz-css-1nah370\" data-brz-custom-id=\"zjCwibx9h56P\">\n<form class=\"brz-form brz-search-form\" action=\"https:\/\/sowinskifoto.pl\" method=\"get\"><input name=\"s\" class=\"brz-input brz-search\" placeholder=\"\"><button class=\"brz-btn brz-btn-submit brz-css-1mfp9cm brz-css-1xc7wbq\" data-brz-custom-id=\"tKVqiJVQkyWb\"><svg class=\"brz-icon-svg align-[initial] brz-css-1y06hob brz-css-1wo8o7u\"><use href=\"\/wp-content\/plugins\/brizy\/public\/editor-build\/prod\/editor\/icons\/glyph\/tail-right.svg#nc_icon\"><\/use><\/svg><span data-brz-translate-text=\"1\" class=\"brz-span brz-text__editor\">Szukaj<\/span><\/button><\/form>\n<\/div>\n<\/div>\n<\/div>\n<\/div>\n<\/div>\n<\/div>\n<div class=\"brz-row__container brz-css-1ogxdej brz-css-1uqqtls\" data-brz-custom-id=\"w8DuymZ6nDZB\">\n<div class=\"brz-row brz-row--inner brz-css-ze9qia brz-css-1lpubrq brz-css-1wl4ppd\">\n<div class=\"brz-columns brz-css-xche25 brz-css-1wb516n\" data-brz-custom-id=\"bVD5EJNjUAlo\">\n<div class=\"brz-column__items brz-css-r84vgh brz-css-1payv6z\">\n<div id=\"\" class=\"brz-css-1guuwfh brz-css-1rzrtsc brz-css-1jl8hqw brz-wrapper\">\n<div class=\"brz-posts brz-css-11fqnw7 brz-css-qdealw\" data-brz-custom-id=\"o9A3Czv5hQHC\">\n<div class=\"brz-posts__wrapper\">\n<div class=\"brz-posts__item\">\n<div class=\"brz-columns brz-css-xche25 brz-css-1g2cxg9 brz-css-1j5rwop\" data-brz-custom-id=\"aaUD3islOcfW\">\n<div class=\"brz-column__items brz-css-r84vgh brz-css-x4s4r7\">\n<div id=\"\" class=\"brz-css-1guuwfh brz-css-5cgwyx brz-wrapper\">\n<div class=\"brz-image brz-css-blil9m brz-css-1hgm559\" data-brz-custom-id=\"tNjX7DlWMGFo\"><picture class=\"brz-picture brz-d-block brz-p-relative brz-css-1ah0hxz brz-css-ee00z3\"><source srcset=\"https:\/\/sowinskifoto.pl\/wp-content\/uploads\/brizy\/imgs\/sowinskifoto1174-217x145x11x0x193x145x1756682285.jpg 1x, https:\/\/sowinskifoto.pl\/wp-content\/uploads\/brizy\/imgs\/sowinskifoto1174-435x290x24x0x386x290x1756682285.jpg 2x\" media=\"(min-width: 992px)\"><source srcset=\"https:\/\/sowinskifoto.pl\/wp-content\/uploads\/brizy\/imgs\/sowinskifoto1174-3x2x0x0x3x2x1756682285.jpg 1x, https:\/\/sowinskifoto.pl\/wp-content\/uploads\/brizy\/imgs\/sowinskifoto1174-6x4x0x0x6x4x1756682285.jpg 2x\" media=\"(min-width: 768px)\"><img data-recalc-dims=\"1\" decoding=\"async\" class=\"brz-img\" srcset=\"https:\/\/sowinskifoto.pl\/wp-content\/uploads\/brizy\/imgs\/sowinskifoto1174-484x323x27x0x430x323x1756682285.jpg 1x, https:\/\/sowinskifoto.pl\/wp-content\/uploads\/brizy\/imgs\/sowinskifoto1174-969x646x54x0x860x646x1756682285.jpg 2x\" src=\"https:\/\/i0.wp.com\/sowinskifoto.pl\/wp-content\/uploads\/brizy\/imgs\/sowinskifoto1174-217x145x11x0x193x145x1756682285.jpg?ssl=1\" alt=\"\" title=\"sowinskifoto1174\" draggable=\"false\" loading=\"lazy\"><\/picture><\/div>\n<\/div>\n<div id=\"\" class=\"brz-css-1guuwfh brz-css-3ar17x brz-wrapper\">\n<div class=\"brz-wp-title brz-css-18pr48x brz-css-u4iofa brz-css-1o1nb0o\" data-brz-custom-id=\"lDe2BR9pLja6\"><span class=\"brz-wp-title-content\" style=\"min-height:20px\">Do\u017cynki w Chy\u017cnem<\/span><\/div>\n<\/div>\n<div class=\"brz-wrapper-clone brz-flex-xs-wrap brz-css-pf6u3j brz-css-134z6pa\" data-brz-custom-id=\"zhfJmHLymhbc\"><a class=\"brz-a brz-btn brz-css-16ot4ey brz-css-r4t4o7 brz-css-1mfp9cm brz-css-rkjyv1 brz-css-1qznnf6\" href=\"https:\/\/sowinskifoto.pl\/?p=4057\" target=\"_self\" rel=\"noopener\" data-brz-link-type=\"external\" data-brz-custom-id=\"aYI2jjkkbNl_\"><svg class=\"brz-icon-svg align-[initial] brz-css-1y06hob brz-css-147gpfl\"><use href=\"\/wp-content\/plugins\/brizy\/public\/editor-build\/prod\/editor\/icons\/glyph\/tail-right.svg#nc_icon\"><\/use><\/svg><span data-brz-translate-text=\"1\" class=\"brz-span brz-text__editor\">wi\u0119cej<\/span><\/a><\/div>\n<\/div>\n<\/div>\n<\/div>\n<div class=\"brz-posts__item\">\n<div class=\"brz-columns brz-css-xche25 brz-css-1g2cxg9 brz-css-1j5rwop\" data-brz-custom-id=\"aaUD3islOcfW\">\n<div class=\"brz-column__items brz-css-r84vgh brz-css-x4s4r7\">\n<div id=\"\" class=\"brz-css-1guuwfh brz-css-5cgwyx brz-wrapper\">\n<div class=\"brz-image brz-css-blil9m brz-css-1hgm559\" data-brz-custom-id=\"tNjX7DlWMGFo\"><picture class=\"brz-picture brz-d-block brz-p-relative brz-css-1ah0hxz brz-css-ee00z3\"><source srcset=\"https:\/\/sowinskifoto.pl\/wp-content\/uploads\/brizy\/imgs\/tour-de-pologne0009-217x145x11x0x193x145x1754667048.jpg 1x, https:\/\/sowinskifoto.pl\/wp-content\/uploads\/brizy\/imgs\/tour-de-pologne0009-435x290x24x0x386x290x1754667048.jpg 2x\" media=\"(min-width: 992px)\"><source srcset=\"https:\/\/sowinskifoto.pl\/wp-content\/uploads\/brizy\/imgs\/tour-de-pologne0009-3x2x0x0x3x2x1754667048.jpg 1x, https:\/\/sowinskifoto.pl\/wp-content\/uploads\/brizy\/imgs\/tour-de-pologne0009-6x4x0x0x6x4x1754667048.jpg 2x\" media=\"(min-width: 768px)\"><img data-recalc-dims=\"1\" decoding=\"async\" class=\"brz-img\" srcset=\"https:\/\/sowinskifoto.pl\/wp-content\/uploads\/brizy\/imgs\/tour-de-pologne0009-484x323x27x0x430x323x1754667048.jpg 1x, https:\/\/sowinskifoto.pl\/wp-content\/uploads\/brizy\/imgs\/tour-de-pologne0009-969x646x54x0x860x646x1754667048.jpg 2x\" src=\"https:\/\/i0.wp.com\/sowinskifoto.pl\/wp-content\/uploads\/brizy\/imgs\/tour-de-pologne0009-217x145x11x0x193x145x1754667048.jpg?ssl=1\" alt=\"\" title=\"Tour de Pologne w Gminie Jab\u0142onka\" draggable=\"false\" loading=\"lazy\"><\/picture><\/div>\n<\/div>\n<div id=\"\" class=\"brz-css-1guuwfh brz-css-3ar17x brz-wrapper\">\n<div class=\"brz-wp-title brz-css-18pr48x brz-css-u4iofa brz-css-1o1nb0o\" data-brz-custom-id=\"lDe2BR9pLja6\"><span class=\"brz-wp-title-content\" style=\"min-height:20px\">Tour de Pologne w Gminie Jab\u0142onka<\/span><\/div>\n<\/div>\n<div class=\"brz-wrapper-clone brz-flex-xs-wrap brz-css-pf6u3j brz-css-134z6pa\" data-brz-custom-id=\"zhfJmHLymhbc\"><a class=\"brz-a brz-btn brz-css-16ot4ey brz-css-r4t4o7 brz-css-1mfp9cm brz-css-rkjyv1 brz-css-1qznnf6\" href=\"https:\/\/sowinskifoto.pl\/?p=4009\" target=\"_self\" rel=\"noopener\" data-brz-link-type=\"external\" data-brz-custom-id=\"aYI2jjkkbNl_\"><svg class=\"brz-icon-svg align-[initial] brz-css-1y06hob brz-css-147gpfl\"><use href=\"\/wp-content\/plugins\/brizy\/public\/editor-build\/prod\/editor\/icons\/glyph\/tail-right.svg#nc_icon\"><\/use><\/svg><span data-brz-translate-text=\"1\" class=\"brz-span brz-text__editor\">wi\u0119cej<\/span><\/a><\/div>\n<\/div>\n<\/div>\n<\/div>\n<div class=\"brz-posts__item\">\n<div class=\"brz-columns brz-css-xche25 brz-css-1g2cxg9 brz-css-1j5rwop\" data-brz-custom-id=\"aaUD3islOcfW\">\n<div class=\"brz-column__items brz-css-r84vgh brz-css-x4s4r7\">\n<div id=\"\" class=\"brz-css-1guuwfh brz-css-5cgwyx brz-wrapper\">\n<div class=\"brz-image brz-css-blil9m brz-css-1hgm559\" data-brz-custom-id=\"tNjX7DlWMGFo\"><picture class=\"brz-picture brz-d-block brz-p-relative brz-css-1ah0hxz brz-css-ee00z3\"><source srcset=\"https:\/\/sowinskifoto.pl\/wp-content\/uploads\/brizy\/imgs\/borowka0111-217x145x11x0x193x145x1754308212.jpg 1x, https:\/\/sowinskifoto.pl\/wp-content\/uploads\/brizy\/imgs\/borowka0111-435x290x24x0x386x290x1754308212.jpg 2x\" media=\"(min-width: 992px)\"><source srcset=\"https:\/\/sowinskifoto.pl\/wp-content\/uploads\/brizy\/imgs\/borowka0111-3x2x0x0x3x2x1754308212.jpg 1x, https:\/\/sowinskifoto.pl\/wp-content\/uploads\/brizy\/imgs\/borowka0111-6x4x0x0x6x4x1754308212.jpg 2x\" media=\"(min-width: 768px)\"><img data-recalc-dims=\"1\" decoding=\"async\" class=\"brz-img\" srcset=\"https:\/\/sowinskifoto.pl\/wp-content\/uploads\/brizy\/imgs\/borowka0111-484x323x27x0x430x323x1754308212.jpg 1x, https:\/\/sowinskifoto.pl\/wp-content\/uploads\/brizy\/imgs\/borowka0111-969x646x54x0x860x646x1754308212.jpg 2x\" src=\"https:\/\/i0.wp.com\/sowinskifoto.pl\/wp-content\/uploads\/brizy\/imgs\/borowka0111-217x145x11x0x193x145x1754308212.jpg?ssl=1\" alt=\"\" title=\"\u015awi\u0119to Bor\u00f3wki w Zubrzycy G\u00f3rnej\" draggable=\"false\" loading=\"lazy\"><\/picture><\/div>\n<\/div>\n<div id=\"\" class=\"brz-css-1guuwfh brz-css-3ar17x brz-wrapper\">\n<div class=\"brz-wp-title brz-css-18pr48x brz-css-u4iofa brz-css-1o1nb0o\" data-brz-custom-id=\"lDe2BR9pLja6\"><span class=\"brz-wp-title-content\" style=\"min-height:20px\">\u015awi\u0119to Bor\u00f3wki w Zubrzycy G\u00f3rnej<\/span><\/div>\n<\/div>\n<div class=\"brz-wrapper-clone brz-flex-xs-wrap brz-css-pf6u3j brz-css-134z6pa\" data-brz-custom-id=\"zhfJmHLymhbc\"><a class=\"brz-a brz-btn brz-css-16ot4ey brz-css-r4t4o7 brz-css-1mfp9cm brz-css-rkjyv1 brz-css-1qznnf6\" href=\"https:\/\/sowinskifoto.pl\/?p=2833\" target=\"_self\" rel=\"noopener\" data-brz-link-type=\"external\" data-brz-custom-id=\"aYI2jjkkbNl_\"><svg class=\"brz-icon-svg align-[initial] brz-css-1y06hob brz-css-147gpfl\"><use href=\"\/wp-content\/plugins\/brizy\/public\/editor-build\/prod\/editor\/icons\/glyph\/tail-right.svg#nc_icon\"><\/use><\/svg><span data-brz-translate-text=\"1\" class=\"brz-span brz-text__editor\">wi\u0119cej<\/span><\/a><\/div>\n<\/div>\n<\/div>\n<\/div>\n<div class=\"brz-posts__item\">\n<div class=\"brz-columns brz-css-xche25 brz-css-1g2cxg9 brz-css-1j5rwop\" data-brz-custom-id=\"aaUD3islOcfW\">\n<div class=\"brz-column__items brz-css-r84vgh brz-css-x4s4r7\">\n<div id=\"\" class=\"brz-css-1guuwfh brz-css-5cgwyx brz-wrapper\">\n<div class=\"brz-image brz-css-blil9m brz-css-1hgm559\" data-brz-custom-id=\"tNjX7DlWMGFo\"><picture class=\"brz-picture brz-d-block brz-p-relative brz-css-1ah0hxz brz-css-ee00z3\"><source srcset=\"https:\/\/sowinskifoto.pl\/wp-content\/uploads\/brizy\/imgs\/Swieto-dzieci-final0025-217x145x11x0x193x145x1753571144.jpg 1x, https:\/\/sowinskifoto.pl\/wp-content\/uploads\/brizy\/imgs\/Swieto-dzieci-final0025-435x290x24x0x386x290x1753571144.jpg 2x\" media=\"(min-width: 992px)\"><source srcset=\"https:\/\/sowinskifoto.pl\/wp-content\/uploads\/brizy\/imgs\/Swieto-dzieci-final0025-3x2x0x0x3x2x1753571144.jpg 1x, https:\/\/sowinskifoto.pl\/wp-content\/uploads\/brizy\/imgs\/Swieto-dzieci-final0025-6x4x0x0x6x4x1753571144.jpg 2x\" media=\"(min-width: 768px)\"><img data-recalc-dims=\"1\" decoding=\"async\" class=\"brz-img\" srcset=\"https:\/\/sowinskifoto.pl\/wp-content\/uploads\/brizy\/imgs\/Swieto-dzieci-final0025-484x323x27x0x430x323x1753571144.jpg 1x, https:\/\/sowinskifoto.pl\/wp-content\/uploads\/brizy\/imgs\/Swieto-dzieci-final0025-969x646x54x0x860x646x1753571144.jpg 2x\" src=\"https:\/\/i0.wp.com\/sowinskifoto.pl\/wp-content\/uploads\/brizy\/imgs\/Swieto-dzieci-final0025-217x145x11x0x193x145x1753571144.jpg?ssl=1\" alt=\"\" title=\"\u015awi\u0119to Dzieci G\u00f3r-koncert fina\u0142owy\" draggable=\"false\" loading=\"lazy\"><\/picture><\/div>\n<\/div>\n<div id=\"\" class=\"brz-css-1guuwfh brz-css-3ar17x brz-wrapper\">\n<div class=\"brz-wp-title brz-css-18pr48x brz-css-u4iofa brz-css-1o1nb0o\" data-brz-custom-id=\"lDe2BR9pLja6\"><span class=\"brz-wp-title-content\" style=\"min-height:20px\">\u015awi\u0119to Dzieci G\u00f3r- Fina\u0142<\/span><\/div>\n<\/div>\n<div class=\"brz-wrapper-clone brz-flex-xs-wrap brz-css-pf6u3j brz-css-134z6pa\" data-brz-custom-id=\"zhfJmHLymhbc\"><a class=\"brz-a brz-btn brz-css-16ot4ey brz-css-r4t4o7 brz-css-1mfp9cm brz-css-rkjyv1 brz-css-1qznnf6\" href=\"https:\/\/sowinskifoto.pl\/?p=2621\" target=\"_self\" rel=\"noopener\" data-brz-link-type=\"external\" data-brz-custom-id=\"aYI2jjkkbNl_\"><svg class=\"brz-icon-svg align-[initial] brz-css-1y06hob brz-css-147gpfl\"><use href=\"\/wp-content\/plugins\/brizy\/public\/editor-build\/prod\/editor\/icons\/glyph\/tail-right.svg#nc_icon\"><\/use><\/svg><span data-brz-translate-text=\"1\" class=\"brz-span brz-text__editor\">wi\u0119cej<\/span><\/a><\/div>\n<\/div>\n<\/div>\n<\/div>\n<\/div>\n<\/div>\n<\/div>\n<\/div>\n<\/div>\n<\/div>\n<\/div>\n<\/div>\n<\/div>\n<\/div>\n<\/div>\n<\/div>\n<\/div>\n<\/section>\n<footer id=\"c9da76713059ef3c2780_vObTz6kDqZuA\" class=\"brz-footer brz-css-nnkg7 brz-css-84dhzk\" data-brz-custom-id=\"vObTz6kDqZuA\">\n<div class=\"brz-bg\">\n<div class=\"brz-bg-color\"><\/div>\n<\/div>\n<div class=\"brz-container brz-css-1cgmqt1 brz-css-36nm2x\">\n<div class=\"brz-row__container brz-css-1ogxdej brz-css-1vzo336\" data-brz-custom-id=\"vUnruXJUPefK\">\n<div class=\"brz-row brz-css-ze9qia brz-css-1lpubrq brz-css-yz9jz6\">\n<div class=\"brz-columns brz-css-xche25 brz-css-ynmh1n\" data-brz-custom-id=\"fPU7AXJUQPSI\">\n<div class=\"brz-column__items brz-css-r84vgh brz-css-18imhvl\">\n<div class=\"brz-wrapper-clone brz-flex-xs-wrap brz-css-pf6u3j brz-css-1ckmtp2\" data-brz-custom-id=\"mACkJFQW6BMs\">\n<div class=\"brz-icon__container\" data-brz-custom-id=\"uH11ofBQpE_O\"><a class=\"brz-a\" href=\"https:\/\/www.facebook.com\/sowinskifotopl\" target=\"_blank\" rel=\"noopener\" data-brz-link-type=\"external\"><span class=\"brz-icon brz-span brz-css-1k3u67z brz-css-101nf0k\"><svg class=\"brz-icon-svg align-[initial]\"><use href=\"\/wp-content\/plugins\/brizy\/public\/editor-build\/prod\/editor\/icons\/glyph\/logo-facebook.svg#nc_icon\"><\/use><\/svg><\/span><\/a><\/div>\n<div class=\"brz-icon__container\" data-brz-custom-id=\"nBHn4QbcvcUB\"><a class=\"brz-a\" href=\"https:\/\/www.instagram.com\/wedding.sowinskifoto.pl\/\" target=\"_blank\" rel=\"noopener\" data-brz-link-type=\"external\"><span class=\"brz-icon brz-span brz-css-1k3u67z brz-css-1chccen\"><svg class=\"brz-icon-svg align-[initial]\"><use href=\"\/wp-content\/plugins\/brizy\/public\/editor-build\/prod\/editor\/icons\/glyph\/logo-instagram.svg#nc_icon\"><\/use><\/svg><\/span><\/a><\/div>\n<\/div>\n<\/div>\n<\/div>\n<div class=\"brz-columns brz-css-xche25 brz-css-1v6dalk\" data-brz-custom-id=\"omlxC9MpDpKm\">\n<div class=\"brz-column__items brz-css-r84vgh brz-css-occlri\">\n<div id=\"\" class=\"brz-css-1guuwfh brz-css-1fnkild brz-wrapper\">\n<div class=\"brz-rich-text brz-rich-text__custom brz-css-66vwpf brz-css-113dleq\" data-brz-custom-id=\"u4KhYOQFN1wW\">\n<div data-brz-translate-text=\"1\">\n<p class=\"brz-tp-lg-paragraph brz-text-lg-center brz-css-skn_R\" data-uniq-id=\"y_agS\" data-generated-css=\"brz-css-lelb1\"><span class=\"brz-cp-color3 brz-span\" style=\"color: rgba(var(--brz-global-color3),1);\">Fotografia \u015blubna<\/span><span style=\"color: rgba(var(--brz-global-color3),1);\" class=\"brz-cp-color3\">        <\/span><a class=\"brz-cp-color3 link--external\" style=\"color: rgba(var(--brz-global-color3),1);\" href=\"https:\/\/krajobraz.sowinskifoto.pl\/\" data-brz-link-type=\"external\">Krajobraz<\/a><span style=\"color: rgba(var(--brz-global-color3),1);\" class=\"brz-cp-color3\">      <\/span><span class=\"brz-cp-color3 brz-span\" style=\"color: rgba(var(--brz-global-color3),1);\"> Sklep <\/span><span style=\"color: rgba(var(--brz-global-color3),1);\" class=\"brz-cp-color3\">     <\/span><a class=\"brz-cp-color3 link--external\" style=\"color: rgba(var(--brz-global-color3),1);\" href=\"https:\/\/wedding.sowinskifoto.pl\/sesje-rodzinne\/\" data-brz-link-type=\"external\">Fotografia Rodzinna<\/a><span style=\"color: rgba(var(--brz-global-color3),1);\" class=\"brz-cp-color3\">       <\/span><span class=\"brz-cp-color3 brz-span\" style=\"color: rgba(var(--brz-global-color3),1);\">Aktualno\u015bci<\/span><\/p>\n<\/div>\n<\/div>\n<\/div>\n<\/div>\n<\/div>\n<div class=\"brz-columns brz-css-xche25 brz-css-1gf508l\" data-brz-custom-id=\"bbgSHW1XzgiR\">\n<div class=\"brz-bg\">\n<div class=\"brz-bg-image\"><\/div>\n<\/div>\n<div class=\"brz-column__items brz-css-r84vgh brz-css-hpabh3\"><\/div>\n<\/div>\n<\/div>\n<\/div>\n<div class=\"brz-row__container brz-css-1ogxdej brz-css-qvfy9a\" data-brz-custom-id=\"suXLgXRa4tRl\">\n<div class=\"brz-bg\"><\/div>\n<div class=\"brz-row brz-css-ze9qia brz-css-13ht2lw\">\n<div class=\"brz-columns brz-css-xche25 brz-css-1c50s8s\" data-brz-custom-id=\"ohuN8SXaFMQg\">\n<div class=\"brz-column__items brz-css-r84vgh brz-css-1mvfdi\">\n<div id=\"\" class=\"brz-css-1guuwfh brz-css-mx0gzk brz-wrapper\">\n<div class=\"brz-rich-text brz-rich-text__custom brz-css-66vwpf brz-css-qs3w2m\" data-brz-custom-id=\"s3iFuhIfyT1a\">\n<div data-brz-translate-text=\"1\">\n<p class=\"brz-tp-lg-paragraph brz-text-lg-justify brz-css-o8fI5\" data-generated-css=\"brz-css-i1KGq\" data-uniq-id=\"evvkN\"><span class=\"brz-cp-color7\">The point of using dummy text for your paragraph is that it has a more-or-less normal distribution of <\/span><span class=\"brz-cp-color7\" style=\"color: rgb(255, 255, 255);\">Copyright <\/span><strong class=\"brz-cp-color7\" style=\"color: rgb(255, 255, 255);\">\u00a9<\/strong><span class=\"brz-cp-color7\" style=\"color: rgb(255, 255, 255);\">&nbsp;2025 \u0141ukasz Sow\u0144ski<\/span><span class=\"brz-cp-color7\">b<\/span><\/p>\n<\/div>\n<\/div>\n<\/div>\n<\/div>\n<\/div>\n<\/div>\n<\/div>\n<\/div>\n<\/footer>\n<\/div>\n<p>    <!-- version:1756996899 --><\/p>\n","protected":false},"excerpt":{"rendered":"<p>Strona G\u0142\u00f3wna Fotografia \u015blubna Krajobraz Sklep Aktualno\u015bci Strona G\u0142\u00f3wna Fotografia \u015blubna Krajobraz Sklep Aktualno\u015bci Strona G\u0142\u00f3wna Fotografia \u015blubna Krajobraz Sklep Aktualno\u015bci Strona G\u0142\u00f3wna Fotografia \u015blubna Krajobraz Sklep Aktualno\u015bci tel. 788 463 976 Tour De Pologne- Zubrzyca Dolna Fotografia \u015blubna \u015blub, wesele, plener Sklep kup zdj\u0119cia na stron\u0119 www lub jako dekoracja domu Fotografia rodzinna chrzest, [&hellip;]<\/p>\n","protected":false},"author":1,"featured_media":4021,"comment_status":"open","ping_status":"open","sticky":false,"template":"brizy-blank-template.php","format":"standard","meta":{"_jetpack_memberships_contains_paid_content":false,"footnotes":""},"categories":[9,7],"tags":[34],"class_list":["post-4009","post","type-post","status-publish","format-standard","has-post-thumbnail","hentry","category-sport","category-wydarzenia","tag-tour-de-pologne-w-gminie-jablonka"],"yoast_head":"<!-- This site is optimized with the Yoast SEO plugin v25.3.1 - https:\/\/yoast.com\/wordpress\/plugins\/seo\/ -->\n<title>Tour de Pologne w Gminie Jab\u0142onka - Sowinskifoto.pl<\/title>\n<meta name=\"description\" content=\"Tour de Pologne w Gminie Jab\u0142onka\" \/>\n<meta name=\"robots\" content=\"index, follow, max-snippet:-1, max-image-preview:large, max-video-preview:-1\" \/>\n<link rel=\"canonical\" href=\"https:\/\/sowinskifoto.pl\/?p=4009\" \/>\n<meta property=\"og:locale\" content=\"pl_PL\" \/>\n<meta property=\"og:type\" content=\"article\" \/>\n<meta property=\"og:title\" content=\"Tour de Pologne w Gminie Jab\u0142onka - Sowinskifoto.pl\" \/>\n<meta property=\"og:description\" content=\"Tour de Pologne w Gminie Jab\u0142onka\" \/>\n<meta property=\"og:url\" content=\"https:\/\/sowinskifoto.pl\/?p=4009\" \/>\n<meta property=\"og:site_name\" content=\"Sowinskifoto.pl\" \/>\n<meta property=\"article:published_time\" content=\"2025-08-08T15:35:50+00:00\" \/>\n<meta property=\"article:modified_time\" content=\"2025-09-04T14:41:40+00:00\" \/>\n<meta property=\"og:image\" content=\"http:\/\/sowinskifoto.pl\/wp-content\/uploads\/2025\/08\/tour-de-pologne0009.jpg\" \/>\n\t<meta property=\"og:image:width\" content=\"1400\" \/>\n\t<meta property=\"og:image:height\" content=\"933\" \/>\n\t<meta property=\"og:image:type\" content=\"image\/jpeg\" \/>\n<meta name=\"author\" content=\"sowinskifoto\" \/>\n<meta name=\"twitter:card\" content=\"summary_large_image\" \/>\n<meta name=\"twitter:label1\" content=\"Napisane przez\" \/>\n\t<meta name=\"twitter:data1\" content=\"sowinskifoto\" \/>\n\t<meta name=\"twitter:label2\" content=\"Szacowany czas czytania\" \/>\n\t<meta name=\"twitter:data2\" content=\"11 minut\" \/>\n<script type=\"application\/ld+json\" class=\"yoast-schema-graph\">{\"@context\":\"https:\/\/schema.org\",\"@graph\":[{\"@type\":\"WebPage\",\"@id\":\"https:\/\/sowinskifoto.pl\/?p=4009\",\"url\":\"https:\/\/sowinskifoto.pl\/?p=4009\",\"name\":\"Tour de Pologne w Gminie Jab\u0142onka - Sowinskifoto.pl\",\"isPartOf\":{\"@id\":\"http:\/\/sowinskifoto.pl\/#website\"},\"primaryImageOfPage\":{\"@id\":\"https:\/\/sowinskifoto.pl\/?p=4009#primaryimage\"},\"image\":{\"@id\":\"https:\/\/sowinskifoto.pl\/?p=4009#primaryimage\"},\"thumbnailUrl\":\"https:\/\/sowinskifoto.pl\/wp-content\/uploads\/2025\/08\/tour-de-pologne0009.jpg\",\"datePublished\":\"2025-08-08T15:35:50+00:00\",\"dateModified\":\"2025-09-04T14:41:40+00:00\",\"author\":{\"@id\":\"http:\/\/sowinskifoto.pl\/#\/schema\/person\/9304e3132e46598563b447141b897475\"},\"description\":\"Tour de Pologne w Gminie Jab\u0142onka\",\"breadcrumb\":{\"@id\":\"https:\/\/sowinskifoto.pl\/?p=4009#breadcrumb\"},\"inLanguage\":\"pl-PL\",\"potentialAction\":[{\"@type\":\"ReadAction\",\"target\":[\"https:\/\/sowinskifoto.pl\/?p=4009\"]}]},{\"@type\":\"ImageObject\",\"inLanguage\":\"pl-PL\",\"@id\":\"https:\/\/sowinskifoto.pl\/?p=4009#primaryimage\",\"url\":\"https:\/\/sowinskifoto.pl\/wp-content\/uploads\/2025\/08\/tour-de-pologne0009.jpg\",\"contentUrl\":\"https:\/\/sowinskifoto.pl\/wp-content\/uploads\/2025\/08\/tour-de-pologne0009.jpg\",\"width\":1400,\"height\":933,\"caption\":\"Tour de Pologne w Gminie Jab\u0142onka\"},{\"@type\":\"BreadcrumbList\",\"@id\":\"https:\/\/sowinskifoto.pl\/?p=4009#breadcrumb\",\"itemListElement\":[{\"@type\":\"ListItem\",\"position\":1,\"name\":\"Home\",\"item\":\"http:\/\/sowinskifoto.pl\/\"},{\"@type\":\"ListItem\",\"position\":2,\"name\":\"Tour de Pologne w Gminie Jab\u0142onka\"}]},{\"@type\":\"WebSite\",\"@id\":\"http:\/\/sowinskifoto.pl\/#website\",\"url\":\"http:\/\/sowinskifoto.pl\/\",\"name\":\"Sowinskifoto.pl\",\"description\":\"fotograf \u015blubny\",\"potentialAction\":[{\"@type\":\"SearchAction\",\"target\":{\"@type\":\"EntryPoint\",\"urlTemplate\":\"http:\/\/sowinskifoto.pl\/?s={search_term_string}\"},\"query-input\":{\"@type\":\"PropertyValueSpecification\",\"valueRequired\":true,\"valueName\":\"search_term_string\"}}],\"inLanguage\":\"pl-PL\"},{\"@type\":\"Person\",\"@id\":\"http:\/\/sowinskifoto.pl\/#\/schema\/person\/9304e3132e46598563b447141b897475\",\"name\":\"sowinskifoto\",\"image\":{\"@type\":\"ImageObject\",\"inLanguage\":\"pl-PL\",\"@id\":\"http:\/\/sowinskifoto.pl\/#\/schema\/person\/image\/\",\"url\":\"https:\/\/secure.gravatar.com\/avatar\/8ecab1b6cda8e3e0582e6e688506ff572bb410e5fd229aabcfbb02992ef6210a?s=96&d=mm&r=g\",\"contentUrl\":\"https:\/\/secure.gravatar.com\/avatar\/8ecab1b6cda8e3e0582e6e688506ff572bb410e5fd229aabcfbb02992ef6210a?s=96&d=mm&r=g\",\"caption\":\"sowinskifoto\"},\"sameAs\":[\"http:\/\/sowinskifoto.pl\"],\"url\":\"https:\/\/sowinskifoto.pl\/?author=1\"}]}<\/script>\n<!-- \/ Yoast SEO plugin. -->","yoast_head_json":{"title":"Tour de Pologne w Gminie Jab\u0142onka - Sowinskifoto.pl","description":"Tour de Pologne w Gminie Jab\u0142onka","robots":{"index":"index","follow":"follow","max-snippet":"max-snippet:-1","max-image-preview":"max-image-preview:large","max-video-preview":"max-video-preview:-1"},"canonical":"https:\/\/sowinskifoto.pl\/?p=4009","og_locale":"pl_PL","og_type":"article","og_title":"Tour de Pologne w Gminie Jab\u0142onka - Sowinskifoto.pl","og_description":"Tour de Pologne w Gminie Jab\u0142onka","og_url":"https:\/\/sowinskifoto.pl\/?p=4009","og_site_name":"Sowinskifoto.pl","article_published_time":"2025-08-08T15:35:50+00:00","article_modified_time":"2025-09-04T14:41:40+00:00","og_image":[{"width":1400,"height":933,"url":"http:\/\/sowinskifoto.pl\/wp-content\/uploads\/2025\/08\/tour-de-pologne0009.jpg","type":"image\/jpeg"}],"author":"sowinskifoto","twitter_card":"summary_large_image","twitter_misc":{"Napisane przez":"sowinskifoto","Szacowany czas czytania":"11 minut"},"schema":{"@context":"https:\/\/schema.org","@graph":[{"@type":"WebPage","@id":"https:\/\/sowinskifoto.pl\/?p=4009","url":"https:\/\/sowinskifoto.pl\/?p=4009","name":"Tour de Pologne w Gminie Jab\u0142onka - Sowinskifoto.pl","isPartOf":{"@id":"http:\/\/sowinskifoto.pl\/#website"},"primaryImageOfPage":{"@id":"https:\/\/sowinskifoto.pl\/?p=4009#primaryimage"},"image":{"@id":"https:\/\/sowinskifoto.pl\/?p=4009#primaryimage"},"thumbnailUrl":"https:\/\/sowinskifoto.pl\/wp-content\/uploads\/2025\/08\/tour-de-pologne0009.jpg","datePublished":"2025-08-08T15:35:50+00:00","dateModified":"2025-09-04T14:41:40+00:00","author":{"@id":"http:\/\/sowinskifoto.pl\/#\/schema\/person\/9304e3132e46598563b447141b897475"},"description":"Tour de Pologne w Gminie Jab\u0142onka","breadcrumb":{"@id":"https:\/\/sowinskifoto.pl\/?p=4009#breadcrumb"},"inLanguage":"pl-PL","potentialAction":[{"@type":"ReadAction","target":["https:\/\/sowinskifoto.pl\/?p=4009"]}]},{"@type":"ImageObject","inLanguage":"pl-PL","@id":"https:\/\/sowinskifoto.pl\/?p=4009#primaryimage","url":"https:\/\/sowinskifoto.pl\/wp-content\/uploads\/2025\/08\/tour-de-pologne0009.jpg","contentUrl":"https:\/\/sowinskifoto.pl\/wp-content\/uploads\/2025\/08\/tour-de-pologne0009.jpg","width":1400,"height":933,"caption":"Tour de Pologne w Gminie Jab\u0142onka"},{"@type":"BreadcrumbList","@id":"https:\/\/sowinskifoto.pl\/?p=4009#breadcrumb","itemListElement":[{"@type":"ListItem","position":1,"name":"Home","item":"http:\/\/sowinskifoto.pl\/"},{"@type":"ListItem","position":2,"name":"Tour de Pologne w Gminie Jab\u0142onka"}]},{"@type":"WebSite","@id":"http:\/\/sowinskifoto.pl\/#website","url":"http:\/\/sowinskifoto.pl\/","name":"Sowinskifoto.pl","description":"fotograf \u015blubny","potentialAction":[{"@type":"SearchAction","target":{"@type":"EntryPoint","urlTemplate":"http:\/\/sowinskifoto.pl\/?s={search_term_string}"},"query-input":{"@type":"PropertyValueSpecification","valueRequired":true,"valueName":"search_term_string"}}],"inLanguage":"pl-PL"},{"@type":"Person","@id":"http:\/\/sowinskifoto.pl\/#\/schema\/person\/9304e3132e46598563b447141b897475","name":"sowinskifoto","image":{"@type":"ImageObject","inLanguage":"pl-PL","@id":"http:\/\/sowinskifoto.pl\/#\/schema\/person\/image\/","url":"https:\/\/secure.gravatar.com\/avatar\/8ecab1b6cda8e3e0582e6e688506ff572bb410e5fd229aabcfbb02992ef6210a?s=96&d=mm&r=g","contentUrl":"https:\/\/secure.gravatar.com\/avatar\/8ecab1b6cda8e3e0582e6e688506ff572bb410e5fd229aabcfbb02992ef6210a?s=96&d=mm&r=g","caption":"sowinskifoto"},"sameAs":["http:\/\/sowinskifoto.pl"],"url":"https:\/\/sowinskifoto.pl\/?author=1"}]}},"jetpack_featured_media_url":"https:\/\/sowinskifoto.pl\/wp-content\/uploads\/2025\/08\/tour-de-pologne0009.jpg","jetpack_sharing_enabled":true,"_links":{"self":[{"href":"https:\/\/sowinskifoto.pl\/index.php?rest_route=\/wp\/v2\/posts\/4009","targetHints":{"allow":["GET"]}}],"collection":[{"href":"https:\/\/sowinskifoto.pl\/index.php?rest_route=\/wp\/v2\/posts"}],"about":[{"href":"https:\/\/sowinskifoto.pl\/index.php?rest_route=\/wp\/v2\/types\/post"}],"author":[{"embeddable":true,"href":"https:\/\/sowinskifoto.pl\/index.php?rest_route=\/wp\/v2\/users\/1"}],"replies":[{"embeddable":true,"href":"https:\/\/sowinskifoto.pl\/index.php?rest_route=%2Fwp%2Fv2%2Fcomments&post=4009"}],"version-history":[{"count":6,"href":"https:\/\/sowinskifoto.pl\/index.php?rest_route=\/wp\/v2\/posts\/4009\/revisions"}],"predecessor-version":[{"id":4384,"href":"https:\/\/sowinskifoto.pl\/index.php?rest_route=\/wp\/v2\/posts\/4009\/revisions\/4384"}],"wp:featuredmedia":[{"embeddable":true,"href":"https:\/\/sowinskifoto.pl\/index.php?rest_route=\/wp\/v2\/media\/4021"}],"wp:attachment":[{"href":"https:\/\/sowinskifoto.pl\/index.php?rest_route=%2Fwp%2Fv2%2Fmedia&parent=4009"}],"wp:term":[{"taxonomy":"category","embeddable":true,"href":"https:\/\/sowinskifoto.pl\/index.php?rest_route=%2Fwp%2Fv2%2Fcategories&post=4009"},{"taxonomy":"post_tag","embeddable":true,"href":"https:\/\/sowinskifoto.pl\/index.php?rest_route=%2Fwp%2Fv2%2Ftags&post=4009"}],"curies":[{"name":"wp","href":"https:\/\/api.w.org\/{rel}","templated":true}]}}