{"id":2254,"date":"2025-07-23T02:19:08","date_gmt":"2025-07-23T00:19:08","guid":{"rendered":"https:\/\/sowinskifoto.pl\/?p=2254"},"modified":"2025-09-04T16:52:14","modified_gmt":"2025-09-04T14:52:14","slug":"dzien-orawsko-serbski-swieto-dzieci-gor","status":"publish","type":"post","link":"https:\/\/sowinskifoto.pl\/?p=2254","title":{"rendered":"Dzie\u0144 Orawsko-Serbski. \u015awi\u0119to Dzieci G\u00f3r"},"content":{"rendered":"<div class=\"brz-root__container brz-reset-all brz brz-root__container-page\">\n<section id=\"fe55098ab67ba8e24be3_gbhKF0wzx_H6\" class=\"brz-section brz-section__header brz-css-1i1m5qw brz-css-1a9pnqf\">\n<div class=\"brz-section__header--animated brz-css-1i1m5qw brz-css-1a9pnqf\">\n<div class=\"brz-section__header-sticky-item brz-css-1snshm5 brz-css-ujfhhr\" data-brz-custom-id=\"gQ22ayJzFYW8\">\n<div class=\"brz-bg\">\n<div class=\"brz-bg-color\"><\/div>\n<\/div>\n<div class=\"brz-container brz-css-1rzbeod brz-css-166x3j2\">\n<div class=\"brz-row__container brz-css-1ufig5o brz-css-1n3bsg4\" data-brz-custom-id=\"n_fi5wbwDna_\">\n<div class=\"brz-row brz-css-107n317 brz-css-cphkfg\">\n<div class=\"brz-columns brz-css-1yn7ui7 brz-css-1p51b1j\" data-brz-custom-id=\"qLStj2CiDoVO\">\n<div class=\"brz-bg\">\n<div class=\"brz-bg-image\"><\/div>\n<\/div>\n<div class=\"brz-column__items brz-css-1s0hved brz-css-661ad2\"><\/div>\n<\/div>\n<div class=\"brz-columns brz-css-1yn7ui7 brz-css-1ivvt7z\" data-brz-custom-id=\"fPtJIUPUAufL\">\n<div class=\"brz-column__items brz-css-1s0hved brz-css-1cqvnlu\">\n<div id=\"\" class=\"brz-css-tpl61k brz-css-169w8ur brz-wrapper\">\n<div class=\"brz-menu__container brz-css-1w04a0i brz-css-vjhn8m\" data-mmenu-id=\"#tIzBJkJKoKYV_3836f6ac404b7deecbe5\" data-mmenu-position=\"position-left\" data-mmenu-title=\"Main Menu\" data-mmenu-stickytitle=\"on\" data-mmenu-closingicon=\"%7B%22desktop%22%3A%22off%22%2C%22tablet%22%3A%22off%22%2C%22mobile%22%3A%22off%22%7D\" data-brz-custom-id=\"tIzBJkJKoKYV\">\n<nav data-mods=\"%7B%22desktop%22%3A%22horizontal%22%2C%22tablet%22%3A%22horizontal%22%2C%22mobile%22%3A%22horizontal%22%7D\" class=\"brz-menu brz-menu__preview brz-css-1fhq3mu brz-css-hwb4io\">\n<ul class=\"brz-menu__ul\" data-menu-items-active=\"\">\n<li data-menu-item-id=\"74b4c15f173e4bc0a2fd36a0ee708699\" class=\"brz-menu__item menu-item menu-item-type-post_type menu-item-object-page menu-item-home\"><a class=\"brz-a\" target=\"\" href=\"https:\/\/sowinskifoto.pl\/\" title=\"\"><span class=\"brz-span\">Strona G\u0142\u00f3wna<\/span><\/a><\/li>\n<li data-menu-item-id=\"0740093547b7e1b5827cd76bc262d13c\" class=\"brz-menu__item menu-item menu-item-type-custom menu-item-object-custom\"><a class=\"brz-a\" target=\"\" href=\"https:\/\/www.wedding.sowinskifoto.pl\/\" title=\"\"><span class=\"brz-span\">Fotografia \u015blubna<\/span><\/a><\/li>\n<li data-menu-item-id=\"cd2897e814d9b09e555d490cf0d9ef7b\" class=\"brz-menu__item menu-item menu-item-type-custom menu-item-object-custom\"><a class=\"brz-a\" target=\"\" href=\"https:\/\/krajobraz.sowinskifoto.pl\/\" title=\"\"><span class=\"brz-span\">Krajobraz<\/span><\/a><\/li>\n<li data-menu-item-id=\"f63c45bbfce4b8729e4857598d1d4090\" class=\"brz-menu__item menu-item menu-item-type-custom menu-item-object-custom\"><a class=\"brz-a\" target=\"\" href=\"https:\/\/krajobraz.sowinskifoto.pl\/krajobraz-zdjecia-na-plotnie\/\" title=\"\"><span class=\"brz-span\">Sklep<\/span><\/a><\/li>\n<li data-menu-item-id=\"4d663a920a16178b4b39cbc06da77bdc\" class=\"brz-menu__item menu-item menu-item-type-post_type menu-item-object-page current_page_parent\"><a class=\"brz-a\" target=\"\" href=\"https:\/\/sowinskifoto.pl\/?page_id=2\" title=\"\"><span class=\"brz-span\">Aktualno\u015bci<\/span><\/a><\/li>\n<\/ul>\n<\/nav>\n<div class=\"brz-mm-menu__icon\"><svg class=\"brz-icon-svg align-[initial]\"><use href=\"\/wp-content\/plugins\/brizy\/public\/editor-build\/prod\/editor\/icons\/editor\/menu-3.svg#brz_icon\"><\/use><\/svg><\/div>\n<nav data-mods=\"%7B%22desktop%22%3A%22horizontal%22%2C%22tablet%22%3A%22horizontal%22%2C%22mobile%22%3A%22horizontal%22%7D\" id=\"tIzBJkJKoKYV_3836f6ac404b7deecbe5\" class=\"brz-menu brz-menu__preview brz-menu__mmenu brz-css-1dv98v brz-css-n14c4b\">\n<ul class=\"brz-menu__ul\" data-menu-items-active=\"\">\n<li data-menu-item-id=\"74b4c15f173e4bc0a2fd36a0ee708699\" class=\"brz-menu__item menu-item menu-item-type-post_type menu-item-object-page menu-item-home\"><a class=\"brz-a\" target=\"\" href=\"https:\/\/sowinskifoto.pl\/\" title=\"\"><span class=\"brz-span\">Strona G\u0142\u00f3wna<\/span><\/a><\/li>\n<li data-menu-item-id=\"0740093547b7e1b5827cd76bc262d13c\" class=\"brz-menu__item menu-item menu-item-type-custom menu-item-object-custom\"><a class=\"brz-a\" target=\"\" href=\"https:\/\/www.wedding.sowinskifoto.pl\/\" title=\"\"><span class=\"brz-span\">Fotografia \u015blubna<\/span><\/a><\/li>\n<li data-menu-item-id=\"cd2897e814d9b09e555d490cf0d9ef7b\" class=\"brz-menu__item menu-item menu-item-type-custom menu-item-object-custom\"><a class=\"brz-a\" target=\"\" href=\"https:\/\/krajobraz.sowinskifoto.pl\/\" title=\"\"><span class=\"brz-span\">Krajobraz<\/span><\/a><\/li>\n<li data-menu-item-id=\"f63c45bbfce4b8729e4857598d1d4090\" class=\"brz-menu__item menu-item menu-item-type-custom menu-item-object-custom\"><a class=\"brz-a\" target=\"\" href=\"https:\/\/krajobraz.sowinskifoto.pl\/krajobraz-zdjecia-na-plotnie\/\" title=\"\"><span class=\"brz-span\">Sklep<\/span><\/a><\/li>\n<li data-menu-item-id=\"4d663a920a16178b4b39cbc06da77bdc\" class=\"brz-menu__item menu-item menu-item-type-post_type menu-item-object-page current_page_parent\"><a class=\"brz-a\" target=\"\" href=\"https:\/\/sowinskifoto.pl\/?page_id=2\" title=\"\"><span class=\"brz-span\">Aktualno\u015bci<\/span><\/a><\/li>\n<\/ul>\n<\/nav>\n<\/div>\n<\/div>\n<\/div>\n<\/div>\n<\/div>\n<\/div>\n<\/div>\n<\/div>\n<\/div>\n<div class=\"brz-section__menu-item brz-css-jhfd5m brz-css-1d7zgwf\" data-brz-custom-id=\"xbXxuVcgWOqU\">\n<div class=\"brz-container brz-css-1k6aqk3 brz-css-1d3kd50\">\n<div class=\"brz-row__container brz-css-1ufig5o brz-css-19yzgy6\" data-brz-custom-id=\"ddKV6NEOicJh\">\n<div class=\"brz-row brz-css-107n317 brz-css-gr6r9y\">\n<div class=\"brz-columns brz-css-1yn7ui7 brz-css-1h10923\" data-brz-custom-id=\"v0kR0LSbqtpg\">\n<div class=\"brz-bg\">\n<div class=\"brz-bg-color\"><\/div>\n<\/div>\n<div class=\"brz-column__items brz-css-1s0hved brz-css-o671xa\">\n<div id=\"\" class=\"brz-css-tpl61k brz-css-umg3lo brz-wrapper\">\n<div class=\"brz-image brz-css-adsxdy brz-css-11bt9e3\" data-brz-custom-id=\"k7cjR7tOJsGH\"><picture class=\"brz-picture brz-d-block brz-p-relative brz-css-92ix9t brz-css-wnptka\"><source srcset=\"https:\/\/sowinskifoto.pl\/wp-content\/uploads\/2025\/06\/logo-1.png 1x, https:\/\/sowinskifoto.pl\/wp-content\/uploads\/2025\/06\/logo-1.png 2x\" media=\"(min-width: 992px)\"><source srcset=\"https:\/\/sowinskifoto.pl\/wp-content\/uploads\/2025\/06\/logo-1.png 1x, https:\/\/sowinskifoto.pl\/wp-content\/uploads\/2025\/06\/logo-1.png 2x\" media=\"(min-width: 768px)\"><img data-recalc-dims=\"1\" decoding=\"async\" class=\"brz-img\" srcset=\"https:\/\/sowinskifoto.pl\/wp-content\/uploads\/2025\/06\/logo-1.png 1x, https:\/\/sowinskifoto.pl\/wp-content\/uploads\/2025\/06\/logo-1.png 2x\" src=\"https:\/\/i0.wp.com\/sowinskifoto.pl\/wp-content\/uploads\/2025\/06\/logo-1.png?ssl=1\" alt=\"\" title=\"logo 1\" draggable=\"false\" loading=\"lazy\"><\/picture><\/div>\n<\/div>\n<\/div>\n<\/div>\n<div class=\"brz-columns brz-css-1yn7ui7 brz-css-rw8kxe\" data-brz-custom-id=\"sca_JWOnXsth\">\n<div class=\"brz-bg\">\n<div class=\"brz-bg-color\"><\/div>\n<\/div>\n<div class=\"brz-column__items brz-css-1s0hved brz-css-1w9ivw3\">\n<div id=\"\" class=\"brz-css-tpl61k brz-css-1vphws3 brz-wrapper\">\n<div class=\"brz-menu__container brz-css-1w04a0i brz-css-107iuox\" data-mmenu-id=\"#c1A2z0MljqYl_3836f6ac404b7deecbe5\" data-mmenu-position=\"position-left\" data-mmenu-title=\"Main Menu\" data-mmenu-stickytitle=\"on\" data-mmenu-closingicon=\"%7B%22desktop%22%3A%22off%22%2C%22tablet%22%3A%22off%22%2C%22mobile%22%3A%22off%22%7D\" data-brz-custom-id=\"c1A2z0MljqYl\">\n<nav data-mods=\"%7B%22desktop%22%3A%22horizontal%22%2C%22tablet%22%3A%22horizontal%22%2C%22mobile%22%3A%22horizontal%22%7D\" class=\"brz-menu brz-menu__preview brz-css-1fhq3mu brz-css-1g49r7e\">\n<ul class=\"brz-menu__ul\" data-menu-items-active=\"\">\n<li data-menu-item-id=\"74b4c15f173e4bc0a2fd36a0ee708699\" class=\"brz-menu__item menu-item menu-item-type-post_type menu-item-object-page menu-item-home\"><a class=\"brz-a\" target=\"\" href=\"https:\/\/sowinskifoto.pl\/\" title=\"\"><span class=\"brz-span\">Strona G\u0142\u00f3wna<\/span><\/a><\/li>\n<li data-menu-item-id=\"0740093547b7e1b5827cd76bc262d13c\" class=\"brz-menu__item menu-item menu-item-type-custom menu-item-object-custom\"><a class=\"brz-a\" target=\"\" href=\"https:\/\/www.wedding.sowinskifoto.pl\/\" title=\"\"><span class=\"brz-span\">Fotografia \u015blubna<\/span><\/a><\/li>\n<li data-menu-item-id=\"cd2897e814d9b09e555d490cf0d9ef7b\" class=\"brz-menu__item menu-item menu-item-type-custom menu-item-object-custom\"><a class=\"brz-a\" target=\"\" href=\"https:\/\/krajobraz.sowinskifoto.pl\/\" title=\"\"><span class=\"brz-span\">Krajobraz<\/span><\/a><\/li>\n<li data-menu-item-id=\"f63c45bbfce4b8729e4857598d1d4090\" class=\"brz-menu__item menu-item menu-item-type-custom menu-item-object-custom\"><a class=\"brz-a\" target=\"\" href=\"https:\/\/krajobraz.sowinskifoto.pl\/krajobraz-zdjecia-na-plotnie\/\" title=\"\"><span class=\"brz-span\">Sklep<\/span><\/a><\/li>\n<li data-menu-item-id=\"4d663a920a16178b4b39cbc06da77bdc\" class=\"brz-menu__item menu-item menu-item-type-post_type menu-item-object-page current_page_parent\"><a class=\"brz-a\" target=\"\" href=\"https:\/\/sowinskifoto.pl\/?page_id=2\" title=\"\"><span class=\"brz-span\">Aktualno\u015bci<\/span><\/a><\/li>\n<\/ul>\n<\/nav>\n<div class=\"brz-mm-menu__icon\"><svg class=\"brz-icon-svg align-[initial]\"><use href=\"\/wp-content\/plugins\/brizy\/public\/editor-build\/prod\/editor\/icons\/editor\/menu-3.svg#brz_icon\"><\/use><\/svg><\/div>\n<nav data-mods=\"%7B%22desktop%22%3A%22horizontal%22%2C%22tablet%22%3A%22horizontal%22%2C%22mobile%22%3A%22horizontal%22%7D\" id=\"c1A2z0MljqYl_3836f6ac404b7deecbe5\" class=\"brz-menu brz-menu__preview brz-menu__mmenu brz-css-1dv98v brz-css-vmr6o4\">\n<ul class=\"brz-menu__ul\" data-menu-items-active=\"\">\n<li data-menu-item-id=\"74b4c15f173e4bc0a2fd36a0ee708699\" class=\"brz-menu__item menu-item menu-item-type-post_type menu-item-object-page menu-item-home\"><a class=\"brz-a\" target=\"\" href=\"https:\/\/sowinskifoto.pl\/\" title=\"\"><span class=\"brz-span\">Strona G\u0142\u00f3wna<\/span><\/a><\/li>\n<li data-menu-item-id=\"0740093547b7e1b5827cd76bc262d13c\" class=\"brz-menu__item menu-item menu-item-type-custom menu-item-object-custom\"><a class=\"brz-a\" target=\"\" href=\"https:\/\/www.wedding.sowinskifoto.pl\/\" title=\"\"><span class=\"brz-span\">Fotografia \u015blubna<\/span><\/a><\/li>\n<li data-menu-item-id=\"cd2897e814d9b09e555d490cf0d9ef7b\" class=\"brz-menu__item menu-item menu-item-type-custom menu-item-object-custom\"><a class=\"brz-a\" target=\"\" href=\"https:\/\/krajobraz.sowinskifoto.pl\/\" title=\"\"><span class=\"brz-span\">Krajobraz<\/span><\/a><\/li>\n<li data-menu-item-id=\"f63c45bbfce4b8729e4857598d1d4090\" class=\"brz-menu__item menu-item menu-item-type-custom menu-item-object-custom\"><a class=\"brz-a\" target=\"\" href=\"https:\/\/krajobraz.sowinskifoto.pl\/krajobraz-zdjecia-na-plotnie\/\" title=\"\"><span class=\"brz-span\">Sklep<\/span><\/a><\/li>\n<li data-menu-item-id=\"4d663a920a16178b4b39cbc06da77bdc\" class=\"brz-menu__item menu-item menu-item-type-post_type menu-item-object-page current_page_parent\"><a class=\"brz-a\" target=\"\" href=\"https:\/\/sowinskifoto.pl\/?page_id=2\" title=\"\"><span class=\"brz-span\">Aktualno\u015bci<\/span><\/a><\/li>\n<\/ul>\n<\/nav>\n<\/div>\n<\/div>\n<\/div>\n<\/div>\n<div class=\"brz-columns brz-css-1yn7ui7 brz-css-w44v8b\" data-brz-custom-id=\"fk3Q1Qn99Mbm\">\n<div class=\"brz-bg\">\n<div class=\"brz-bg-color\"><\/div>\n<\/div>\n<div class=\"brz-column__items brz-css-1s0hved brz-css-1mqpi8r\">\n<div id=\"\" class=\"brz-css-tpl61k brz-css-1ytqw33 brz-wrapper\">\n<div class=\"brz-rich-text brz-rich-text__custom brz-css-1nno4g brz-css-13urq35\" data-brz-custom-id=\"j_CtZU6nMc0R\">\n<div data-brz-translate-text=\"1\">\n<p class=\"brz-tp-lg-paragraph brz-text-lg-center brz-css-zo0ia\" data-uniq-id=\"x_9Qs\" data-generated-css=\"brz-css-fkDKu\"><span style=\"color: rgba(var(--brz-global-color3),1);\" class=\"brz-cp-color3\">tel. 788 463 976<\/span><\/p>\n<\/div>\n<\/div>\n<\/div>\n<\/div>\n<\/div>\n<\/div>\n<\/div>\n<\/div>\n<\/div>\n<\/section>\n<section id=\"2de3f48e4374f50c3913_gTrR1kWhipQ5\" class=\"brz-section brz-css-5u7bwl brz-css-air34f\">\n<div class=\"brz-section__content brz-section--fullWidth brz-css-1k2ar0g brz-css-1fea4rg\" data-brz-custom-id=\"dNuyXkaUlAzX\">\n<div class=\"brz-container brz-css-fl2wgv brz-css-w9dhtm\">\n<div class=\"brz-row__container brz-css-1ufig5o brz-css-15m2hyk\" data-brz-custom-id=\"j_4PLC3x_Anm\">\n<div class=\"brz-row brz-css-107n317 brz-css-13y5g5u brz-css-1o9rgtt\">\n<div class=\"brz-columns brz-css-1yn7ui7 brz-css-p5stl\" data-brz-custom-id=\"pvdbZ9xKbHle\">\n<div class=\"brz-column__items brz-css-1s0hved brz-css-1kmkts5\">\n<div class=\"brz-row__container brz-css-1ufig5o brz-css-19agjd5\" data-brz-custom-id=\"foygApa5ELXS\">\n<div class=\"brz-row brz-row--inner brz-css-107n317 brz-css-1nz7o90\">\n<div class=\"brz-columns brz-css-1yn7ui7 brz-css-13qr9px\" data-brz-custom-id=\"kW3XIw6b92sR\">\n<div class=\"brz-column__items brz-css-1s0hved brz-css-1tvvsrg\">\n<div id=\"\" class=\"brz-css-tpl61k brz-css-1yaof21 brz-wrapper\">\n<div class=\"brz-rich-text brz-rich-text__custom brz-css-1nno4g brz-css-36k9gw\" data-brz-custom-id=\"t_8mINbWlw4j\">\n<div data-brz-translate-text=\"1\">\n<p class=\"brz-fs-lg-69 brz-ft-google brz-ff-playfair_display brz-tp-lg-empty brz-fsft-lg-0 brz-fwdth-lg-100 brz-vfw-lg-400 brz-lh-lg-1_2 brz-ls-lg-0 brz-fw-lg-700 brz-fss-lg-px brz-text-lg-center brz-fss-xs-px brz-fw-xs-700 brz-ls-xs-0 brz-lh-xs-1_2 brz-vfw-xs-400 brz-fwdth-xs-100 brz-fsft-xs-0 brz-tp-xs-empty brz-fs-xs-28 brz-css-m5u9m\" data-uniq-id=\"gSKuK\" data-generated-css=\"brz-css-mRAXA\"><strong class=\"brz-bold-true brz-cp-color2\" style=\"color: rgb(146, 84, 6);\">Dzie\u0144 Orawsko-Serbski. \u015awi\u0119to Dzieci G\u00f3r<\/strong><\/p>\n<\/div>\n<\/div>\n<\/div>\n<\/div>\n<\/div>\n<\/div>\n<\/div>\n<div id=\"\" class=\"brz-css-tpl61k brz-css-i9o029 brz-wrapper\">\n<div class=\"brz-image__gallery\" data-brz-custom-id=\"xJn_MCtQhX9L\">\n<div class=\"brz-image__gallery-container\">\n<div class=\"brz-image__gallery-wrapper brz-d-xs-flex brz-flex-xs-wrap brz-image__gallery-justified brz-image__gallery-lightbox brz-css-1xm6y1g brz-css-114s3w5\" data-settings=\"%7B%22type%22%3A%22justified%22%2C%22settings%22%3A%7B%22rowHeight%22%3A308%2C%22itemSelector%22%3A%22.brz-image__gallery-item%22%2C%22responsive%22%3A%5B%7B%22breakpoint%22%3A1500%2C%22settings%22%3A%7B%22rowHeight%22%3A308%7D%7D%2C%7B%22breakpoint%22%3A991%2C%22settings%22%3A%7B%22rowHeight%22%3A308%7D%7D%2C%7B%22breakpoint%22%3A767%2C%22settings%22%3A%7B%22rowHeight%22%3A308%7D%7D%5D%7D%7D\">\n<div class=\"brz-image__gallery-item\">\n<div class=\"brz-image brz-css-19e9o7n brz-css-wjqatc\" data-brz-custom-id=\"ySXg8NfXXnma\"><a class=\"brz-a\" href=\"https:\/\/i0.wp.com\/sowinskifoto.pl\/wp-content\/uploads\/2025\/07\/Swieto-Dzieci-Gor6318.jpg?ssl=1\" target=\"_self\" rel=\"noopener\" data-brz-link-type=\"lightBox\"><picture class=\"brz-picture brz-d-block brz-p-relative brz-css-vnliae brz-css-13n7lb4\"><source srcset=\"https:\/\/sowinskifoto.pl\/wp-content\/uploads\/2025\/07\/Swieto-Dzieci-Gor6318.jpg 1x, https:\/\/sowinskifoto.pl\/wp-content\/uploads\/2025\/07\/Swieto-Dzieci-Gor6318.jpg 2x\" media=\"(min-width: 992px)\"><source srcset=\"https:\/\/sowinskifoto.pl\/wp-content\/uploads\/2025\/07\/Swieto-Dzieci-Gor6318.jpg 1x, https:\/\/sowinskifoto.pl\/wp-content\/uploads\/2025\/07\/Swieto-Dzieci-Gor6318.jpg 2x\" media=\"(min-width: 768px)\"><img data-recalc-dims=\"1\" decoding=\"async\" class=\"brz-img\" srcset=\"https:\/\/sowinskifoto.pl\/wp-content\/uploads\/2025\/07\/Swieto-Dzieci-Gor6318.jpg 1x, https:\/\/sowinskifoto.pl\/wp-content\/uploads\/2025\/07\/Swieto-Dzieci-Gor6318.jpg 2x\" src=\"https:\/\/i0.wp.com\/sowinskifoto.pl\/wp-content\/uploads\/2025\/07\/Swieto-Dzieci-Gor6318.jpg?ssl=1\" alt=\"\" title=\"Dzie\u0144 Orawsko-Serbski. \u015awi\u0119to Dzieci G\u00f3r\" draggable=\"false\" loading=\"lazy\"><\/picture><\/a><\/div>\n<\/div>\n<div class=\"brz-image__gallery-item\">\n<div class=\"brz-image brz-css-vypts0 brz-css-9vkzif\" data-brz-custom-id=\"yDsb_OO5kM6w\"><a class=\"brz-a\" href=\"https:\/\/i0.wp.com\/sowinskifoto.pl\/wp-content\/uploads\/2025\/07\/Swieto-Dzieci-Gor6319.jpg?ssl=1\" target=\"_self\" rel=\"noopener\" data-brz-link-type=\"lightBox\"><picture class=\"brz-picture brz-d-block brz-p-relative brz-css-e6q9q8 brz-css-3fqsbm\"><source srcset=\"https:\/\/sowinskifoto.pl\/wp-content\/uploads\/2025\/07\/Swieto-Dzieci-Gor6319.jpg 1x, https:\/\/sowinskifoto.pl\/wp-content\/uploads\/2025\/07\/Swieto-Dzieci-Gor6319.jpg 2x\" media=\"(min-width: 992px)\"><source srcset=\"https:\/\/sowinskifoto.pl\/wp-content\/uploads\/2025\/07\/Swieto-Dzieci-Gor6319.jpg 1x, https:\/\/sowinskifoto.pl\/wp-content\/uploads\/2025\/07\/Swieto-Dzieci-Gor6319.jpg 2x\" media=\"(min-width: 768px)\"><img data-recalc-dims=\"1\" decoding=\"async\" class=\"brz-img\" srcset=\"https:\/\/sowinskifoto.pl\/wp-content\/uploads\/2025\/07\/Swieto-Dzieci-Gor6319.jpg 1x, https:\/\/sowinskifoto.pl\/wp-content\/uploads\/2025\/07\/Swieto-Dzieci-Gor6319.jpg 2x\" src=\"https:\/\/i0.wp.com\/sowinskifoto.pl\/wp-content\/uploads\/2025\/07\/Swieto-Dzieci-Gor6319.jpg?ssl=1\" alt=\"\" title=\"Dzie\u0144 Orawsko-Serbski. \u015awi\u0119to Dzieci G\u00f3r\" draggable=\"false\" loading=\"lazy\"><\/picture><\/a><\/div>\n<\/div>\n<div class=\"brz-image__gallery-item\">\n<div class=\"brz-image brz-css-1udq37h brz-css-xqsnzu\" data-brz-custom-id=\"w70bcBeZo2Mm\"><a class=\"brz-a\" href=\"https:\/\/i0.wp.com\/sowinskifoto.pl\/wp-content\/uploads\/2025\/07\/Swieto-Dzieci-Gor6320.jpg?ssl=1\" target=\"_self\" rel=\"noopener\" data-brz-link-type=\"lightBox\"><picture class=\"brz-picture brz-d-block brz-p-relative brz-css-1sdpmkd brz-css-1tqhjpp\"><source srcset=\"https:\/\/sowinskifoto.pl\/wp-content\/uploads\/2025\/07\/Swieto-Dzieci-Gor6320.jpg 1x, https:\/\/sowinskifoto.pl\/wp-content\/uploads\/2025\/07\/Swieto-Dzieci-Gor6320.jpg 2x\" media=\"(min-width: 992px)\"><source srcset=\"https:\/\/sowinskifoto.pl\/wp-content\/uploads\/2025\/07\/Swieto-Dzieci-Gor6320.jpg 1x, https:\/\/sowinskifoto.pl\/wp-content\/uploads\/2025\/07\/Swieto-Dzieci-Gor6320.jpg 2x\" media=\"(min-width: 768px)\"><img data-recalc-dims=\"1\" decoding=\"async\" class=\"brz-img\" srcset=\"https:\/\/sowinskifoto.pl\/wp-content\/uploads\/2025\/07\/Swieto-Dzieci-Gor6320.jpg 1x, https:\/\/sowinskifoto.pl\/wp-content\/uploads\/2025\/07\/Swieto-Dzieci-Gor6320.jpg 2x\" src=\"https:\/\/i0.wp.com\/sowinskifoto.pl\/wp-content\/uploads\/2025\/07\/Swieto-Dzieci-Gor6320.jpg?ssl=1\" alt=\"\" title=\"Dzie\u0144 Orawsko-Serbski. \u015awi\u0119to Dzieci G\u00f3r\" draggable=\"false\" loading=\"lazy\"><\/picture><\/a><\/div>\n<\/div>\n<div class=\"brz-image__gallery-item\">\n<div class=\"brz-image brz-css-3sv5xm brz-css-1t2m0w5\" data-brz-custom-id=\"yzlrKQ8s1zAg\"><a class=\"brz-a\" href=\"https:\/\/i0.wp.com\/sowinskifoto.pl\/wp-content\/uploads\/2025\/07\/Swieto-Dzieci-Gor6321.jpg?ssl=1\" target=\"_self\" rel=\"noopener\" data-brz-link-type=\"lightBox\"><picture class=\"brz-picture brz-d-block brz-p-relative brz-css-fq3o6v brz-css-1s6z9s\"><source srcset=\"https:\/\/sowinskifoto.pl\/wp-content\/uploads\/2025\/07\/Swieto-Dzieci-Gor6321.jpg 1x, https:\/\/sowinskifoto.pl\/wp-content\/uploads\/2025\/07\/Swieto-Dzieci-Gor6321.jpg 2x\" media=\"(min-width: 992px)\"><source srcset=\"https:\/\/sowinskifoto.pl\/wp-content\/uploads\/2025\/07\/Swieto-Dzieci-Gor6321.jpg 1x, https:\/\/sowinskifoto.pl\/wp-content\/uploads\/2025\/07\/Swieto-Dzieci-Gor6321.jpg 2x\" media=\"(min-width: 768px)\"><img data-recalc-dims=\"1\" decoding=\"async\" class=\"brz-img\" srcset=\"https:\/\/sowinskifoto.pl\/wp-content\/uploads\/2025\/07\/Swieto-Dzieci-Gor6321.jpg 1x, https:\/\/sowinskifoto.pl\/wp-content\/uploads\/2025\/07\/Swieto-Dzieci-Gor6321.jpg 2x\" src=\"https:\/\/i0.wp.com\/sowinskifoto.pl\/wp-content\/uploads\/2025\/07\/Swieto-Dzieci-Gor6321.jpg?ssl=1\" alt=\"\" title=\"Dzie\u0144 Orawsko-Serbski. \u015awi\u0119to Dzieci G\u00f3r\" draggable=\"false\" loading=\"lazy\"><\/picture><\/a><\/div>\n<\/div>\n<div class=\"brz-image__gallery-item\">\n<div class=\"brz-image brz-css-1kctvij brz-css-9potb6\" data-brz-custom-id=\"zJFwjtn8xQKJ\"><a class=\"brz-a\" href=\"https:\/\/i0.wp.com\/sowinskifoto.pl\/wp-content\/uploads\/2025\/07\/Swieto-Dzieci-Gor6322.jpg?ssl=1\" target=\"_self\" rel=\"noopener\" data-brz-link-type=\"lightBox\"><picture class=\"brz-picture brz-d-block brz-p-relative brz-css-1fskrjz brz-css-1djhuqb\"><source srcset=\"https:\/\/sowinskifoto.pl\/wp-content\/uploads\/2025\/07\/Swieto-Dzieci-Gor6322.jpg 1x, https:\/\/sowinskifoto.pl\/wp-content\/uploads\/2025\/07\/Swieto-Dzieci-Gor6322.jpg 2x\" media=\"(min-width: 992px)\"><source srcset=\"https:\/\/sowinskifoto.pl\/wp-content\/uploads\/2025\/07\/Swieto-Dzieci-Gor6322.jpg 1x, https:\/\/sowinskifoto.pl\/wp-content\/uploads\/2025\/07\/Swieto-Dzieci-Gor6322.jpg 2x\" media=\"(min-width: 768px)\"><img data-recalc-dims=\"1\" decoding=\"async\" class=\"brz-img\" srcset=\"https:\/\/sowinskifoto.pl\/wp-content\/uploads\/2025\/07\/Swieto-Dzieci-Gor6322.jpg 1x, https:\/\/sowinskifoto.pl\/wp-content\/uploads\/2025\/07\/Swieto-Dzieci-Gor6322.jpg 2x\" src=\"https:\/\/i0.wp.com\/sowinskifoto.pl\/wp-content\/uploads\/2025\/07\/Swieto-Dzieci-Gor6322.jpg?ssl=1\" alt=\"\" title=\"Dzie\u0144 Orawsko-Serbski. \u015awi\u0119to Dzieci G\u00f3r\" draggable=\"false\" loading=\"lazy\"><\/picture><\/a><\/div>\n<\/div>\n<div class=\"brz-image__gallery-item\">\n<div class=\"brz-image brz-css-1p9bz4i brz-css-17c7dqs\" data-brz-custom-id=\"fY7ETChbEaqQ\"><a class=\"brz-a\" href=\"https:\/\/i0.wp.com\/sowinskifoto.pl\/wp-content\/uploads\/2025\/07\/Swieto-Dzieci-Gor6323.jpg?ssl=1\" target=\"_self\" rel=\"noopener\" data-brz-link-type=\"lightBox\"><picture class=\"brz-picture brz-d-block brz-p-relative brz-css-gson0y brz-css-lha9sy\"><source srcset=\"https:\/\/sowinskifoto.pl\/wp-content\/uploads\/2025\/07\/Swieto-Dzieci-Gor6323.jpg 1x, https:\/\/sowinskifoto.pl\/wp-content\/uploads\/2025\/07\/Swieto-Dzieci-Gor6323.jpg 2x\" media=\"(min-width: 992px)\"><source srcset=\"https:\/\/sowinskifoto.pl\/wp-content\/uploads\/2025\/07\/Swieto-Dzieci-Gor6323.jpg 1x, https:\/\/sowinskifoto.pl\/wp-content\/uploads\/2025\/07\/Swieto-Dzieci-Gor6323.jpg 2x\" media=\"(min-width: 768px)\"><img data-recalc-dims=\"1\" decoding=\"async\" class=\"brz-img\" srcset=\"https:\/\/sowinskifoto.pl\/wp-content\/uploads\/2025\/07\/Swieto-Dzieci-Gor6323.jpg 1x, https:\/\/sowinskifoto.pl\/wp-content\/uploads\/2025\/07\/Swieto-Dzieci-Gor6323.jpg 2x\" src=\"https:\/\/i0.wp.com\/sowinskifoto.pl\/wp-content\/uploads\/2025\/07\/Swieto-Dzieci-Gor6323.jpg?ssl=1\" alt=\"\" title=\"Dzie\u0144 Orawsko-Serbski. \u015awi\u0119to Dzieci G\u00f3r\" draggable=\"false\" loading=\"lazy\"><\/picture><\/a><\/div>\n<\/div>\n<div class=\"brz-image__gallery-item\">\n<div class=\"brz-image brz-css-14goi18 brz-css-4h0g7a\" data-brz-custom-id=\"y7fEv1qy2n1G\"><a class=\"brz-a\" href=\"https:\/\/i0.wp.com\/sowinskifoto.pl\/wp-content\/uploads\/2025\/07\/Swieto-Dzieci-Gor6324.jpg?ssl=1\" target=\"_self\" rel=\"noopener\" data-brz-link-type=\"lightBox\"><picture class=\"brz-picture brz-d-block brz-p-relative brz-css-ztj2fg brz-css-1v0zsc4\"><source srcset=\"https:\/\/sowinskifoto.pl\/wp-content\/uploads\/2025\/07\/Swieto-Dzieci-Gor6324.jpg 1x, https:\/\/sowinskifoto.pl\/wp-content\/uploads\/2025\/07\/Swieto-Dzieci-Gor6324.jpg 2x\" media=\"(min-width: 992px)\"><source srcset=\"https:\/\/sowinskifoto.pl\/wp-content\/uploads\/2025\/07\/Swieto-Dzieci-Gor6324.jpg 1x, https:\/\/sowinskifoto.pl\/wp-content\/uploads\/2025\/07\/Swieto-Dzieci-Gor6324.jpg 2x\" media=\"(min-width: 768px)\"><img data-recalc-dims=\"1\" decoding=\"async\" class=\"brz-img\" srcset=\"https:\/\/sowinskifoto.pl\/wp-content\/uploads\/2025\/07\/Swieto-Dzieci-Gor6324.jpg 1x, https:\/\/sowinskifoto.pl\/wp-content\/uploads\/2025\/07\/Swieto-Dzieci-Gor6324.jpg 2x\" src=\"https:\/\/i0.wp.com\/sowinskifoto.pl\/wp-content\/uploads\/2025\/07\/Swieto-Dzieci-Gor6324.jpg?ssl=1\" alt=\"\" title=\"Dzie\u0144 Orawsko-Serbski. \u015awi\u0119to Dzieci G\u00f3r\" draggable=\"false\" loading=\"lazy\"><\/picture><\/a><\/div>\n<\/div>\n<div class=\"brz-image__gallery-item\">\n<div class=\"brz-image brz-css-1npeypq brz-css-1ek9klg\" data-brz-custom-id=\"t_oNG7eJNT8X\"><a class=\"brz-a\" href=\"https:\/\/i0.wp.com\/sowinskifoto.pl\/wp-content\/uploads\/2025\/07\/Swieto-Dzieci-Gor6325.jpg?ssl=1\" target=\"_self\" rel=\"noopener\" data-brz-link-type=\"lightBox\"><picture class=\"brz-picture brz-d-block brz-p-relative brz-css-60i2ok brz-css-1lic9jy\"><source srcset=\"https:\/\/sowinskifoto.pl\/wp-content\/uploads\/2025\/07\/Swieto-Dzieci-Gor6325.jpg 1x, https:\/\/sowinskifoto.pl\/wp-content\/uploads\/2025\/07\/Swieto-Dzieci-Gor6325.jpg 2x\" media=\"(min-width: 992px)\"><source srcset=\"https:\/\/sowinskifoto.pl\/wp-content\/uploads\/2025\/07\/Swieto-Dzieci-Gor6325.jpg 1x, https:\/\/sowinskifoto.pl\/wp-content\/uploads\/2025\/07\/Swieto-Dzieci-Gor6325.jpg 2x\" media=\"(min-width: 768px)\"><img data-recalc-dims=\"1\" decoding=\"async\" class=\"brz-img\" srcset=\"https:\/\/sowinskifoto.pl\/wp-content\/uploads\/2025\/07\/Swieto-Dzieci-Gor6325.jpg 1x, https:\/\/sowinskifoto.pl\/wp-content\/uploads\/2025\/07\/Swieto-Dzieci-Gor6325.jpg 2x\" src=\"https:\/\/i0.wp.com\/sowinskifoto.pl\/wp-content\/uploads\/2025\/07\/Swieto-Dzieci-Gor6325.jpg?ssl=1\" alt=\"\" title=\"Dzie\u0144 Orawsko-Serbski. \u015awi\u0119to Dzieci G\u00f3r\" draggable=\"false\" loading=\"lazy\"><\/picture><\/a><\/div>\n<\/div>\n<div class=\"brz-image__gallery-item\">\n<div class=\"brz-image brz-css-1ql17k8 brz-css-10gdbae\" data-brz-custom-id=\"kaJOskEcdtae\"><a class=\"brz-a\" href=\"https:\/\/i0.wp.com\/sowinskifoto.pl\/wp-content\/uploads\/2025\/07\/Swieto-Dzieci-Gor6326.jpg?ssl=1\" target=\"_self\" rel=\"noopener\" data-brz-link-type=\"lightBox\"><picture class=\"brz-picture brz-d-block brz-p-relative brz-css-16ur6to brz-css-1bb2mmz\"><source srcset=\"https:\/\/sowinskifoto.pl\/wp-content\/uploads\/2025\/07\/Swieto-Dzieci-Gor6326.jpg 1x, https:\/\/sowinskifoto.pl\/wp-content\/uploads\/2025\/07\/Swieto-Dzieci-Gor6326.jpg 2x\" media=\"(min-width: 992px)\"><source srcset=\"https:\/\/sowinskifoto.pl\/wp-content\/uploads\/2025\/07\/Swieto-Dzieci-Gor6326.jpg 1x, https:\/\/sowinskifoto.pl\/wp-content\/uploads\/2025\/07\/Swieto-Dzieci-Gor6326.jpg 2x\" media=\"(min-width: 768px)\"><img data-recalc-dims=\"1\" decoding=\"async\" class=\"brz-img\" srcset=\"https:\/\/sowinskifoto.pl\/wp-content\/uploads\/2025\/07\/Swieto-Dzieci-Gor6326.jpg 1x, https:\/\/sowinskifoto.pl\/wp-content\/uploads\/2025\/07\/Swieto-Dzieci-Gor6326.jpg 2x\" src=\"https:\/\/i0.wp.com\/sowinskifoto.pl\/wp-content\/uploads\/2025\/07\/Swieto-Dzieci-Gor6326.jpg?ssl=1\" alt=\"\" title=\"Dzie\u0144 Orawsko-Serbski. \u015awi\u0119to Dzieci G\u00f3r\" draggable=\"false\" loading=\"lazy\"><\/picture><\/a><\/div>\n<\/div>\n<div class=\"brz-image__gallery-item\">\n<div class=\"brz-image brz-css-c140ya brz-css-1hget17\" data-brz-custom-id=\"cF2ymSYTvyiK\"><a class=\"brz-a\" href=\"https:\/\/i0.wp.com\/sowinskifoto.pl\/wp-content\/uploads\/2025\/07\/Swieto-Dzieci-Gor6327.jpg?ssl=1\" target=\"_self\" rel=\"noopener\" data-brz-link-type=\"lightBox\"><picture class=\"brz-picture brz-d-block brz-p-relative brz-css-2nm5ao brz-css-dshg7z\"><source srcset=\"https:\/\/sowinskifoto.pl\/wp-content\/uploads\/2025\/07\/Swieto-Dzieci-Gor6327.jpg 1x, https:\/\/sowinskifoto.pl\/wp-content\/uploads\/2025\/07\/Swieto-Dzieci-Gor6327.jpg 2x\" media=\"(min-width: 992px)\"><source srcset=\"https:\/\/sowinskifoto.pl\/wp-content\/uploads\/2025\/07\/Swieto-Dzieci-Gor6327.jpg 1x, https:\/\/sowinskifoto.pl\/wp-content\/uploads\/2025\/07\/Swieto-Dzieci-Gor6327.jpg 2x\" media=\"(min-width: 768px)\"><img data-recalc-dims=\"1\" decoding=\"async\" class=\"brz-img\" srcset=\"https:\/\/sowinskifoto.pl\/wp-content\/uploads\/2025\/07\/Swieto-Dzieci-Gor6327.jpg 1x, https:\/\/sowinskifoto.pl\/wp-content\/uploads\/2025\/07\/Swieto-Dzieci-Gor6327.jpg 2x\" src=\"https:\/\/i0.wp.com\/sowinskifoto.pl\/wp-content\/uploads\/2025\/07\/Swieto-Dzieci-Gor6327.jpg?ssl=1\" alt=\"\" title=\"Dzie\u0144 Orawsko-Serbski. \u015awi\u0119to Dzieci G\u00f3r\" draggable=\"false\" loading=\"lazy\"><\/picture><\/a><\/div>\n<\/div>\n<div class=\"brz-image__gallery-item\">\n<div class=\"brz-image brz-css-1nwl3om brz-css-1wdovnv\" data-brz-custom-id=\"o7L6wvPfwSFF\"><a class=\"brz-a\" href=\"https:\/\/i0.wp.com\/sowinskifoto.pl\/wp-content\/uploads\/2025\/07\/Swieto-Dzieci-Gor6328.jpg?ssl=1\" target=\"_self\" rel=\"noopener\" data-brz-link-type=\"lightBox\"><picture class=\"brz-picture brz-d-block brz-p-relative brz-css-1qdfkc7 brz-css-1fzee1h\"><source srcset=\"https:\/\/sowinskifoto.pl\/wp-content\/uploads\/2025\/07\/Swieto-Dzieci-Gor6328.jpg 1x, https:\/\/sowinskifoto.pl\/wp-content\/uploads\/2025\/07\/Swieto-Dzieci-Gor6328.jpg 2x\" media=\"(min-width: 992px)\"><source srcset=\"https:\/\/sowinskifoto.pl\/wp-content\/uploads\/2025\/07\/Swieto-Dzieci-Gor6328.jpg 1x, https:\/\/sowinskifoto.pl\/wp-content\/uploads\/2025\/07\/Swieto-Dzieci-Gor6328.jpg 2x\" media=\"(min-width: 768px)\"><img data-recalc-dims=\"1\" decoding=\"async\" class=\"brz-img\" srcset=\"https:\/\/sowinskifoto.pl\/wp-content\/uploads\/2025\/07\/Swieto-Dzieci-Gor6328.jpg 1x, https:\/\/sowinskifoto.pl\/wp-content\/uploads\/2025\/07\/Swieto-Dzieci-Gor6328.jpg 2x\" src=\"https:\/\/i0.wp.com\/sowinskifoto.pl\/wp-content\/uploads\/2025\/07\/Swieto-Dzieci-Gor6328.jpg?ssl=1\" alt=\"\" title=\"Dzie\u0144 Orawsko-Serbski. \u015awi\u0119to Dzieci G\u00f3r\" draggable=\"false\" loading=\"lazy\"><\/picture><\/a><\/div>\n<\/div>\n<div class=\"brz-image__gallery-item\">\n<div class=\"brz-image brz-css-1re9cec brz-css-150c540\" data-brz-custom-id=\"mqlWcqZZMC6E\"><a class=\"brz-a\" href=\"https:\/\/i0.wp.com\/sowinskifoto.pl\/wp-content\/uploads\/2025\/07\/Swieto-Dzieci-Gor6330.jpg?ssl=1\" target=\"_self\" rel=\"noopener\" data-brz-link-type=\"lightBox\"><picture class=\"brz-picture brz-d-block brz-p-relative brz-css-1thgvx9 brz-css-7z4msb\"><source srcset=\"https:\/\/sowinskifoto.pl\/wp-content\/uploads\/2025\/07\/Swieto-Dzieci-Gor6330.jpg 1x, https:\/\/sowinskifoto.pl\/wp-content\/uploads\/2025\/07\/Swieto-Dzieci-Gor6330.jpg 2x\" media=\"(min-width: 992px)\"><source srcset=\"https:\/\/sowinskifoto.pl\/wp-content\/uploads\/2025\/07\/Swieto-Dzieci-Gor6330.jpg 1x, https:\/\/sowinskifoto.pl\/wp-content\/uploads\/2025\/07\/Swieto-Dzieci-Gor6330.jpg 2x\" media=\"(min-width: 768px)\"><img data-recalc-dims=\"1\" decoding=\"async\" class=\"brz-img\" srcset=\"https:\/\/sowinskifoto.pl\/wp-content\/uploads\/2025\/07\/Swieto-Dzieci-Gor6330.jpg 1x, https:\/\/sowinskifoto.pl\/wp-content\/uploads\/2025\/07\/Swieto-Dzieci-Gor6330.jpg 2x\" src=\"https:\/\/i0.wp.com\/sowinskifoto.pl\/wp-content\/uploads\/2025\/07\/Swieto-Dzieci-Gor6330.jpg?ssl=1\" alt=\"\" title=\"Dzie\u0144 Orawsko-Serbski. \u015awi\u0119to Dzieci G\u00f3r\" draggable=\"false\" loading=\"lazy\"><\/picture><\/a><\/div>\n<\/div>\n<div class=\"brz-image__gallery-item\">\n<div class=\"brz-image brz-css-17ynruc brz-css-1ct4gun\" data-brz-custom-id=\"mmtJVMFZxb73\"><a class=\"brz-a\" href=\"https:\/\/i0.wp.com\/sowinskifoto.pl\/wp-content\/uploads\/2025\/07\/Swieto-Dzieci-Gor6329.jpg?ssl=1\" target=\"_self\" rel=\"noopener\" data-brz-link-type=\"lightBox\"><picture class=\"brz-picture brz-d-block brz-p-relative brz-css-1honom1 brz-css-vxsvlb\"><source srcset=\"https:\/\/sowinskifoto.pl\/wp-content\/uploads\/2025\/07\/Swieto-Dzieci-Gor6329.jpg 1x, https:\/\/sowinskifoto.pl\/wp-content\/uploads\/2025\/07\/Swieto-Dzieci-Gor6329.jpg 2x\" media=\"(min-width: 992px)\"><source srcset=\"https:\/\/sowinskifoto.pl\/wp-content\/uploads\/2025\/07\/Swieto-Dzieci-Gor6329.jpg 1x, https:\/\/sowinskifoto.pl\/wp-content\/uploads\/2025\/07\/Swieto-Dzieci-Gor6329.jpg 2x\" media=\"(min-width: 768px)\"><img data-recalc-dims=\"1\" decoding=\"async\" class=\"brz-img\" srcset=\"https:\/\/sowinskifoto.pl\/wp-content\/uploads\/2025\/07\/Swieto-Dzieci-Gor6329.jpg 1x, https:\/\/sowinskifoto.pl\/wp-content\/uploads\/2025\/07\/Swieto-Dzieci-Gor6329.jpg 2x\" src=\"https:\/\/i0.wp.com\/sowinskifoto.pl\/wp-content\/uploads\/2025\/07\/Swieto-Dzieci-Gor6329.jpg?ssl=1\" alt=\"\" title=\"Dzie\u0144 Orawsko-Serbski. \u015awi\u0119to Dzieci G\u00f3r\" draggable=\"false\" loading=\"lazy\"><\/picture><\/a><\/div>\n<\/div>\n<div class=\"brz-image__gallery-item\">\n<div class=\"brz-image brz-css-o0fvsj brz-css-1s0czhf\" data-brz-custom-id=\"mMTRliy2Susf\"><a class=\"brz-a\" href=\"https:\/\/i0.wp.com\/sowinskifoto.pl\/wp-content\/uploads\/2025\/07\/Swieto-Dzieci-Gor6331.jpg?ssl=1\" target=\"_self\" rel=\"noopener\" data-brz-link-type=\"lightBox\"><picture class=\"brz-picture brz-d-block brz-p-relative brz-css-19n5akp brz-css-12t7s32\"><source srcset=\"https:\/\/sowinskifoto.pl\/wp-content\/uploads\/2025\/07\/Swieto-Dzieci-Gor6331.jpg 1x, https:\/\/sowinskifoto.pl\/wp-content\/uploads\/2025\/07\/Swieto-Dzieci-Gor6331.jpg 2x\" media=\"(min-width: 992px)\"><source srcset=\"https:\/\/sowinskifoto.pl\/wp-content\/uploads\/2025\/07\/Swieto-Dzieci-Gor6331.jpg 1x, https:\/\/sowinskifoto.pl\/wp-content\/uploads\/2025\/07\/Swieto-Dzieci-Gor6331.jpg 2x\" media=\"(min-width: 768px)\"><img data-recalc-dims=\"1\" decoding=\"async\" class=\"brz-img\" srcset=\"https:\/\/sowinskifoto.pl\/wp-content\/uploads\/2025\/07\/Swieto-Dzieci-Gor6331.jpg 1x, https:\/\/sowinskifoto.pl\/wp-content\/uploads\/2025\/07\/Swieto-Dzieci-Gor6331.jpg 2x\" src=\"https:\/\/i0.wp.com\/sowinskifoto.pl\/wp-content\/uploads\/2025\/07\/Swieto-Dzieci-Gor6331.jpg?ssl=1\" alt=\"\" title=\"Dzie\u0144 Orawsko-Serbski. \u015awi\u0119to Dzieci G\u00f3r\" draggable=\"false\" loading=\"lazy\"><\/picture><\/a><\/div>\n<\/div>\n<div class=\"brz-image__gallery-item\">\n<div class=\"brz-image brz-css-76clav brz-css-195mxr5\" data-brz-custom-id=\"gFQmuUAkpgBN\"><a class=\"brz-a\" href=\"https:\/\/i0.wp.com\/sowinskifoto.pl\/wp-content\/uploads\/2025\/07\/Swieto-Dzieci-Gor6332.jpg?ssl=1\" target=\"_self\" rel=\"noopener\" data-brz-link-type=\"lightBox\"><picture class=\"brz-picture brz-d-block brz-p-relative brz-css-1cxetix brz-css-16b9jz4\"><source srcset=\"https:\/\/sowinskifoto.pl\/wp-content\/uploads\/2025\/07\/Swieto-Dzieci-Gor6332.jpg 1x, https:\/\/sowinskifoto.pl\/wp-content\/uploads\/2025\/07\/Swieto-Dzieci-Gor6332.jpg 2x\" media=\"(min-width: 992px)\"><source srcset=\"https:\/\/sowinskifoto.pl\/wp-content\/uploads\/2025\/07\/Swieto-Dzieci-Gor6332.jpg 1x, https:\/\/sowinskifoto.pl\/wp-content\/uploads\/2025\/07\/Swieto-Dzieci-Gor6332.jpg 2x\" media=\"(min-width: 768px)\"><img data-recalc-dims=\"1\" decoding=\"async\" class=\"brz-img\" srcset=\"https:\/\/sowinskifoto.pl\/wp-content\/uploads\/2025\/07\/Swieto-Dzieci-Gor6332.jpg 1x, https:\/\/sowinskifoto.pl\/wp-content\/uploads\/2025\/07\/Swieto-Dzieci-Gor6332.jpg 2x\" src=\"https:\/\/i0.wp.com\/sowinskifoto.pl\/wp-content\/uploads\/2025\/07\/Swieto-Dzieci-Gor6332.jpg?ssl=1\" alt=\"\" title=\"Dzie\u0144 Orawsko-Serbski. \u015awi\u0119to Dzieci G\u00f3r\" draggable=\"false\" loading=\"lazy\"><\/picture><\/a><\/div>\n<\/div>\n<div class=\"brz-image__gallery-item\">\n<div class=\"brz-image brz-css-15i6338 brz-css-1806z9a\" data-brz-custom-id=\"vTrt9kaDS5oE\"><a class=\"brz-a\" href=\"https:\/\/i0.wp.com\/sowinskifoto.pl\/wp-content\/uploads\/2025\/07\/Swieto-Dzieci-Gor6333.jpg?ssl=1\" target=\"_self\" rel=\"noopener\" data-brz-link-type=\"lightBox\"><picture class=\"brz-picture brz-d-block brz-p-relative brz-css-1om6eoi brz-css-rniux3\"><source srcset=\"https:\/\/sowinskifoto.pl\/wp-content\/uploads\/2025\/07\/Swieto-Dzieci-Gor6333.jpg 1x, https:\/\/sowinskifoto.pl\/wp-content\/uploads\/2025\/07\/Swieto-Dzieci-Gor6333.jpg 2x\" media=\"(min-width: 992px)\"><source srcset=\"https:\/\/sowinskifoto.pl\/wp-content\/uploads\/2025\/07\/Swieto-Dzieci-Gor6333.jpg 1x, https:\/\/sowinskifoto.pl\/wp-content\/uploads\/2025\/07\/Swieto-Dzieci-Gor6333.jpg 2x\" media=\"(min-width: 768px)\"><img data-recalc-dims=\"1\" decoding=\"async\" class=\"brz-img\" srcset=\"https:\/\/sowinskifoto.pl\/wp-content\/uploads\/2025\/07\/Swieto-Dzieci-Gor6333.jpg 1x, https:\/\/sowinskifoto.pl\/wp-content\/uploads\/2025\/07\/Swieto-Dzieci-Gor6333.jpg 2x\" src=\"https:\/\/i0.wp.com\/sowinskifoto.pl\/wp-content\/uploads\/2025\/07\/Swieto-Dzieci-Gor6333.jpg?ssl=1\" alt=\"\" title=\"Dzie\u0144 Orawsko-Serbski. \u015awi\u0119to Dzieci G\u00f3r\" draggable=\"false\" loading=\"lazy\"><\/picture><\/a><\/div>\n<\/div>\n<div class=\"brz-image__gallery-item\">\n<div class=\"brz-image brz-css-mzo96y brz-css-1nntp4f\" data-brz-custom-id=\"rOlxLwsxE9Ft\"><a class=\"brz-a\" href=\"https:\/\/i0.wp.com\/sowinskifoto.pl\/wp-content\/uploads\/2025\/07\/Swieto-Dzieci-Gor6334.jpg?ssl=1\" target=\"_self\" rel=\"noopener\" data-brz-link-type=\"lightBox\"><picture class=\"brz-picture brz-d-block brz-p-relative brz-css-k8aiyh brz-css-7vus7t\"><source srcset=\"https:\/\/sowinskifoto.pl\/wp-content\/uploads\/2025\/07\/Swieto-Dzieci-Gor6334.jpg 1x, https:\/\/sowinskifoto.pl\/wp-content\/uploads\/2025\/07\/Swieto-Dzieci-Gor6334.jpg 2x\" media=\"(min-width: 992px)\"><source srcset=\"https:\/\/sowinskifoto.pl\/wp-content\/uploads\/2025\/07\/Swieto-Dzieci-Gor6334.jpg 1x, https:\/\/sowinskifoto.pl\/wp-content\/uploads\/2025\/07\/Swieto-Dzieci-Gor6334.jpg 2x\" media=\"(min-width: 768px)\"><img data-recalc-dims=\"1\" decoding=\"async\" class=\"brz-img\" srcset=\"https:\/\/sowinskifoto.pl\/wp-content\/uploads\/2025\/07\/Swieto-Dzieci-Gor6334.jpg 1x, https:\/\/sowinskifoto.pl\/wp-content\/uploads\/2025\/07\/Swieto-Dzieci-Gor6334.jpg 2x\" src=\"https:\/\/i0.wp.com\/sowinskifoto.pl\/wp-content\/uploads\/2025\/07\/Swieto-Dzieci-Gor6334.jpg?ssl=1\" alt=\"\" title=\"Dzie\u0144 Orawsko-Serbski. \u015awi\u0119to Dzieci G\u00f3r\" draggable=\"false\" loading=\"lazy\"><\/picture><\/a><\/div>\n<\/div>\n<div class=\"brz-image__gallery-item\">\n<div class=\"brz-image brz-css-rajx0m brz-css-1avrmrd\" data-brz-custom-id=\"gjaviPJdKimP\"><a class=\"brz-a\" href=\"https:\/\/i0.wp.com\/sowinskifoto.pl\/wp-content\/uploads\/2025\/07\/Swieto-Dzieci-Gor6335.jpg?ssl=1\" target=\"_self\" rel=\"noopener\" data-brz-link-type=\"lightBox\"><picture class=\"brz-picture brz-d-block brz-p-relative brz-css-4g5yta brz-css-bc7koa\"><source srcset=\"https:\/\/sowinskifoto.pl\/wp-content\/uploads\/2025\/07\/Swieto-Dzieci-Gor6335.jpg 1x, https:\/\/sowinskifoto.pl\/wp-content\/uploads\/2025\/07\/Swieto-Dzieci-Gor6335.jpg 2x\" media=\"(min-width: 992px)\"><source srcset=\"https:\/\/sowinskifoto.pl\/wp-content\/uploads\/2025\/07\/Swieto-Dzieci-Gor6335.jpg 1x, https:\/\/sowinskifoto.pl\/wp-content\/uploads\/2025\/07\/Swieto-Dzieci-Gor6335.jpg 2x\" media=\"(min-width: 768px)\"><img data-recalc-dims=\"1\" decoding=\"async\" class=\"brz-img\" srcset=\"https:\/\/sowinskifoto.pl\/wp-content\/uploads\/2025\/07\/Swieto-Dzieci-Gor6335.jpg 1x, https:\/\/sowinskifoto.pl\/wp-content\/uploads\/2025\/07\/Swieto-Dzieci-Gor6335.jpg 2x\" src=\"https:\/\/i0.wp.com\/sowinskifoto.pl\/wp-content\/uploads\/2025\/07\/Swieto-Dzieci-Gor6335.jpg?ssl=1\" alt=\"\" title=\"Dzie\u0144 Orawsko-Serbski. \u015awi\u0119to Dzieci G\u00f3r\" draggable=\"false\" loading=\"lazy\"><\/picture><\/a><\/div>\n<\/div>\n<div class=\"brz-image__gallery-item\">\n<div class=\"brz-image brz-css-1lnfu4j brz-css-10f1bzo\" data-brz-custom-id=\"bSkAUcx2aziU\"><a class=\"brz-a\" href=\"https:\/\/i0.wp.com\/sowinskifoto.pl\/wp-content\/uploads\/2025\/07\/Swieto-Dzieci-Gor6336.jpg?ssl=1\" target=\"_self\" rel=\"noopener\" data-brz-link-type=\"lightBox\"><picture class=\"brz-picture brz-d-block brz-p-relative brz-css-1jxt5vr brz-css-17cbf7z\"><source srcset=\"https:\/\/sowinskifoto.pl\/wp-content\/uploads\/2025\/07\/Swieto-Dzieci-Gor6336.jpg 1x, https:\/\/sowinskifoto.pl\/wp-content\/uploads\/2025\/07\/Swieto-Dzieci-Gor6336.jpg 2x\" media=\"(min-width: 992px)\"><source srcset=\"https:\/\/sowinskifoto.pl\/wp-content\/uploads\/2025\/07\/Swieto-Dzieci-Gor6336.jpg 1x, https:\/\/sowinskifoto.pl\/wp-content\/uploads\/2025\/07\/Swieto-Dzieci-Gor6336.jpg 2x\" media=\"(min-width: 768px)\"><img data-recalc-dims=\"1\" decoding=\"async\" class=\"brz-img\" srcset=\"https:\/\/sowinskifoto.pl\/wp-content\/uploads\/2025\/07\/Swieto-Dzieci-Gor6336.jpg 1x, https:\/\/sowinskifoto.pl\/wp-content\/uploads\/2025\/07\/Swieto-Dzieci-Gor6336.jpg 2x\" src=\"https:\/\/i0.wp.com\/sowinskifoto.pl\/wp-content\/uploads\/2025\/07\/Swieto-Dzieci-Gor6336.jpg?ssl=1\" alt=\"\" title=\"Dzie\u0144 Orawsko-Serbski. \u015awi\u0119to Dzieci G\u00f3r\" draggable=\"false\" loading=\"lazy\"><\/picture><\/a><\/div>\n<\/div>\n<div class=\"brz-image__gallery-item\">\n<div class=\"brz-image brz-css-1m8efx0 brz-css-1wz8p39\" data-brz-custom-id=\"qBqS26e9VISL\"><a class=\"brz-a\" href=\"https:\/\/i0.wp.com\/sowinskifoto.pl\/wp-content\/uploads\/2025\/07\/Swieto-Dzieci-Gor6337.jpg?ssl=1\" target=\"_self\" rel=\"noopener\" data-brz-link-type=\"lightBox\"><picture class=\"brz-picture brz-d-block brz-p-relative brz-css-hrdg08 brz-css-n5d860\"><source srcset=\"https:\/\/sowinskifoto.pl\/wp-content\/uploads\/2025\/07\/Swieto-Dzieci-Gor6337.jpg 1x, https:\/\/sowinskifoto.pl\/wp-content\/uploads\/2025\/07\/Swieto-Dzieci-Gor6337.jpg 2x\" media=\"(min-width: 992px)\"><source srcset=\"https:\/\/sowinskifoto.pl\/wp-content\/uploads\/2025\/07\/Swieto-Dzieci-Gor6337.jpg 1x, https:\/\/sowinskifoto.pl\/wp-content\/uploads\/2025\/07\/Swieto-Dzieci-Gor6337.jpg 2x\" media=\"(min-width: 768px)\"><img data-recalc-dims=\"1\" decoding=\"async\" class=\"brz-img\" srcset=\"https:\/\/sowinskifoto.pl\/wp-content\/uploads\/2025\/07\/Swieto-Dzieci-Gor6337.jpg 1x, https:\/\/sowinskifoto.pl\/wp-content\/uploads\/2025\/07\/Swieto-Dzieci-Gor6337.jpg 2x\" src=\"https:\/\/i0.wp.com\/sowinskifoto.pl\/wp-content\/uploads\/2025\/07\/Swieto-Dzieci-Gor6337.jpg?ssl=1\" alt=\"\" title=\"Dzie\u0144 Orawsko-Serbski. \u015awi\u0119to Dzieci G\u00f3r\" draggable=\"false\" loading=\"lazy\"><\/picture><\/a><\/div>\n<\/div>\n<div class=\"brz-image__gallery-item\">\n<div class=\"brz-image brz-css-3sr36c brz-css-6j2fsc\" data-brz-custom-id=\"mVuUq9P1_0mJ\"><a class=\"brz-a\" href=\"https:\/\/i0.wp.com\/sowinskifoto.pl\/wp-content\/uploads\/2025\/07\/Swieto-Dzieci-Gor6338.jpg?ssl=1\" target=\"_self\" rel=\"noopener\" data-brz-link-type=\"lightBox\"><picture class=\"brz-picture brz-d-block brz-p-relative brz-css-1835y9y brz-css-e7h228\"><source srcset=\"https:\/\/sowinskifoto.pl\/wp-content\/uploads\/2025\/07\/Swieto-Dzieci-Gor6338.jpg 1x, https:\/\/sowinskifoto.pl\/wp-content\/uploads\/2025\/07\/Swieto-Dzieci-Gor6338.jpg 2x\" media=\"(min-width: 992px)\"><source srcset=\"https:\/\/sowinskifoto.pl\/wp-content\/uploads\/2025\/07\/Swieto-Dzieci-Gor6338.jpg 1x, https:\/\/sowinskifoto.pl\/wp-content\/uploads\/2025\/07\/Swieto-Dzieci-Gor6338.jpg 2x\" media=\"(min-width: 768px)\"><img data-recalc-dims=\"1\" decoding=\"async\" class=\"brz-img\" srcset=\"https:\/\/sowinskifoto.pl\/wp-content\/uploads\/2025\/07\/Swieto-Dzieci-Gor6338.jpg 1x, https:\/\/sowinskifoto.pl\/wp-content\/uploads\/2025\/07\/Swieto-Dzieci-Gor6338.jpg 2x\" src=\"https:\/\/i0.wp.com\/sowinskifoto.pl\/wp-content\/uploads\/2025\/07\/Swieto-Dzieci-Gor6338.jpg?ssl=1\" alt=\"\" title=\"Dzie\u0144 Orawsko-Serbski. \u015awi\u0119to Dzieci G\u00f3r\" draggable=\"false\" loading=\"lazy\"><\/picture><\/a><\/div>\n<\/div>\n<div class=\"brz-image__gallery-item\">\n<div class=\"brz-image brz-css-yeenw2 brz-css-1kvehfa\" data-brz-custom-id=\"i6bNdlQET4Vi\"><a class=\"brz-a\" href=\"https:\/\/i0.wp.com\/sowinskifoto.pl\/wp-content\/uploads\/2025\/07\/Swieto-Dzieci-Gor6339.jpg?ssl=1\" target=\"_self\" rel=\"noopener\" data-brz-link-type=\"lightBox\"><picture class=\"brz-picture brz-d-block brz-p-relative brz-css-1bvvczc brz-css-1dww8zn\"><source srcset=\"https:\/\/sowinskifoto.pl\/wp-content\/uploads\/2025\/07\/Swieto-Dzieci-Gor6339.jpg 1x, https:\/\/sowinskifoto.pl\/wp-content\/uploads\/2025\/07\/Swieto-Dzieci-Gor6339.jpg 2x\" media=\"(min-width: 992px)\"><source srcset=\"https:\/\/sowinskifoto.pl\/wp-content\/uploads\/2025\/07\/Swieto-Dzieci-Gor6339.jpg 1x, https:\/\/sowinskifoto.pl\/wp-content\/uploads\/2025\/07\/Swieto-Dzieci-Gor6339.jpg 2x\" media=\"(min-width: 768px)\"><img data-recalc-dims=\"1\" decoding=\"async\" class=\"brz-img\" srcset=\"https:\/\/sowinskifoto.pl\/wp-content\/uploads\/2025\/07\/Swieto-Dzieci-Gor6339.jpg 1x, https:\/\/sowinskifoto.pl\/wp-content\/uploads\/2025\/07\/Swieto-Dzieci-Gor6339.jpg 2x\" src=\"https:\/\/i0.wp.com\/sowinskifoto.pl\/wp-content\/uploads\/2025\/07\/Swieto-Dzieci-Gor6339.jpg?ssl=1\" alt=\"\" title=\"Dzie\u0144 Orawsko-Serbski. \u015awi\u0119to Dzieci G\u00f3r\" draggable=\"false\" loading=\"lazy\"><\/picture><\/a><\/div>\n<\/div>\n<div class=\"brz-image__gallery-item\">\n<div class=\"brz-image brz-css-10t8ir4 brz-css-utpjng\" data-brz-custom-id=\"lyEY5z3Y7izT\"><a class=\"brz-a\" href=\"https:\/\/i0.wp.com\/sowinskifoto.pl\/wp-content\/uploads\/2025\/07\/Swieto-Dzieci-Gor6340.jpg?ssl=1\" target=\"_self\" rel=\"noopener\" data-brz-link-type=\"lightBox\"><picture class=\"brz-picture brz-d-block brz-p-relative brz-css-a069sh brz-css-1vmpii1\"><source srcset=\"https:\/\/sowinskifoto.pl\/wp-content\/uploads\/2025\/07\/Swieto-Dzieci-Gor6340.jpg 1x, https:\/\/sowinskifoto.pl\/wp-content\/uploads\/2025\/07\/Swieto-Dzieci-Gor6340.jpg 2x\" media=\"(min-width: 992px)\"><source srcset=\"https:\/\/sowinskifoto.pl\/wp-content\/uploads\/2025\/07\/Swieto-Dzieci-Gor6340.jpg 1x, https:\/\/sowinskifoto.pl\/wp-content\/uploads\/2025\/07\/Swieto-Dzieci-Gor6340.jpg 2x\" media=\"(min-width: 768px)\"><img data-recalc-dims=\"1\" decoding=\"async\" class=\"brz-img\" srcset=\"https:\/\/sowinskifoto.pl\/wp-content\/uploads\/2025\/07\/Swieto-Dzieci-Gor6340.jpg 1x, https:\/\/sowinskifoto.pl\/wp-content\/uploads\/2025\/07\/Swieto-Dzieci-Gor6340.jpg 2x\" src=\"https:\/\/i0.wp.com\/sowinskifoto.pl\/wp-content\/uploads\/2025\/07\/Swieto-Dzieci-Gor6340.jpg?ssl=1\" alt=\"\" title=\"Dzie\u0144 Orawsko-Serbski. \u015awi\u0119to Dzieci G\u00f3r\" draggable=\"false\" loading=\"lazy\"><\/picture><\/a><\/div>\n<\/div>\n<div class=\"brz-image__gallery-item\">\n<div class=\"brz-image brz-css-3uo34r brz-css-1mx9it2\" data-brz-custom-id=\"nU5oe6V7q8PO\"><a class=\"brz-a\" href=\"https:\/\/i0.wp.com\/sowinskifoto.pl\/wp-content\/uploads\/2025\/07\/Swieto-Dzieci-Gor6341.jpg?ssl=1\" target=\"_self\" rel=\"noopener\" data-brz-link-type=\"lightBox\"><picture class=\"brz-picture brz-d-block brz-p-relative brz-css-1svillq brz-css-18zz0pq\"><source srcset=\"https:\/\/sowinskifoto.pl\/wp-content\/uploads\/2025\/07\/Swieto-Dzieci-Gor6341.jpg 1x, https:\/\/sowinskifoto.pl\/wp-content\/uploads\/2025\/07\/Swieto-Dzieci-Gor6341.jpg 2x\" media=\"(min-width: 992px)\"><source srcset=\"https:\/\/sowinskifoto.pl\/wp-content\/uploads\/2025\/07\/Swieto-Dzieci-Gor6341.jpg 1x, https:\/\/sowinskifoto.pl\/wp-content\/uploads\/2025\/07\/Swieto-Dzieci-Gor6341.jpg 2x\" media=\"(min-width: 768px)\"><img data-recalc-dims=\"1\" decoding=\"async\" class=\"brz-img\" srcset=\"https:\/\/sowinskifoto.pl\/wp-content\/uploads\/2025\/07\/Swieto-Dzieci-Gor6341.jpg 1x, https:\/\/sowinskifoto.pl\/wp-content\/uploads\/2025\/07\/Swieto-Dzieci-Gor6341.jpg 2x\" src=\"https:\/\/i0.wp.com\/sowinskifoto.pl\/wp-content\/uploads\/2025\/07\/Swieto-Dzieci-Gor6341.jpg?ssl=1\" alt=\"\" title=\"Dzie\u0144 Orawsko-Serbski. \u015awi\u0119to Dzieci G\u00f3r\" draggable=\"false\" loading=\"lazy\"><\/picture><\/a><\/div>\n<\/div>\n<div class=\"brz-image__gallery-item\">\n<div class=\"brz-image brz-css-1ggkcdm brz-css-70xn6\" data-brz-custom-id=\"n1h44Ur1kcjZ\"><a class=\"brz-a\" href=\"https:\/\/i0.wp.com\/sowinskifoto.pl\/wp-content\/uploads\/2025\/07\/Swieto-Dzieci-Gor6342.jpg?ssl=1\" target=\"_self\" rel=\"noopener\" data-brz-link-type=\"lightBox\"><picture class=\"brz-picture brz-d-block brz-p-relative brz-css-1gj7ib5 brz-css-qj4621\"><source srcset=\"https:\/\/sowinskifoto.pl\/wp-content\/uploads\/2025\/07\/Swieto-Dzieci-Gor6342.jpg 1x, https:\/\/sowinskifoto.pl\/wp-content\/uploads\/2025\/07\/Swieto-Dzieci-Gor6342.jpg 2x\" media=\"(min-width: 992px)\"><source srcset=\"https:\/\/sowinskifoto.pl\/wp-content\/uploads\/2025\/07\/Swieto-Dzieci-Gor6342.jpg 1x, https:\/\/sowinskifoto.pl\/wp-content\/uploads\/2025\/07\/Swieto-Dzieci-Gor6342.jpg 2x\" media=\"(min-width: 768px)\"><img data-recalc-dims=\"1\" decoding=\"async\" class=\"brz-img\" srcset=\"https:\/\/sowinskifoto.pl\/wp-content\/uploads\/2025\/07\/Swieto-Dzieci-Gor6342.jpg 1x, https:\/\/sowinskifoto.pl\/wp-content\/uploads\/2025\/07\/Swieto-Dzieci-Gor6342.jpg 2x\" src=\"https:\/\/i0.wp.com\/sowinskifoto.pl\/wp-content\/uploads\/2025\/07\/Swieto-Dzieci-Gor6342.jpg?ssl=1\" alt=\"\" title=\"Dzie\u0144 Orawsko-Serbski. \u015awi\u0119to Dzieci G\u00f3r\" draggable=\"false\" loading=\"lazy\"><\/picture><\/a><\/div>\n<\/div>\n<div class=\"brz-image__gallery-item\">\n<div class=\"brz-image brz-css-ty9l9l brz-css-18d797q\" data-brz-custom-id=\"oiGGbtpmeBXN\"><a class=\"brz-a\" href=\"https:\/\/i0.wp.com\/sowinskifoto.pl\/wp-content\/uploads\/2025\/07\/Swieto-Dzieci-Gor6343.jpg?ssl=1\" target=\"_self\" rel=\"noopener\" data-brz-link-type=\"lightBox\"><picture class=\"brz-picture brz-d-block brz-p-relative brz-css-cf2yis brz-css-ysett9\"><source srcset=\"https:\/\/sowinskifoto.pl\/wp-content\/uploads\/2025\/07\/Swieto-Dzieci-Gor6343.jpg 1x, https:\/\/sowinskifoto.pl\/wp-content\/uploads\/2025\/07\/Swieto-Dzieci-Gor6343.jpg 2x\" media=\"(min-width: 992px)\"><source srcset=\"https:\/\/sowinskifoto.pl\/wp-content\/uploads\/2025\/07\/Swieto-Dzieci-Gor6343.jpg 1x, https:\/\/sowinskifoto.pl\/wp-content\/uploads\/2025\/07\/Swieto-Dzieci-Gor6343.jpg 2x\" media=\"(min-width: 768px)\"><img data-recalc-dims=\"1\" decoding=\"async\" class=\"brz-img\" srcset=\"https:\/\/sowinskifoto.pl\/wp-content\/uploads\/2025\/07\/Swieto-Dzieci-Gor6343.jpg 1x, https:\/\/sowinskifoto.pl\/wp-content\/uploads\/2025\/07\/Swieto-Dzieci-Gor6343.jpg 2x\" src=\"https:\/\/i0.wp.com\/sowinskifoto.pl\/wp-content\/uploads\/2025\/07\/Swieto-Dzieci-Gor6343.jpg?ssl=1\" alt=\"\" title=\"Dzie\u0144 Orawsko-Serbski. \u015awi\u0119to Dzieci G\u00f3r\" draggable=\"false\" loading=\"lazy\"><\/picture><\/a><\/div>\n<\/div>\n<div class=\"brz-image__gallery-item\">\n<div class=\"brz-image brz-css-dep77c brz-css-vjr7lt\" data-brz-custom-id=\"tSUPXWs_C9OU\"><a class=\"brz-a\" href=\"https:\/\/i0.wp.com\/sowinskifoto.pl\/wp-content\/uploads\/2025\/07\/Swieto-Dzieci-Gor6344.jpg?ssl=1\" target=\"_self\" rel=\"noopener\" data-brz-link-type=\"lightBox\"><picture class=\"brz-picture brz-d-block brz-p-relative brz-css-13vtfvd brz-css-17rpd0k\"><source srcset=\"https:\/\/sowinskifoto.pl\/wp-content\/uploads\/2025\/07\/Swieto-Dzieci-Gor6344.jpg 1x, https:\/\/sowinskifoto.pl\/wp-content\/uploads\/2025\/07\/Swieto-Dzieci-Gor6344.jpg 2x\" media=\"(min-width: 992px)\"><source srcset=\"https:\/\/sowinskifoto.pl\/wp-content\/uploads\/2025\/07\/Swieto-Dzieci-Gor6344.jpg 1x, https:\/\/sowinskifoto.pl\/wp-content\/uploads\/2025\/07\/Swieto-Dzieci-Gor6344.jpg 2x\" media=\"(min-width: 768px)\"><img data-recalc-dims=\"1\" decoding=\"async\" class=\"brz-img\" srcset=\"https:\/\/sowinskifoto.pl\/wp-content\/uploads\/2025\/07\/Swieto-Dzieci-Gor6344.jpg 1x, https:\/\/sowinskifoto.pl\/wp-content\/uploads\/2025\/07\/Swieto-Dzieci-Gor6344.jpg 2x\" src=\"https:\/\/i0.wp.com\/sowinskifoto.pl\/wp-content\/uploads\/2025\/07\/Swieto-Dzieci-Gor6344.jpg?ssl=1\" alt=\"\" title=\"Dzie\u0144 Orawsko-Serbski. \u015awi\u0119to Dzieci G\u00f3r\" draggable=\"false\" loading=\"lazy\"><\/picture><\/a><\/div>\n<\/div>\n<div class=\"brz-image__gallery-item\">\n<div class=\"brz-image brz-css-m2v3ri brz-css-h74wir\" data-brz-custom-id=\"apRQPB1jFCIs\"><a class=\"brz-a\" href=\"https:\/\/i0.wp.com\/sowinskifoto.pl\/wp-content\/uploads\/2025\/07\/Swieto-Dzieci-Gor6345.jpg?ssl=1\" target=\"_self\" rel=\"noopener\" data-brz-link-type=\"lightBox\"><picture class=\"brz-picture brz-d-block brz-p-relative brz-css-g4q0sj brz-css-1hbwm7\"><source srcset=\"https:\/\/sowinskifoto.pl\/wp-content\/uploads\/2025\/07\/Swieto-Dzieci-Gor6345.jpg 1x, https:\/\/sowinskifoto.pl\/wp-content\/uploads\/2025\/07\/Swieto-Dzieci-Gor6345.jpg 2x\" media=\"(min-width: 992px)\"><source srcset=\"https:\/\/sowinskifoto.pl\/wp-content\/uploads\/2025\/07\/Swieto-Dzieci-Gor6345.jpg 1x, https:\/\/sowinskifoto.pl\/wp-content\/uploads\/2025\/07\/Swieto-Dzieci-Gor6345.jpg 2x\" media=\"(min-width: 768px)\"><img data-recalc-dims=\"1\" decoding=\"async\" class=\"brz-img\" srcset=\"https:\/\/sowinskifoto.pl\/wp-content\/uploads\/2025\/07\/Swieto-Dzieci-Gor6345.jpg 1x, https:\/\/sowinskifoto.pl\/wp-content\/uploads\/2025\/07\/Swieto-Dzieci-Gor6345.jpg 2x\" src=\"https:\/\/i0.wp.com\/sowinskifoto.pl\/wp-content\/uploads\/2025\/07\/Swieto-Dzieci-Gor6345.jpg?ssl=1\" alt=\"\" title=\"Dzie\u0144 Orawsko-Serbski. \u015awi\u0119to Dzieci G\u00f3r\" draggable=\"false\" loading=\"lazy\"><\/picture><\/a><\/div>\n<\/div>\n<div class=\"brz-image__gallery-item\">\n<div class=\"brz-image brz-css-o1s3ip brz-css-qbe75m\" data-brz-custom-id=\"mVFalix3cz57\"><a class=\"brz-a\" href=\"https:\/\/i0.wp.com\/sowinskifoto.pl\/wp-content\/uploads\/2025\/07\/Swieto-Dzieci-Gor6346.jpg?ssl=1\" target=\"_self\" rel=\"noopener\" data-brz-link-type=\"lightBox\"><picture class=\"brz-picture brz-d-block brz-p-relative brz-css-1t31s2u brz-css-mzij1b\"><source srcset=\"https:\/\/sowinskifoto.pl\/wp-content\/uploads\/2025\/07\/Swieto-Dzieci-Gor6346.jpg 1x, https:\/\/sowinskifoto.pl\/wp-content\/uploads\/2025\/07\/Swieto-Dzieci-Gor6346.jpg 2x\" media=\"(min-width: 992px)\"><source srcset=\"https:\/\/sowinskifoto.pl\/wp-content\/uploads\/2025\/07\/Swieto-Dzieci-Gor6346.jpg 1x, https:\/\/sowinskifoto.pl\/wp-content\/uploads\/2025\/07\/Swieto-Dzieci-Gor6346.jpg 2x\" media=\"(min-width: 768px)\"><img data-recalc-dims=\"1\" decoding=\"async\" class=\"brz-img\" srcset=\"https:\/\/sowinskifoto.pl\/wp-content\/uploads\/2025\/07\/Swieto-Dzieci-Gor6346.jpg 1x, https:\/\/sowinskifoto.pl\/wp-content\/uploads\/2025\/07\/Swieto-Dzieci-Gor6346.jpg 2x\" src=\"https:\/\/i0.wp.com\/sowinskifoto.pl\/wp-content\/uploads\/2025\/07\/Swieto-Dzieci-Gor6346.jpg?ssl=1\" alt=\"\" title=\"Dzie\u0144 Orawsko-Serbski. \u015awi\u0119to Dzieci G\u00f3r\" draggable=\"false\" loading=\"lazy\"><\/picture><\/a><\/div>\n<\/div>\n<div class=\"brz-image__gallery-item\">\n<div class=\"brz-image brz-css-gtgk5 brz-css-1o4g8q7\" data-brz-custom-id=\"tphocjr8Icq3\"><a class=\"brz-a\" href=\"https:\/\/i0.wp.com\/sowinskifoto.pl\/wp-content\/uploads\/2025\/07\/Swieto-Dzieci-Gor6347.jpg?ssl=1\" target=\"_self\" rel=\"noopener\" data-brz-link-type=\"lightBox\"><picture class=\"brz-picture brz-d-block brz-p-relative brz-css-sigzwm brz-css-1g4dy2r\"><source srcset=\"https:\/\/sowinskifoto.pl\/wp-content\/uploads\/2025\/07\/Swieto-Dzieci-Gor6347.jpg 1x, https:\/\/sowinskifoto.pl\/wp-content\/uploads\/2025\/07\/Swieto-Dzieci-Gor6347.jpg 2x\" media=\"(min-width: 992px)\"><source srcset=\"https:\/\/sowinskifoto.pl\/wp-content\/uploads\/2025\/07\/Swieto-Dzieci-Gor6347.jpg 1x, https:\/\/sowinskifoto.pl\/wp-content\/uploads\/2025\/07\/Swieto-Dzieci-Gor6347.jpg 2x\" media=\"(min-width: 768px)\"><img data-recalc-dims=\"1\" decoding=\"async\" class=\"brz-img\" srcset=\"https:\/\/sowinskifoto.pl\/wp-content\/uploads\/2025\/07\/Swieto-Dzieci-Gor6347.jpg 1x, https:\/\/sowinskifoto.pl\/wp-content\/uploads\/2025\/07\/Swieto-Dzieci-Gor6347.jpg 2x\" src=\"https:\/\/i0.wp.com\/sowinskifoto.pl\/wp-content\/uploads\/2025\/07\/Swieto-Dzieci-Gor6347.jpg?ssl=1\" alt=\"\" title=\"Dzie\u0144 Orawsko-Serbski. \u015awi\u0119to Dzieci G\u00f3r\" draggable=\"false\" loading=\"lazy\"><\/picture><\/a><\/div>\n<\/div>\n<div class=\"brz-image__gallery-item\">\n<div class=\"brz-image brz-css-du6h11 brz-css-5zcqqe\" data-brz-custom-id=\"jPL1hntfnDdU\"><a class=\"brz-a\" href=\"https:\/\/i0.wp.com\/sowinskifoto.pl\/wp-content\/uploads\/2025\/07\/Swieto-Dzieci-Gor6349.jpg?ssl=1\" target=\"_self\" rel=\"noopener\" data-brz-link-type=\"lightBox\"><picture class=\"brz-picture brz-d-block brz-p-relative brz-css-1cih9sd brz-css-y4gru0\"><source srcset=\"https:\/\/sowinskifoto.pl\/wp-content\/uploads\/2025\/07\/Swieto-Dzieci-Gor6349.jpg 1x, https:\/\/sowinskifoto.pl\/wp-content\/uploads\/2025\/07\/Swieto-Dzieci-Gor6349.jpg 2x\" media=\"(min-width: 992px)\"><source srcset=\"https:\/\/sowinskifoto.pl\/wp-content\/uploads\/2025\/07\/Swieto-Dzieci-Gor6349.jpg 1x, https:\/\/sowinskifoto.pl\/wp-content\/uploads\/2025\/07\/Swieto-Dzieci-Gor6349.jpg 2x\" media=\"(min-width: 768px)\"><img data-recalc-dims=\"1\" decoding=\"async\" class=\"brz-img\" srcset=\"https:\/\/sowinskifoto.pl\/wp-content\/uploads\/2025\/07\/Swieto-Dzieci-Gor6349.jpg 1x, https:\/\/sowinskifoto.pl\/wp-content\/uploads\/2025\/07\/Swieto-Dzieci-Gor6349.jpg 2x\" src=\"https:\/\/i0.wp.com\/sowinskifoto.pl\/wp-content\/uploads\/2025\/07\/Swieto-Dzieci-Gor6349.jpg?ssl=1\" alt=\"\" title=\"Dzie\u0144 Orawsko-Serbski. \u015awi\u0119to Dzieci G\u00f3r\" draggable=\"false\" loading=\"lazy\"><\/picture><\/a><\/div>\n<\/div>\n<div class=\"brz-image__gallery-item\">\n<div class=\"brz-image brz-css-lcj426 brz-css-zc5zz9\" data-brz-custom-id=\"av4J6hAy0Rk9\"><a class=\"brz-a\" href=\"https:\/\/i0.wp.com\/sowinskifoto.pl\/wp-content\/uploads\/2025\/07\/Swieto-Dzieci-Gor6348.jpg?ssl=1\" target=\"_self\" rel=\"noopener\" data-brz-link-type=\"lightBox\"><picture class=\"brz-picture brz-d-block brz-p-relative brz-css-1lmwd1u brz-css-1ot8w1w\"><source srcset=\"https:\/\/sowinskifoto.pl\/wp-content\/uploads\/2025\/07\/Swieto-Dzieci-Gor6348.jpg 1x, https:\/\/sowinskifoto.pl\/wp-content\/uploads\/2025\/07\/Swieto-Dzieci-Gor6348.jpg 2x\" media=\"(min-width: 992px)\"><source srcset=\"https:\/\/sowinskifoto.pl\/wp-content\/uploads\/2025\/07\/Swieto-Dzieci-Gor6348.jpg 1x, https:\/\/sowinskifoto.pl\/wp-content\/uploads\/2025\/07\/Swieto-Dzieci-Gor6348.jpg 2x\" media=\"(min-width: 768px)\"><img data-recalc-dims=\"1\" decoding=\"async\" class=\"brz-img\" srcset=\"https:\/\/sowinskifoto.pl\/wp-content\/uploads\/2025\/07\/Swieto-Dzieci-Gor6348.jpg 1x, https:\/\/sowinskifoto.pl\/wp-content\/uploads\/2025\/07\/Swieto-Dzieci-Gor6348.jpg 2x\" src=\"https:\/\/i0.wp.com\/sowinskifoto.pl\/wp-content\/uploads\/2025\/07\/Swieto-Dzieci-Gor6348.jpg?ssl=1\" alt=\"\" title=\"Dzie\u0144 Orawsko-Serbski. \u015awi\u0119to Dzieci G\u00f3r\" draggable=\"false\" loading=\"lazy\"><\/picture><\/a><\/div>\n<\/div>\n<div class=\"brz-image__gallery-item\">\n<div class=\"brz-image brz-css-1oy10o6 brz-css-ipo8uu\" data-brz-custom-id=\"uff3RzrQvIo1\"><a class=\"brz-a\" href=\"https:\/\/i0.wp.com\/sowinskifoto.pl\/wp-content\/uploads\/2025\/07\/Swieto-Dzieci-Gor6350.jpg?ssl=1\" target=\"_self\" rel=\"noopener\" data-brz-link-type=\"lightBox\"><picture class=\"brz-picture brz-d-block brz-p-relative brz-css-10nckwt brz-css-134yycj\"><source srcset=\"https:\/\/sowinskifoto.pl\/wp-content\/uploads\/2025\/07\/Swieto-Dzieci-Gor6350.jpg 1x, https:\/\/sowinskifoto.pl\/wp-content\/uploads\/2025\/07\/Swieto-Dzieci-Gor6350.jpg 2x\" media=\"(min-width: 992px)\"><source srcset=\"https:\/\/sowinskifoto.pl\/wp-content\/uploads\/2025\/07\/Swieto-Dzieci-Gor6350.jpg 1x, https:\/\/sowinskifoto.pl\/wp-content\/uploads\/2025\/07\/Swieto-Dzieci-Gor6350.jpg 2x\" media=\"(min-width: 768px)\"><img data-recalc-dims=\"1\" decoding=\"async\" class=\"brz-img\" srcset=\"https:\/\/sowinskifoto.pl\/wp-content\/uploads\/2025\/07\/Swieto-Dzieci-Gor6350.jpg 1x, https:\/\/sowinskifoto.pl\/wp-content\/uploads\/2025\/07\/Swieto-Dzieci-Gor6350.jpg 2x\" src=\"https:\/\/i0.wp.com\/sowinskifoto.pl\/wp-content\/uploads\/2025\/07\/Swieto-Dzieci-Gor6350.jpg?ssl=1\" alt=\"\" title=\"Dzie\u0144 Orawsko-Serbski. \u015awi\u0119to Dzieci G\u00f3r\" draggable=\"false\" loading=\"lazy\"><\/picture><\/a><\/div>\n<\/div>\n<div class=\"brz-image__gallery-item\">\n<div class=\"brz-image brz-css-bbljdw brz-css-1al9r21\" data-brz-custom-id=\"ngZCw2xc7V04\"><a class=\"brz-a\" href=\"https:\/\/i0.wp.com\/sowinskifoto.pl\/wp-content\/uploads\/2025\/07\/Swieto-Dzieci-Gor6351.jpg?ssl=1\" target=\"_self\" rel=\"noopener\" data-brz-link-type=\"lightBox\"><picture class=\"brz-picture brz-d-block brz-p-relative brz-css-vl0b3c brz-css-l9g5fg\"><source srcset=\"https:\/\/sowinskifoto.pl\/wp-content\/uploads\/2025\/07\/Swieto-Dzieci-Gor6351.jpg 1x, https:\/\/sowinskifoto.pl\/wp-content\/uploads\/2025\/07\/Swieto-Dzieci-Gor6351.jpg 2x\" media=\"(min-width: 992px)\"><source srcset=\"https:\/\/sowinskifoto.pl\/wp-content\/uploads\/2025\/07\/Swieto-Dzieci-Gor6351.jpg 1x, https:\/\/sowinskifoto.pl\/wp-content\/uploads\/2025\/07\/Swieto-Dzieci-Gor6351.jpg 2x\" media=\"(min-width: 768px)\"><img data-recalc-dims=\"1\" decoding=\"async\" class=\"brz-img\" srcset=\"https:\/\/sowinskifoto.pl\/wp-content\/uploads\/2025\/07\/Swieto-Dzieci-Gor6351.jpg 1x, https:\/\/sowinskifoto.pl\/wp-content\/uploads\/2025\/07\/Swieto-Dzieci-Gor6351.jpg 2x\" src=\"https:\/\/i0.wp.com\/sowinskifoto.pl\/wp-content\/uploads\/2025\/07\/Swieto-Dzieci-Gor6351.jpg?ssl=1\" alt=\"\" title=\"Dzie\u0144 Orawsko-Serbski. \u015awi\u0119to Dzieci G\u00f3r\" draggable=\"false\" loading=\"lazy\"><\/picture><\/a><\/div>\n<\/div>\n<div class=\"brz-image__gallery-item\">\n<div class=\"brz-image brz-css-kw5n9l brz-css-1odc4eq\" data-brz-custom-id=\"k_ViM4MkT7Rk\"><a class=\"brz-a\" href=\"https:\/\/i0.wp.com\/sowinskifoto.pl\/wp-content\/uploads\/2025\/07\/Swieto-Dzieci-Gor6352.jpg?ssl=1\" target=\"_self\" rel=\"noopener\" data-brz-link-type=\"lightBox\"><picture class=\"brz-picture brz-d-block brz-p-relative brz-css-aae567 brz-css-16qunfn\"><source srcset=\"https:\/\/sowinskifoto.pl\/wp-content\/uploads\/2025\/07\/Swieto-Dzieci-Gor6352.jpg 1x, https:\/\/sowinskifoto.pl\/wp-content\/uploads\/2025\/07\/Swieto-Dzieci-Gor6352.jpg 2x\" media=\"(min-width: 992px)\"><source srcset=\"https:\/\/sowinskifoto.pl\/wp-content\/uploads\/2025\/07\/Swieto-Dzieci-Gor6352.jpg 1x, https:\/\/sowinskifoto.pl\/wp-content\/uploads\/2025\/07\/Swieto-Dzieci-Gor6352.jpg 2x\" media=\"(min-width: 768px)\"><img data-recalc-dims=\"1\" decoding=\"async\" class=\"brz-img\" srcset=\"https:\/\/sowinskifoto.pl\/wp-content\/uploads\/2025\/07\/Swieto-Dzieci-Gor6352.jpg 1x, https:\/\/sowinskifoto.pl\/wp-content\/uploads\/2025\/07\/Swieto-Dzieci-Gor6352.jpg 2x\" src=\"https:\/\/i0.wp.com\/sowinskifoto.pl\/wp-content\/uploads\/2025\/07\/Swieto-Dzieci-Gor6352.jpg?ssl=1\" alt=\"\" title=\"Dzie\u0144 Orawsko-Serbski. \u015awi\u0119to Dzieci G\u00f3r\" draggable=\"false\" loading=\"lazy\"><\/picture><\/a><\/div>\n<\/div>\n<div class=\"brz-image__gallery-item\">\n<div class=\"brz-image brz-css-6ug9ox brz-css-ev6mbo\" data-brz-custom-id=\"mlj2hdAnEwmD\"><a class=\"brz-a\" href=\"https:\/\/i0.wp.com\/sowinskifoto.pl\/wp-content\/uploads\/2025\/07\/Swieto-Dzieci-Gor6354.jpg?ssl=1\" target=\"_self\" rel=\"noopener\" data-brz-link-type=\"lightBox\"><picture class=\"brz-picture brz-d-block brz-p-relative brz-css-2yae0n brz-css-d216yb\"><source srcset=\"https:\/\/sowinskifoto.pl\/wp-content\/uploads\/2025\/07\/Swieto-Dzieci-Gor6354.jpg 1x, https:\/\/sowinskifoto.pl\/wp-content\/uploads\/2025\/07\/Swieto-Dzieci-Gor6354.jpg 2x\" media=\"(min-width: 992px)\"><source srcset=\"https:\/\/sowinskifoto.pl\/wp-content\/uploads\/2025\/07\/Swieto-Dzieci-Gor6354.jpg 1x, https:\/\/sowinskifoto.pl\/wp-content\/uploads\/2025\/07\/Swieto-Dzieci-Gor6354.jpg 2x\" media=\"(min-width: 768px)\"><img data-recalc-dims=\"1\" decoding=\"async\" class=\"brz-img\" srcset=\"https:\/\/sowinskifoto.pl\/wp-content\/uploads\/2025\/07\/Swieto-Dzieci-Gor6354.jpg 1x, https:\/\/sowinskifoto.pl\/wp-content\/uploads\/2025\/07\/Swieto-Dzieci-Gor6354.jpg 2x\" src=\"https:\/\/i0.wp.com\/sowinskifoto.pl\/wp-content\/uploads\/2025\/07\/Swieto-Dzieci-Gor6354.jpg?ssl=1\" alt=\"\" title=\"Dzie\u0144 Orawsko-Serbski. \u015awi\u0119to Dzieci G\u00f3r\" draggable=\"false\" loading=\"lazy\"><\/picture><\/a><\/div>\n<\/div>\n<div class=\"brz-image__gallery-item\">\n<div class=\"brz-image brz-css-106pudp brz-css-khgt0x\" data-brz-custom-id=\"gAFHMTN2C2V0\"><a class=\"brz-a\" href=\"https:\/\/i0.wp.com\/sowinskifoto.pl\/wp-content\/uploads\/2025\/07\/Swieto-Dzieci-Gor6353.jpg?ssl=1\" target=\"_self\" rel=\"noopener\" data-brz-link-type=\"lightBox\"><picture class=\"brz-picture brz-d-block brz-p-relative brz-css-1vxthbg brz-css-1mrtybh\"><source srcset=\"https:\/\/sowinskifoto.pl\/wp-content\/uploads\/2025\/07\/Swieto-Dzieci-Gor6353.jpg 1x, https:\/\/sowinskifoto.pl\/wp-content\/uploads\/2025\/07\/Swieto-Dzieci-Gor6353.jpg 2x\" media=\"(min-width: 992px)\"><source srcset=\"https:\/\/sowinskifoto.pl\/wp-content\/uploads\/2025\/07\/Swieto-Dzieci-Gor6353.jpg 1x, https:\/\/sowinskifoto.pl\/wp-content\/uploads\/2025\/07\/Swieto-Dzieci-Gor6353.jpg 2x\" media=\"(min-width: 768px)\"><img data-recalc-dims=\"1\" decoding=\"async\" class=\"brz-img\" srcset=\"https:\/\/sowinskifoto.pl\/wp-content\/uploads\/2025\/07\/Swieto-Dzieci-Gor6353.jpg 1x, https:\/\/sowinskifoto.pl\/wp-content\/uploads\/2025\/07\/Swieto-Dzieci-Gor6353.jpg 2x\" src=\"https:\/\/i0.wp.com\/sowinskifoto.pl\/wp-content\/uploads\/2025\/07\/Swieto-Dzieci-Gor6353.jpg?ssl=1\" alt=\"\" title=\"Dzie\u0144 Orawsko-Serbski. \u015awi\u0119to Dzieci G\u00f3r\" draggable=\"false\" loading=\"lazy\"><\/picture><\/a><\/div>\n<\/div>\n<div class=\"brz-image__gallery-item\">\n<div class=\"brz-image brz-css-16mm4yx brz-css-f197ru\" data-brz-custom-id=\"lXJNbQSsUzqE\"><a class=\"brz-a\" href=\"https:\/\/i0.wp.com\/sowinskifoto.pl\/wp-content\/uploads\/2025\/07\/Swieto-Dzieci-Gor6355.jpg?ssl=1\" target=\"_self\" rel=\"noopener\" data-brz-link-type=\"lightBox\"><picture class=\"brz-picture brz-d-block brz-p-relative brz-css-1qntudx brz-css-35ctl7\"><source srcset=\"https:\/\/sowinskifoto.pl\/wp-content\/uploads\/2025\/07\/Swieto-Dzieci-Gor6355.jpg 1x, https:\/\/sowinskifoto.pl\/wp-content\/uploads\/2025\/07\/Swieto-Dzieci-Gor6355.jpg 2x\" media=\"(min-width: 992px)\"><source srcset=\"https:\/\/sowinskifoto.pl\/wp-content\/uploads\/2025\/07\/Swieto-Dzieci-Gor6355.jpg 1x, https:\/\/sowinskifoto.pl\/wp-content\/uploads\/2025\/07\/Swieto-Dzieci-Gor6355.jpg 2x\" media=\"(min-width: 768px)\"><img data-recalc-dims=\"1\" decoding=\"async\" class=\"brz-img\" srcset=\"https:\/\/sowinskifoto.pl\/wp-content\/uploads\/2025\/07\/Swieto-Dzieci-Gor6355.jpg 1x, https:\/\/sowinskifoto.pl\/wp-content\/uploads\/2025\/07\/Swieto-Dzieci-Gor6355.jpg 2x\" src=\"https:\/\/i0.wp.com\/sowinskifoto.pl\/wp-content\/uploads\/2025\/07\/Swieto-Dzieci-Gor6355.jpg?ssl=1\" alt=\"\" title=\"Dzie\u0144 Orawsko-Serbski. \u015awi\u0119to Dzieci G\u00f3r\" draggable=\"false\" loading=\"lazy\"><\/picture><\/a><\/div>\n<\/div>\n<div class=\"brz-image__gallery-item\">\n<div class=\"brz-image brz-css-nm98xl brz-css-1lth4je\" data-brz-custom-id=\"bXXWBRUP2sf3\"><a class=\"brz-a\" href=\"https:\/\/i0.wp.com\/sowinskifoto.pl\/wp-content\/uploads\/2025\/07\/Swieto-Dzieci-Gor6356.jpg?ssl=1\" target=\"_self\" rel=\"noopener\" data-brz-link-type=\"lightBox\"><picture class=\"brz-picture brz-d-block brz-p-relative brz-css-l96zgf brz-css-1bkvwe0\"><source srcset=\"https:\/\/sowinskifoto.pl\/wp-content\/uploads\/2025\/07\/Swieto-Dzieci-Gor6356.jpg 1x, https:\/\/sowinskifoto.pl\/wp-content\/uploads\/2025\/07\/Swieto-Dzieci-Gor6356.jpg 2x\" media=\"(min-width: 992px)\"><source srcset=\"https:\/\/sowinskifoto.pl\/wp-content\/uploads\/2025\/07\/Swieto-Dzieci-Gor6356.jpg 1x, https:\/\/sowinskifoto.pl\/wp-content\/uploads\/2025\/07\/Swieto-Dzieci-Gor6356.jpg 2x\" media=\"(min-width: 768px)\"><img data-recalc-dims=\"1\" decoding=\"async\" class=\"brz-img\" srcset=\"https:\/\/sowinskifoto.pl\/wp-content\/uploads\/2025\/07\/Swieto-Dzieci-Gor6356.jpg 1x, https:\/\/sowinskifoto.pl\/wp-content\/uploads\/2025\/07\/Swieto-Dzieci-Gor6356.jpg 2x\" src=\"https:\/\/i0.wp.com\/sowinskifoto.pl\/wp-content\/uploads\/2025\/07\/Swieto-Dzieci-Gor6356.jpg?ssl=1\" alt=\"\" title=\"Dzie\u0144 Orawsko-Serbski. \u015awi\u0119to Dzieci G\u00f3r\" draggable=\"false\" loading=\"lazy\"><\/picture><\/a><\/div>\n<\/div>\n<div class=\"brz-image__gallery-item\">\n<div class=\"brz-image brz-css-lcuxip brz-css-1vxrski\" data-brz-custom-id=\"h894zplPYaKr\"><a class=\"brz-a\" href=\"https:\/\/i0.wp.com\/sowinskifoto.pl\/wp-content\/uploads\/2025\/07\/Swieto-Dzieci-Gor6357.jpg?ssl=1\" target=\"_self\" rel=\"noopener\" data-brz-link-type=\"lightBox\"><picture class=\"brz-picture brz-d-block brz-p-relative brz-css-19kj21q brz-css-so2g6j\"><source srcset=\"https:\/\/sowinskifoto.pl\/wp-content\/uploads\/2025\/07\/Swieto-Dzieci-Gor6357.jpg 1x, https:\/\/sowinskifoto.pl\/wp-content\/uploads\/2025\/07\/Swieto-Dzieci-Gor6357.jpg 2x\" media=\"(min-width: 992px)\"><source srcset=\"https:\/\/sowinskifoto.pl\/wp-content\/uploads\/2025\/07\/Swieto-Dzieci-Gor6357.jpg 1x, https:\/\/sowinskifoto.pl\/wp-content\/uploads\/2025\/07\/Swieto-Dzieci-Gor6357.jpg 2x\" media=\"(min-width: 768px)\"><img data-recalc-dims=\"1\" decoding=\"async\" class=\"brz-img\" srcset=\"https:\/\/sowinskifoto.pl\/wp-content\/uploads\/2025\/07\/Swieto-Dzieci-Gor6357.jpg 1x, https:\/\/sowinskifoto.pl\/wp-content\/uploads\/2025\/07\/Swieto-Dzieci-Gor6357.jpg 2x\" src=\"https:\/\/i0.wp.com\/sowinskifoto.pl\/wp-content\/uploads\/2025\/07\/Swieto-Dzieci-Gor6357.jpg?ssl=1\" alt=\"\" title=\"Dzie\u0144 Orawsko-Serbski. \u015awi\u0119to Dzieci G\u00f3r\" draggable=\"false\" loading=\"lazy\"><\/picture><\/a><\/div>\n<\/div>\n<div class=\"brz-image__gallery-item\">\n<div class=\"brz-image brz-css-ir9v1h brz-css-lca2e4\" data-brz-custom-id=\"ovfkRK1pDR0B\"><a class=\"brz-a\" href=\"https:\/\/i0.wp.com\/sowinskifoto.pl\/wp-content\/uploads\/2025\/07\/Swieto-Dzieci-Gor6358.jpg?ssl=1\" target=\"_self\" rel=\"noopener\" data-brz-link-type=\"lightBox\"><picture class=\"brz-picture brz-d-block brz-p-relative brz-css-1tr1j0u brz-css-127555n\"><source srcset=\"https:\/\/sowinskifoto.pl\/wp-content\/uploads\/2025\/07\/Swieto-Dzieci-Gor6358.jpg 1x, https:\/\/sowinskifoto.pl\/wp-content\/uploads\/2025\/07\/Swieto-Dzieci-Gor6358.jpg 2x\" media=\"(min-width: 992px)\"><source srcset=\"https:\/\/sowinskifoto.pl\/wp-content\/uploads\/2025\/07\/Swieto-Dzieci-Gor6358.jpg 1x, https:\/\/sowinskifoto.pl\/wp-content\/uploads\/2025\/07\/Swieto-Dzieci-Gor6358.jpg 2x\" media=\"(min-width: 768px)\"><img data-recalc-dims=\"1\" decoding=\"async\" class=\"brz-img\" srcset=\"https:\/\/sowinskifoto.pl\/wp-content\/uploads\/2025\/07\/Swieto-Dzieci-Gor6358.jpg 1x, https:\/\/sowinskifoto.pl\/wp-content\/uploads\/2025\/07\/Swieto-Dzieci-Gor6358.jpg 2x\" src=\"https:\/\/i0.wp.com\/sowinskifoto.pl\/wp-content\/uploads\/2025\/07\/Swieto-Dzieci-Gor6358.jpg?ssl=1\" alt=\"\" title=\"Dzie\u0144 Orawsko-Serbski. \u015awi\u0119to Dzieci G\u00f3r\" draggable=\"false\" loading=\"lazy\"><\/picture><\/a><\/div>\n<\/div>\n<div class=\"brz-image__gallery-item\">\n<div class=\"brz-image brz-css-114eqs8 brz-css-1j14g06\" data-brz-custom-id=\"prTX6iI3y56Q\"><a class=\"brz-a\" href=\"https:\/\/i0.wp.com\/sowinskifoto.pl\/wp-content\/uploads\/2025\/07\/Swieto-Dzieci-Gor6359.jpg?ssl=1\" target=\"_self\" rel=\"noopener\" data-brz-link-type=\"lightBox\"><picture class=\"brz-picture brz-d-block brz-p-relative brz-css-17kx42o brz-css-1j1qxsd\"><source srcset=\"https:\/\/sowinskifoto.pl\/wp-content\/uploads\/2025\/07\/Swieto-Dzieci-Gor6359.jpg 1x, https:\/\/sowinskifoto.pl\/wp-content\/uploads\/2025\/07\/Swieto-Dzieci-Gor6359.jpg 2x\" media=\"(min-width: 992px)\"><source srcset=\"https:\/\/sowinskifoto.pl\/wp-content\/uploads\/2025\/07\/Swieto-Dzieci-Gor6359.jpg 1x, https:\/\/sowinskifoto.pl\/wp-content\/uploads\/2025\/07\/Swieto-Dzieci-Gor6359.jpg 2x\" media=\"(min-width: 768px)\"><img data-recalc-dims=\"1\" decoding=\"async\" class=\"brz-img\" srcset=\"https:\/\/sowinskifoto.pl\/wp-content\/uploads\/2025\/07\/Swieto-Dzieci-Gor6359.jpg 1x, https:\/\/sowinskifoto.pl\/wp-content\/uploads\/2025\/07\/Swieto-Dzieci-Gor6359.jpg 2x\" src=\"https:\/\/i0.wp.com\/sowinskifoto.pl\/wp-content\/uploads\/2025\/07\/Swieto-Dzieci-Gor6359.jpg?ssl=1\" alt=\"\" title=\"Dzie\u0144 Orawsko-Serbski. \u015awi\u0119to Dzieci G\u00f3r\" draggable=\"false\" loading=\"lazy\"><\/picture><\/a><\/div>\n<\/div>\n<div class=\"brz-image__gallery-item\">\n<div class=\"brz-image brz-css-1d11n9x brz-css-1npy9fn\" data-brz-custom-id=\"vUlU2uJAbAsQ\"><a class=\"brz-a\" href=\"https:\/\/i0.wp.com\/sowinskifoto.pl\/wp-content\/uploads\/2025\/07\/Swieto-Dzieci-Gor6360.jpg?ssl=1\" target=\"_self\" rel=\"noopener\" data-brz-link-type=\"lightBox\"><picture class=\"brz-picture brz-d-block brz-p-relative brz-css-1tex7s2 brz-css-uqaij8\"><source srcset=\"https:\/\/sowinskifoto.pl\/wp-content\/uploads\/2025\/07\/Swieto-Dzieci-Gor6360.jpg 1x, https:\/\/sowinskifoto.pl\/wp-content\/uploads\/2025\/07\/Swieto-Dzieci-Gor6360.jpg 2x\" media=\"(min-width: 992px)\"><source srcset=\"https:\/\/sowinskifoto.pl\/wp-content\/uploads\/2025\/07\/Swieto-Dzieci-Gor6360.jpg 1x, https:\/\/sowinskifoto.pl\/wp-content\/uploads\/2025\/07\/Swieto-Dzieci-Gor6360.jpg 2x\" media=\"(min-width: 768px)\"><img data-recalc-dims=\"1\" decoding=\"async\" class=\"brz-img\" srcset=\"https:\/\/sowinskifoto.pl\/wp-content\/uploads\/2025\/07\/Swieto-Dzieci-Gor6360.jpg 1x, https:\/\/sowinskifoto.pl\/wp-content\/uploads\/2025\/07\/Swieto-Dzieci-Gor6360.jpg 2x\" src=\"https:\/\/i0.wp.com\/sowinskifoto.pl\/wp-content\/uploads\/2025\/07\/Swieto-Dzieci-Gor6360.jpg?ssl=1\" alt=\"\" title=\"Dzie\u0144 Orawsko-Serbski. \u015awi\u0119to Dzieci G\u00f3r\" draggable=\"false\" loading=\"lazy\"><\/picture><\/a><\/div>\n<\/div>\n<div class=\"brz-image__gallery-item\">\n<div class=\"brz-image brz-css-1ijapa5 brz-css-18w7wdw\" data-brz-custom-id=\"gIvLTvG_CAYp\"><a class=\"brz-a\" href=\"https:\/\/i0.wp.com\/sowinskifoto.pl\/wp-content\/uploads\/2025\/07\/Swieto-Dzieci-Gor6363.jpg?ssl=1\" target=\"_self\" rel=\"noopener\" data-brz-link-type=\"lightBox\"><picture class=\"brz-picture brz-d-block brz-p-relative brz-css-ja9gle brz-css-noecrk\"><source srcset=\"https:\/\/sowinskifoto.pl\/wp-content\/uploads\/2025\/07\/Swieto-Dzieci-Gor6363.jpg 1x, https:\/\/sowinskifoto.pl\/wp-content\/uploads\/2025\/07\/Swieto-Dzieci-Gor6363.jpg 2x\" media=\"(min-width: 992px)\"><source srcset=\"https:\/\/sowinskifoto.pl\/wp-content\/uploads\/2025\/07\/Swieto-Dzieci-Gor6363.jpg 1x, https:\/\/sowinskifoto.pl\/wp-content\/uploads\/2025\/07\/Swieto-Dzieci-Gor6363.jpg 2x\" media=\"(min-width: 768px)\"><img data-recalc-dims=\"1\" decoding=\"async\" class=\"brz-img\" srcset=\"https:\/\/sowinskifoto.pl\/wp-content\/uploads\/2025\/07\/Swieto-Dzieci-Gor6363.jpg 1x, https:\/\/sowinskifoto.pl\/wp-content\/uploads\/2025\/07\/Swieto-Dzieci-Gor6363.jpg 2x\" src=\"https:\/\/i0.wp.com\/sowinskifoto.pl\/wp-content\/uploads\/2025\/07\/Swieto-Dzieci-Gor6363.jpg?ssl=1\" alt=\"\" title=\"Dzie\u0144 Orawsko-Serbski. \u015awi\u0119to Dzieci G\u00f3r\" draggable=\"false\" loading=\"lazy\"><\/picture><\/a><\/div>\n<\/div>\n<div class=\"brz-image__gallery-item\">\n<div class=\"brz-image brz-css-1cys00g brz-css-1jlvn4i\" data-brz-custom-id=\"iIRjTmt654kM\"><a class=\"brz-a\" href=\"https:\/\/i0.wp.com\/sowinskifoto.pl\/wp-content\/uploads\/2025\/07\/Swieto-Dzieci-Gor6361.jpg?ssl=1\" target=\"_self\" rel=\"noopener\" data-brz-link-type=\"lightBox\"><picture class=\"brz-picture brz-d-block brz-p-relative brz-css-1p3stox brz-css-1fokmye\"><source srcset=\"https:\/\/sowinskifoto.pl\/wp-content\/uploads\/2025\/07\/Swieto-Dzieci-Gor6361.jpg 1x, https:\/\/sowinskifoto.pl\/wp-content\/uploads\/2025\/07\/Swieto-Dzieci-Gor6361.jpg 2x\" media=\"(min-width: 992px)\"><source srcset=\"https:\/\/sowinskifoto.pl\/wp-content\/uploads\/2025\/07\/Swieto-Dzieci-Gor6361.jpg 1x, https:\/\/sowinskifoto.pl\/wp-content\/uploads\/2025\/07\/Swieto-Dzieci-Gor6361.jpg 2x\" media=\"(min-width: 768px)\"><img data-recalc-dims=\"1\" decoding=\"async\" class=\"brz-img\" srcset=\"https:\/\/sowinskifoto.pl\/wp-content\/uploads\/2025\/07\/Swieto-Dzieci-Gor6361.jpg 1x, https:\/\/sowinskifoto.pl\/wp-content\/uploads\/2025\/07\/Swieto-Dzieci-Gor6361.jpg 2x\" src=\"https:\/\/i0.wp.com\/sowinskifoto.pl\/wp-content\/uploads\/2025\/07\/Swieto-Dzieci-Gor6361.jpg?ssl=1\" alt=\"\" title=\"Dzie\u0144 Orawsko-Serbski. \u015awi\u0119to Dzieci G\u00f3r\" draggable=\"false\" loading=\"lazy\"><\/picture><\/a><\/div>\n<\/div>\n<div class=\"brz-image__gallery-item\">\n<div class=\"brz-image brz-css-njuta1 brz-css-d277w6\" data-brz-custom-id=\"z6vo5nMsAzk7\"><a class=\"brz-a\" href=\"https:\/\/i0.wp.com\/sowinskifoto.pl\/wp-content\/uploads\/2025\/07\/Swieto-Dzieci-Gor6362.jpg?ssl=1\" target=\"_self\" rel=\"noopener\" data-brz-link-type=\"lightBox\"><picture class=\"brz-picture brz-d-block brz-p-relative brz-css-k528sd brz-css-1l5z48s\"><source srcset=\"https:\/\/sowinskifoto.pl\/wp-content\/uploads\/2025\/07\/Swieto-Dzieci-Gor6362.jpg 1x, https:\/\/sowinskifoto.pl\/wp-content\/uploads\/2025\/07\/Swieto-Dzieci-Gor6362.jpg 2x\" media=\"(min-width: 992px)\"><source srcset=\"https:\/\/sowinskifoto.pl\/wp-content\/uploads\/2025\/07\/Swieto-Dzieci-Gor6362.jpg 1x, https:\/\/sowinskifoto.pl\/wp-content\/uploads\/2025\/07\/Swieto-Dzieci-Gor6362.jpg 2x\" media=\"(min-width: 768px)\"><img data-recalc-dims=\"1\" decoding=\"async\" class=\"brz-img\" srcset=\"https:\/\/sowinskifoto.pl\/wp-content\/uploads\/2025\/07\/Swieto-Dzieci-Gor6362.jpg 1x, https:\/\/sowinskifoto.pl\/wp-content\/uploads\/2025\/07\/Swieto-Dzieci-Gor6362.jpg 2x\" src=\"https:\/\/i0.wp.com\/sowinskifoto.pl\/wp-content\/uploads\/2025\/07\/Swieto-Dzieci-Gor6362.jpg?ssl=1\" alt=\"\" title=\"Dzie\u0144 Orawsko-Serbski. \u015awi\u0119to Dzieci G\u00f3r\" draggable=\"false\" loading=\"lazy\"><\/picture><\/a><\/div>\n<\/div>\n<div class=\"brz-image__gallery-item\">\n<div class=\"brz-image brz-css-11n8zx7 brz-css-18p5mcs\" data-brz-custom-id=\"trk_3d8G075W\"><a class=\"brz-a\" href=\"https:\/\/i0.wp.com\/sowinskifoto.pl\/wp-content\/uploads\/2025\/07\/Swieto-Dzieci-Gor6364.jpg?ssl=1\" target=\"_self\" rel=\"noopener\" data-brz-link-type=\"lightBox\"><picture class=\"brz-picture brz-d-block brz-p-relative brz-css-kpv1se brz-css-4ignly\"><source srcset=\"https:\/\/sowinskifoto.pl\/wp-content\/uploads\/2025\/07\/Swieto-Dzieci-Gor6364.jpg 1x, https:\/\/sowinskifoto.pl\/wp-content\/uploads\/2025\/07\/Swieto-Dzieci-Gor6364.jpg 2x\" media=\"(min-width: 992px)\"><source srcset=\"https:\/\/sowinskifoto.pl\/wp-content\/uploads\/2025\/07\/Swieto-Dzieci-Gor6364.jpg 1x, https:\/\/sowinskifoto.pl\/wp-content\/uploads\/2025\/07\/Swieto-Dzieci-Gor6364.jpg 2x\" media=\"(min-width: 768px)\"><img data-recalc-dims=\"1\" decoding=\"async\" class=\"brz-img\" srcset=\"https:\/\/sowinskifoto.pl\/wp-content\/uploads\/2025\/07\/Swieto-Dzieci-Gor6364.jpg 1x, https:\/\/sowinskifoto.pl\/wp-content\/uploads\/2025\/07\/Swieto-Dzieci-Gor6364.jpg 2x\" src=\"https:\/\/i0.wp.com\/sowinskifoto.pl\/wp-content\/uploads\/2025\/07\/Swieto-Dzieci-Gor6364.jpg?ssl=1\" alt=\"\" title=\"Dzie\u0144 Orawsko-Serbski. \u015awi\u0119to Dzieci G\u00f3r\" draggable=\"false\" loading=\"lazy\"><\/picture><\/a><\/div>\n<\/div>\n<div class=\"brz-image__gallery-item\">\n<div class=\"brz-image brz-css-iq0mcb brz-css-lgzlph\" data-brz-custom-id=\"v5Gxde42dGVy\"><a class=\"brz-a\" href=\"https:\/\/i0.wp.com\/sowinskifoto.pl\/wp-content\/uploads\/2025\/07\/Swieto-Dzieci-Gor6365.jpg?ssl=1\" target=\"_self\" rel=\"noopener\" data-brz-link-type=\"lightBox\"><picture class=\"brz-picture brz-d-block brz-p-relative brz-css-16wuhsh brz-css-1p8zh4c\"><source srcset=\"https:\/\/sowinskifoto.pl\/wp-content\/uploads\/2025\/07\/Swieto-Dzieci-Gor6365.jpg 1x, https:\/\/sowinskifoto.pl\/wp-content\/uploads\/2025\/07\/Swieto-Dzieci-Gor6365.jpg 2x\" media=\"(min-width: 992px)\"><source srcset=\"https:\/\/sowinskifoto.pl\/wp-content\/uploads\/2025\/07\/Swieto-Dzieci-Gor6365.jpg 1x, https:\/\/sowinskifoto.pl\/wp-content\/uploads\/2025\/07\/Swieto-Dzieci-Gor6365.jpg 2x\" media=\"(min-width: 768px)\"><img data-recalc-dims=\"1\" decoding=\"async\" class=\"brz-img\" srcset=\"https:\/\/sowinskifoto.pl\/wp-content\/uploads\/2025\/07\/Swieto-Dzieci-Gor6365.jpg 1x, https:\/\/sowinskifoto.pl\/wp-content\/uploads\/2025\/07\/Swieto-Dzieci-Gor6365.jpg 2x\" src=\"https:\/\/i0.wp.com\/sowinskifoto.pl\/wp-content\/uploads\/2025\/07\/Swieto-Dzieci-Gor6365.jpg?ssl=1\" alt=\"\" title=\"Dzie\u0144 Orawsko-Serbski. \u015awi\u0119to Dzieci G\u00f3r\" draggable=\"false\" loading=\"lazy\"><\/picture><\/a><\/div>\n<\/div>\n<div class=\"brz-image__gallery-item\">\n<div class=\"brz-image brz-css-1kzbshd brz-css-kkt0fj\" data-brz-custom-id=\"kttEIsJNeAb8\"><a class=\"brz-a\" href=\"https:\/\/i0.wp.com\/sowinskifoto.pl\/wp-content\/uploads\/2025\/07\/Swieto-Dzieci-Gor6366.jpg?ssl=1\" target=\"_self\" rel=\"noopener\" data-brz-link-type=\"lightBox\"><picture class=\"brz-picture brz-d-block brz-p-relative brz-css-1p22aa9 brz-css-1i8hpba\"><source srcset=\"https:\/\/sowinskifoto.pl\/wp-content\/uploads\/2025\/07\/Swieto-Dzieci-Gor6366.jpg 1x, https:\/\/sowinskifoto.pl\/wp-content\/uploads\/2025\/07\/Swieto-Dzieci-Gor6366.jpg 2x\" media=\"(min-width: 992px)\"><source srcset=\"https:\/\/sowinskifoto.pl\/wp-content\/uploads\/2025\/07\/Swieto-Dzieci-Gor6366.jpg 1x, https:\/\/sowinskifoto.pl\/wp-content\/uploads\/2025\/07\/Swieto-Dzieci-Gor6366.jpg 2x\" media=\"(min-width: 768px)\"><img data-recalc-dims=\"1\" decoding=\"async\" class=\"brz-img\" srcset=\"https:\/\/sowinskifoto.pl\/wp-content\/uploads\/2025\/07\/Swieto-Dzieci-Gor6366.jpg 1x, https:\/\/sowinskifoto.pl\/wp-content\/uploads\/2025\/07\/Swieto-Dzieci-Gor6366.jpg 2x\" src=\"https:\/\/i0.wp.com\/sowinskifoto.pl\/wp-content\/uploads\/2025\/07\/Swieto-Dzieci-Gor6366.jpg?ssl=1\" alt=\"\" title=\"Dzie\u0144 Orawsko-Serbski. \u015awi\u0119to Dzieci G\u00f3r\" draggable=\"false\" loading=\"lazy\"><\/picture><\/a><\/div>\n<\/div>\n<div class=\"brz-image__gallery-item\">\n<div class=\"brz-image brz-css-1i0w1sq brz-css-1txi1qh\" data-brz-custom-id=\"mCxid9OBXnIl\"><a class=\"brz-a\" href=\"https:\/\/i0.wp.com\/sowinskifoto.pl\/wp-content\/uploads\/2025\/07\/Swieto-Dzieci-Gor6367.jpg?ssl=1\" target=\"_self\" rel=\"noopener\" data-brz-link-type=\"lightBox\"><picture class=\"brz-picture brz-d-block brz-p-relative brz-css-5sqm20 brz-css-1crbyuk\"><source srcset=\"https:\/\/sowinskifoto.pl\/wp-content\/uploads\/2025\/07\/Swieto-Dzieci-Gor6367.jpg 1x, https:\/\/sowinskifoto.pl\/wp-content\/uploads\/2025\/07\/Swieto-Dzieci-Gor6367.jpg 2x\" media=\"(min-width: 992px)\"><source srcset=\"https:\/\/sowinskifoto.pl\/wp-content\/uploads\/2025\/07\/Swieto-Dzieci-Gor6367.jpg 1x, https:\/\/sowinskifoto.pl\/wp-content\/uploads\/2025\/07\/Swieto-Dzieci-Gor6367.jpg 2x\" media=\"(min-width: 768px)\"><img data-recalc-dims=\"1\" decoding=\"async\" class=\"brz-img\" srcset=\"https:\/\/sowinskifoto.pl\/wp-content\/uploads\/2025\/07\/Swieto-Dzieci-Gor6367.jpg 1x, https:\/\/sowinskifoto.pl\/wp-content\/uploads\/2025\/07\/Swieto-Dzieci-Gor6367.jpg 2x\" src=\"https:\/\/i0.wp.com\/sowinskifoto.pl\/wp-content\/uploads\/2025\/07\/Swieto-Dzieci-Gor6367.jpg?ssl=1\" alt=\"\" title=\"Dzie\u0144 Orawsko-Serbski. \u015awi\u0119to Dzieci G\u00f3r\" draggable=\"false\" loading=\"lazy\"><\/picture><\/a><\/div>\n<\/div>\n<div class=\"brz-image__gallery-item\">\n<div class=\"brz-image brz-css-tgwl2p brz-css-zp2m70\" data-brz-custom-id=\"gz5_in8QCpjT\"><a class=\"brz-a\" href=\"https:\/\/i0.wp.com\/sowinskifoto.pl\/wp-content\/uploads\/2025\/07\/Swieto-Dzieci-Gor6368.jpg?ssl=1\" target=\"_self\" rel=\"noopener\" data-brz-link-type=\"lightBox\"><picture class=\"brz-picture brz-d-block brz-p-relative brz-css-w70tv3 brz-css-1hh5ij1\"><source srcset=\"https:\/\/sowinskifoto.pl\/wp-content\/uploads\/2025\/07\/Swieto-Dzieci-Gor6368.jpg 1x, https:\/\/sowinskifoto.pl\/wp-content\/uploads\/2025\/07\/Swieto-Dzieci-Gor6368.jpg 2x\" media=\"(min-width: 992px)\"><source srcset=\"https:\/\/sowinskifoto.pl\/wp-content\/uploads\/2025\/07\/Swieto-Dzieci-Gor6368.jpg 1x, https:\/\/sowinskifoto.pl\/wp-content\/uploads\/2025\/07\/Swieto-Dzieci-Gor6368.jpg 2x\" media=\"(min-width: 768px)\"><img data-recalc-dims=\"1\" decoding=\"async\" class=\"brz-img\" srcset=\"https:\/\/sowinskifoto.pl\/wp-content\/uploads\/2025\/07\/Swieto-Dzieci-Gor6368.jpg 1x, https:\/\/sowinskifoto.pl\/wp-content\/uploads\/2025\/07\/Swieto-Dzieci-Gor6368.jpg 2x\" src=\"https:\/\/i0.wp.com\/sowinskifoto.pl\/wp-content\/uploads\/2025\/07\/Swieto-Dzieci-Gor6368.jpg?ssl=1\" alt=\"\" title=\"Dzie\u0144 Orawsko-Serbski. \u015awi\u0119to Dzieci G\u00f3r\" draggable=\"false\" loading=\"lazy\"><\/picture><\/a><\/div>\n<\/div>\n<div class=\"brz-image__gallery-item\">\n<div class=\"brz-image brz-css-bp9toa brz-css-1xp0ogh\" data-brz-custom-id=\"xDO80gC8XxtA\"><a class=\"brz-a\" href=\"https:\/\/i0.wp.com\/sowinskifoto.pl\/wp-content\/uploads\/2025\/07\/Swieto-Dzieci-Gor6369.jpg?ssl=1\" target=\"_self\" rel=\"noopener\" data-brz-link-type=\"lightBox\"><picture class=\"brz-picture brz-d-block brz-p-relative brz-css-yf8fnf brz-css-1bi0vp8\"><source srcset=\"https:\/\/sowinskifoto.pl\/wp-content\/uploads\/2025\/07\/Swieto-Dzieci-Gor6369.jpg 1x, https:\/\/sowinskifoto.pl\/wp-content\/uploads\/2025\/07\/Swieto-Dzieci-Gor6369.jpg 2x\" media=\"(min-width: 992px)\"><source srcset=\"https:\/\/sowinskifoto.pl\/wp-content\/uploads\/2025\/07\/Swieto-Dzieci-Gor6369.jpg 1x, https:\/\/sowinskifoto.pl\/wp-content\/uploads\/2025\/07\/Swieto-Dzieci-Gor6369.jpg 2x\" media=\"(min-width: 768px)\"><img data-recalc-dims=\"1\" decoding=\"async\" class=\"brz-img\" srcset=\"https:\/\/sowinskifoto.pl\/wp-content\/uploads\/2025\/07\/Swieto-Dzieci-Gor6369.jpg 1x, https:\/\/sowinskifoto.pl\/wp-content\/uploads\/2025\/07\/Swieto-Dzieci-Gor6369.jpg 2x\" src=\"https:\/\/i0.wp.com\/sowinskifoto.pl\/wp-content\/uploads\/2025\/07\/Swieto-Dzieci-Gor6369.jpg?ssl=1\" alt=\"\" title=\"Dzie\u0144 Orawsko-Serbski. \u015awi\u0119to Dzieci G\u00f3r\" draggable=\"false\" loading=\"lazy\"><\/picture><\/a><\/div>\n<\/div>\n<div class=\"brz-image__gallery-item\">\n<div class=\"brz-image brz-css-1m2ner2 brz-css-1fd9ii2\" data-brz-custom-id=\"qqdTaUxLKszZ\"><a class=\"brz-a\" href=\"https:\/\/i0.wp.com\/sowinskifoto.pl\/wp-content\/uploads\/2025\/07\/Swieto-Dzieci-Gor6370.jpg?ssl=1\" target=\"_self\" rel=\"noopener\" data-brz-link-type=\"lightBox\"><picture class=\"brz-picture brz-d-block brz-p-relative brz-css-1ljf77k brz-css-al520i\"><source srcset=\"https:\/\/sowinskifoto.pl\/wp-content\/uploads\/2025\/07\/Swieto-Dzieci-Gor6370.jpg 1x, https:\/\/sowinskifoto.pl\/wp-content\/uploads\/2025\/07\/Swieto-Dzieci-Gor6370.jpg 2x\" media=\"(min-width: 992px)\"><source srcset=\"https:\/\/sowinskifoto.pl\/wp-content\/uploads\/2025\/07\/Swieto-Dzieci-Gor6370.jpg 1x, https:\/\/sowinskifoto.pl\/wp-content\/uploads\/2025\/07\/Swieto-Dzieci-Gor6370.jpg 2x\" media=\"(min-width: 768px)\"><img data-recalc-dims=\"1\" decoding=\"async\" class=\"brz-img\" srcset=\"https:\/\/sowinskifoto.pl\/wp-content\/uploads\/2025\/07\/Swieto-Dzieci-Gor6370.jpg 1x, https:\/\/sowinskifoto.pl\/wp-content\/uploads\/2025\/07\/Swieto-Dzieci-Gor6370.jpg 2x\" src=\"https:\/\/i0.wp.com\/sowinskifoto.pl\/wp-content\/uploads\/2025\/07\/Swieto-Dzieci-Gor6370.jpg?ssl=1\" alt=\"\" title=\"Dzie\u0144 Orawsko-Serbski. \u015awi\u0119to Dzieci G\u00f3r\" draggable=\"false\" loading=\"lazy\"><\/picture><\/a><\/div>\n<\/div>\n<div class=\"brz-image__gallery-item\">\n<div class=\"brz-image brz-css-1qaqxn2 brz-css-aj9f9r\" data-brz-custom-id=\"hqlFvGwm54FN\"><a class=\"brz-a\" href=\"https:\/\/i0.wp.com\/sowinskifoto.pl\/wp-content\/uploads\/2025\/07\/Swieto-Dzieci-Gor6371.jpg?ssl=1\" target=\"_self\" rel=\"noopener\" data-brz-link-type=\"lightBox\"><picture class=\"brz-picture brz-d-block brz-p-relative brz-css-1mlcjt0 brz-css-1026eyv\"><source srcset=\"https:\/\/sowinskifoto.pl\/wp-content\/uploads\/2025\/07\/Swieto-Dzieci-Gor6371.jpg 1x, https:\/\/sowinskifoto.pl\/wp-content\/uploads\/2025\/07\/Swieto-Dzieci-Gor6371.jpg 2x\" media=\"(min-width: 992px)\"><source srcset=\"https:\/\/sowinskifoto.pl\/wp-content\/uploads\/2025\/07\/Swieto-Dzieci-Gor6371.jpg 1x, https:\/\/sowinskifoto.pl\/wp-content\/uploads\/2025\/07\/Swieto-Dzieci-Gor6371.jpg 2x\" media=\"(min-width: 768px)\"><img data-recalc-dims=\"1\" decoding=\"async\" class=\"brz-img\" srcset=\"https:\/\/sowinskifoto.pl\/wp-content\/uploads\/2025\/07\/Swieto-Dzieci-Gor6371.jpg 1x, https:\/\/sowinskifoto.pl\/wp-content\/uploads\/2025\/07\/Swieto-Dzieci-Gor6371.jpg 2x\" src=\"https:\/\/i0.wp.com\/sowinskifoto.pl\/wp-content\/uploads\/2025\/07\/Swieto-Dzieci-Gor6371.jpg?ssl=1\" alt=\"\" title=\"Dzie\u0144 Orawsko-Serbski. \u015awi\u0119to Dzieci G\u00f3r\" draggable=\"false\" loading=\"lazy\"><\/picture><\/a><\/div>\n<\/div>\n<div class=\"brz-image__gallery-item\">\n<div class=\"brz-image brz-css-n0zhub brz-css-5t924a\" data-brz-custom-id=\"v4PcOiCt_fdk\"><a class=\"brz-a\" href=\"https:\/\/i0.wp.com\/sowinskifoto.pl\/wp-content\/uploads\/2025\/07\/Swieto-Dzieci-Gor6372.jpg?ssl=1\" target=\"_self\" rel=\"noopener\" data-brz-link-type=\"lightBox\"><picture class=\"brz-picture brz-d-block brz-p-relative brz-css-15bjol1 brz-css-1s0peq9\"><source srcset=\"https:\/\/sowinskifoto.pl\/wp-content\/uploads\/2025\/07\/Swieto-Dzieci-Gor6372.jpg 1x, https:\/\/sowinskifoto.pl\/wp-content\/uploads\/2025\/07\/Swieto-Dzieci-Gor6372.jpg 2x\" media=\"(min-width: 992px)\"><source srcset=\"https:\/\/sowinskifoto.pl\/wp-content\/uploads\/2025\/07\/Swieto-Dzieci-Gor6372.jpg 1x, https:\/\/sowinskifoto.pl\/wp-content\/uploads\/2025\/07\/Swieto-Dzieci-Gor6372.jpg 2x\" media=\"(min-width: 768px)\"><img data-recalc-dims=\"1\" decoding=\"async\" class=\"brz-img\" srcset=\"https:\/\/sowinskifoto.pl\/wp-content\/uploads\/2025\/07\/Swieto-Dzieci-Gor6372.jpg 1x, https:\/\/sowinskifoto.pl\/wp-content\/uploads\/2025\/07\/Swieto-Dzieci-Gor6372.jpg 2x\" src=\"https:\/\/i0.wp.com\/sowinskifoto.pl\/wp-content\/uploads\/2025\/07\/Swieto-Dzieci-Gor6372.jpg?ssl=1\" alt=\"\" title=\"Dzie\u0144 Orawsko-Serbski. \u015awi\u0119to Dzieci G\u00f3r\" draggable=\"false\" loading=\"lazy\"><\/picture><\/a><\/div>\n<\/div>\n<div class=\"brz-image__gallery-item\">\n<div class=\"brz-image brz-css-16kk4k3 brz-css-1mp25q5\" data-brz-custom-id=\"hRluZ42YqCez\"><a class=\"brz-a\" href=\"https:\/\/i0.wp.com\/sowinskifoto.pl\/wp-content\/uploads\/2025\/07\/Swieto-Dzieci-Gor6373.jpg?ssl=1\" target=\"_self\" rel=\"noopener\" data-brz-link-type=\"lightBox\"><picture class=\"brz-picture brz-d-block brz-p-relative brz-css-jmaxar brz-css-bc9hud\"><source srcset=\"https:\/\/sowinskifoto.pl\/wp-content\/uploads\/2025\/07\/Swieto-Dzieci-Gor6373.jpg 1x, https:\/\/sowinskifoto.pl\/wp-content\/uploads\/2025\/07\/Swieto-Dzieci-Gor6373.jpg 2x\" media=\"(min-width: 992px)\"><source srcset=\"https:\/\/sowinskifoto.pl\/wp-content\/uploads\/2025\/07\/Swieto-Dzieci-Gor6373.jpg 1x, https:\/\/sowinskifoto.pl\/wp-content\/uploads\/2025\/07\/Swieto-Dzieci-Gor6373.jpg 2x\" media=\"(min-width: 768px)\"><img data-recalc-dims=\"1\" decoding=\"async\" class=\"brz-img\" srcset=\"https:\/\/sowinskifoto.pl\/wp-content\/uploads\/2025\/07\/Swieto-Dzieci-Gor6373.jpg 1x, https:\/\/sowinskifoto.pl\/wp-content\/uploads\/2025\/07\/Swieto-Dzieci-Gor6373.jpg 2x\" src=\"https:\/\/i0.wp.com\/sowinskifoto.pl\/wp-content\/uploads\/2025\/07\/Swieto-Dzieci-Gor6373.jpg?ssl=1\" alt=\"\" title=\"Dzie\u0144 Orawsko-Serbski. \u015awi\u0119to Dzieci G\u00f3r\" draggable=\"false\" loading=\"lazy\"><\/picture><\/a><\/div>\n<\/div>\n<div class=\"brz-image__gallery-item\">\n<div class=\"brz-image brz-css-tss4nd brz-css-1h06wjl\" data-brz-custom-id=\"xzeukZoRT3g5\"><a class=\"brz-a\" href=\"https:\/\/i0.wp.com\/sowinskifoto.pl\/wp-content\/uploads\/2025\/07\/Swieto-Dzieci-Gor6375.jpg?ssl=1\" target=\"_self\" rel=\"noopener\" data-brz-link-type=\"lightBox\"><picture class=\"brz-picture brz-d-block brz-p-relative brz-css-kwz077 brz-css-172a5gt\"><source srcset=\"https:\/\/sowinskifoto.pl\/wp-content\/uploads\/2025\/07\/Swieto-Dzieci-Gor6375.jpg 1x, https:\/\/sowinskifoto.pl\/wp-content\/uploads\/2025\/07\/Swieto-Dzieci-Gor6375.jpg 2x\" media=\"(min-width: 992px)\"><source srcset=\"https:\/\/sowinskifoto.pl\/wp-content\/uploads\/2025\/07\/Swieto-Dzieci-Gor6375.jpg 1x, https:\/\/sowinskifoto.pl\/wp-content\/uploads\/2025\/07\/Swieto-Dzieci-Gor6375.jpg 2x\" media=\"(min-width: 768px)\"><img data-recalc-dims=\"1\" decoding=\"async\" class=\"brz-img\" srcset=\"https:\/\/sowinskifoto.pl\/wp-content\/uploads\/2025\/07\/Swieto-Dzieci-Gor6375.jpg 1x, https:\/\/sowinskifoto.pl\/wp-content\/uploads\/2025\/07\/Swieto-Dzieci-Gor6375.jpg 2x\" src=\"https:\/\/i0.wp.com\/sowinskifoto.pl\/wp-content\/uploads\/2025\/07\/Swieto-Dzieci-Gor6375.jpg?ssl=1\" alt=\"\" title=\"Dzie\u0144 Orawsko-Serbski. \u015awi\u0119to Dzieci G\u00f3r\" draggable=\"false\" loading=\"lazy\"><\/picture><\/a><\/div>\n<\/div>\n<div class=\"brz-image__gallery-item\">\n<div class=\"brz-image brz-css-11lwxvv brz-css-13ejocw\" data-brz-custom-id=\"n_9Bzot94BAh\"><a class=\"brz-a\" href=\"https:\/\/i0.wp.com\/sowinskifoto.pl\/wp-content\/uploads\/2025\/07\/Swieto-Dzieci-Gor6374.jpg?ssl=1\" target=\"_self\" rel=\"noopener\" data-brz-link-type=\"lightBox\"><picture class=\"brz-picture brz-d-block brz-p-relative brz-css-1uep9be brz-css-1icqll1\"><source srcset=\"https:\/\/sowinskifoto.pl\/wp-content\/uploads\/2025\/07\/Swieto-Dzieci-Gor6374.jpg 1x, https:\/\/sowinskifoto.pl\/wp-content\/uploads\/2025\/07\/Swieto-Dzieci-Gor6374.jpg 2x\" media=\"(min-width: 992px)\"><source srcset=\"https:\/\/sowinskifoto.pl\/wp-content\/uploads\/2025\/07\/Swieto-Dzieci-Gor6374.jpg 1x, https:\/\/sowinskifoto.pl\/wp-content\/uploads\/2025\/07\/Swieto-Dzieci-Gor6374.jpg 2x\" media=\"(min-width: 768px)\"><img data-recalc-dims=\"1\" decoding=\"async\" class=\"brz-img\" srcset=\"https:\/\/sowinskifoto.pl\/wp-content\/uploads\/2025\/07\/Swieto-Dzieci-Gor6374.jpg 1x, https:\/\/sowinskifoto.pl\/wp-content\/uploads\/2025\/07\/Swieto-Dzieci-Gor6374.jpg 2x\" src=\"https:\/\/i0.wp.com\/sowinskifoto.pl\/wp-content\/uploads\/2025\/07\/Swieto-Dzieci-Gor6374.jpg?ssl=1\" alt=\"\" title=\"Dzie\u0144 Orawsko-Serbski. \u015awi\u0119to Dzieci G\u00f3r\" draggable=\"false\" loading=\"lazy\"><\/picture><\/a><\/div>\n<\/div>\n<div class=\"brz-image__gallery-item\">\n<div class=\"brz-image brz-css-1rdlzr3 brz-css-17lza1r\" data-brz-custom-id=\"a_Ih3kHNUu40\"><a class=\"brz-a\" href=\"https:\/\/i0.wp.com\/sowinskifoto.pl\/wp-content\/uploads\/2025\/07\/Swieto-Dzieci-Gor6376.jpg?ssl=1\" target=\"_self\" rel=\"noopener\" data-brz-link-type=\"lightBox\"><picture class=\"brz-picture brz-d-block brz-p-relative brz-css-1xmg4co brz-css-1o7dui\"><source srcset=\"https:\/\/sowinskifoto.pl\/wp-content\/uploads\/2025\/07\/Swieto-Dzieci-Gor6376.jpg 1x, https:\/\/sowinskifoto.pl\/wp-content\/uploads\/2025\/07\/Swieto-Dzieci-Gor6376.jpg 2x\" media=\"(min-width: 992px)\"><source srcset=\"https:\/\/sowinskifoto.pl\/wp-content\/uploads\/2025\/07\/Swieto-Dzieci-Gor6376.jpg 1x, https:\/\/sowinskifoto.pl\/wp-content\/uploads\/2025\/07\/Swieto-Dzieci-Gor6376.jpg 2x\" media=\"(min-width: 768px)\"><img data-recalc-dims=\"1\" decoding=\"async\" class=\"brz-img\" srcset=\"https:\/\/sowinskifoto.pl\/wp-content\/uploads\/2025\/07\/Swieto-Dzieci-Gor6376.jpg 1x, https:\/\/sowinskifoto.pl\/wp-content\/uploads\/2025\/07\/Swieto-Dzieci-Gor6376.jpg 2x\" src=\"https:\/\/i0.wp.com\/sowinskifoto.pl\/wp-content\/uploads\/2025\/07\/Swieto-Dzieci-Gor6376.jpg?ssl=1\" alt=\"\" title=\"Dzie\u0144 Orawsko-Serbski. \u015awi\u0119to Dzieci G\u00f3r\" draggable=\"false\" loading=\"lazy\"><\/picture><\/a><\/div>\n<\/div>\n<div class=\"brz-image__gallery-item\">\n<div class=\"brz-image brz-css-1awq7a0 brz-css-10u8rnx\" data-brz-custom-id=\"uqofQtXveGld\"><a class=\"brz-a\" href=\"https:\/\/i0.wp.com\/sowinskifoto.pl\/wp-content\/uploads\/2025\/07\/Swieto-Dzieci-Gor6377.jpg?ssl=1\" target=\"_self\" rel=\"noopener\" data-brz-link-type=\"lightBox\"><picture class=\"brz-picture brz-d-block brz-p-relative brz-css-1jw9ns9 brz-css-eyiiwa\"><source srcset=\"https:\/\/sowinskifoto.pl\/wp-content\/uploads\/2025\/07\/Swieto-Dzieci-Gor6377.jpg 1x, https:\/\/sowinskifoto.pl\/wp-content\/uploads\/2025\/07\/Swieto-Dzieci-Gor6377.jpg 2x\" media=\"(min-width: 992px)\"><source srcset=\"https:\/\/sowinskifoto.pl\/wp-content\/uploads\/2025\/07\/Swieto-Dzieci-Gor6377.jpg 1x, https:\/\/sowinskifoto.pl\/wp-content\/uploads\/2025\/07\/Swieto-Dzieci-Gor6377.jpg 2x\" media=\"(min-width: 768px)\"><img data-recalc-dims=\"1\" decoding=\"async\" class=\"brz-img\" srcset=\"https:\/\/sowinskifoto.pl\/wp-content\/uploads\/2025\/07\/Swieto-Dzieci-Gor6377.jpg 1x, https:\/\/sowinskifoto.pl\/wp-content\/uploads\/2025\/07\/Swieto-Dzieci-Gor6377.jpg 2x\" src=\"https:\/\/i0.wp.com\/sowinskifoto.pl\/wp-content\/uploads\/2025\/07\/Swieto-Dzieci-Gor6377.jpg?ssl=1\" alt=\"\" title=\"Dzie\u0144 Orawsko-Serbski. \u015awi\u0119to Dzieci G\u00f3r\" draggable=\"false\" loading=\"lazy\"><\/picture><\/a><\/div>\n<\/div>\n<div class=\"brz-image__gallery-item\">\n<div class=\"brz-image brz-css-ejog3p brz-css-1wxk4vy\" data-brz-custom-id=\"hhpgyGL21PTf\"><a class=\"brz-a\" href=\"https:\/\/i0.wp.com\/sowinskifoto.pl\/wp-content\/uploads\/2025\/07\/Swieto-Dzieci-Gor6379.jpg?ssl=1\" target=\"_self\" rel=\"noopener\" data-brz-link-type=\"lightBox\"><picture class=\"brz-picture brz-d-block brz-p-relative brz-css-1hl417 brz-css-pjf0bm\"><source srcset=\"https:\/\/sowinskifoto.pl\/wp-content\/uploads\/2025\/07\/Swieto-Dzieci-Gor6379.jpg 1x, https:\/\/sowinskifoto.pl\/wp-content\/uploads\/2025\/07\/Swieto-Dzieci-Gor6379.jpg 2x\" media=\"(min-width: 992px)\"><source srcset=\"https:\/\/sowinskifoto.pl\/wp-content\/uploads\/2025\/07\/Swieto-Dzieci-Gor6379.jpg 1x, https:\/\/sowinskifoto.pl\/wp-content\/uploads\/2025\/07\/Swieto-Dzieci-Gor6379.jpg 2x\" media=\"(min-width: 768px)\"><img data-recalc-dims=\"1\" decoding=\"async\" class=\"brz-img\" srcset=\"https:\/\/sowinskifoto.pl\/wp-content\/uploads\/2025\/07\/Swieto-Dzieci-Gor6379.jpg 1x, https:\/\/sowinskifoto.pl\/wp-content\/uploads\/2025\/07\/Swieto-Dzieci-Gor6379.jpg 2x\" src=\"https:\/\/i0.wp.com\/sowinskifoto.pl\/wp-content\/uploads\/2025\/07\/Swieto-Dzieci-Gor6379.jpg?ssl=1\" alt=\"\" title=\"Dzie\u0144 Orawsko-Serbski. \u015awi\u0119to Dzieci G\u00f3r\" draggable=\"false\" loading=\"lazy\"><\/picture><\/a><\/div>\n<\/div>\n<div class=\"brz-image__gallery-item\">\n<div class=\"brz-image brz-css-tea098 brz-css-ewfslf\" data-brz-custom-id=\"b2MI7QtkPj91\"><a class=\"brz-a\" href=\"https:\/\/i0.wp.com\/sowinskifoto.pl\/wp-content\/uploads\/2025\/07\/Swieto-Dzieci-Gor6378.jpg?ssl=1\" target=\"_self\" rel=\"noopener\" data-brz-link-type=\"lightBox\"><picture class=\"brz-picture brz-d-block brz-p-relative brz-css-vqkvrh brz-css-1r1jqm8\"><source srcset=\"https:\/\/sowinskifoto.pl\/wp-content\/uploads\/2025\/07\/Swieto-Dzieci-Gor6378.jpg 1x, https:\/\/sowinskifoto.pl\/wp-content\/uploads\/2025\/07\/Swieto-Dzieci-Gor6378.jpg 2x\" media=\"(min-width: 992px)\"><source srcset=\"https:\/\/sowinskifoto.pl\/wp-content\/uploads\/2025\/07\/Swieto-Dzieci-Gor6378.jpg 1x, https:\/\/sowinskifoto.pl\/wp-content\/uploads\/2025\/07\/Swieto-Dzieci-Gor6378.jpg 2x\" media=\"(min-width: 768px)\"><img data-recalc-dims=\"1\" decoding=\"async\" class=\"brz-img\" srcset=\"https:\/\/sowinskifoto.pl\/wp-content\/uploads\/2025\/07\/Swieto-Dzieci-Gor6378.jpg 1x, https:\/\/sowinskifoto.pl\/wp-content\/uploads\/2025\/07\/Swieto-Dzieci-Gor6378.jpg 2x\" src=\"https:\/\/i0.wp.com\/sowinskifoto.pl\/wp-content\/uploads\/2025\/07\/Swieto-Dzieci-Gor6378.jpg?ssl=1\" alt=\"\" title=\"Dzie\u0144 Orawsko-Serbski. \u015awi\u0119to Dzieci G\u00f3r\" draggable=\"false\" loading=\"lazy\"><\/picture><\/a><\/div>\n<\/div>\n<div class=\"brz-image__gallery-item\">\n<div class=\"brz-image brz-css-18avp3p brz-css-swdatc\" data-brz-custom-id=\"dQ90nvGOoOMC\"><a class=\"brz-a\" href=\"https:\/\/i0.wp.com\/sowinskifoto.pl\/wp-content\/uploads\/2025\/07\/Swieto-Dzieci-Gor6380.jpg?ssl=1\" target=\"_self\" rel=\"noopener\" data-brz-link-type=\"lightBox\"><picture class=\"brz-picture brz-d-block brz-p-relative brz-css-1gl6qwo brz-css-q0oxtv\"><source srcset=\"https:\/\/sowinskifoto.pl\/wp-content\/uploads\/2025\/07\/Swieto-Dzieci-Gor6380.jpg 1x, https:\/\/sowinskifoto.pl\/wp-content\/uploads\/2025\/07\/Swieto-Dzieci-Gor6380.jpg 2x\" media=\"(min-width: 992px)\"><source srcset=\"https:\/\/sowinskifoto.pl\/wp-content\/uploads\/2025\/07\/Swieto-Dzieci-Gor6380.jpg 1x, https:\/\/sowinskifoto.pl\/wp-content\/uploads\/2025\/07\/Swieto-Dzieci-Gor6380.jpg 2x\" media=\"(min-width: 768px)\"><img data-recalc-dims=\"1\" decoding=\"async\" class=\"brz-img\" srcset=\"https:\/\/sowinskifoto.pl\/wp-content\/uploads\/2025\/07\/Swieto-Dzieci-Gor6380.jpg 1x, https:\/\/sowinskifoto.pl\/wp-content\/uploads\/2025\/07\/Swieto-Dzieci-Gor6380.jpg 2x\" src=\"https:\/\/i0.wp.com\/sowinskifoto.pl\/wp-content\/uploads\/2025\/07\/Swieto-Dzieci-Gor6380.jpg?ssl=1\" alt=\"\" title=\"Dzie\u0144 Orawsko-Serbski. \u015awi\u0119to Dzieci G\u00f3r\" draggable=\"false\" loading=\"lazy\"><\/picture><\/a><\/div>\n<\/div>\n<div class=\"brz-image__gallery-item\">\n<div class=\"brz-image brz-css-5ibb14 brz-css-magu0\" data-brz-custom-id=\"avKaF1m5xZ0x\"><a class=\"brz-a\" href=\"https:\/\/i0.wp.com\/sowinskifoto.pl\/wp-content\/uploads\/2025\/07\/Swieto-Dzieci-Gor6381.jpg?ssl=1\" target=\"_self\" rel=\"noopener\" data-brz-link-type=\"lightBox\"><picture class=\"brz-picture brz-d-block brz-p-relative brz-css-1soitfx brz-css-17qtucv\"><source srcset=\"https:\/\/sowinskifoto.pl\/wp-content\/uploads\/2025\/07\/Swieto-Dzieci-Gor6381.jpg 1x, https:\/\/sowinskifoto.pl\/wp-content\/uploads\/2025\/07\/Swieto-Dzieci-Gor6381.jpg 2x\" media=\"(min-width: 992px)\"><source srcset=\"https:\/\/sowinskifoto.pl\/wp-content\/uploads\/2025\/07\/Swieto-Dzieci-Gor6381.jpg 1x, https:\/\/sowinskifoto.pl\/wp-content\/uploads\/2025\/07\/Swieto-Dzieci-Gor6381.jpg 2x\" media=\"(min-width: 768px)\"><img data-recalc-dims=\"1\" decoding=\"async\" class=\"brz-img\" srcset=\"https:\/\/sowinskifoto.pl\/wp-content\/uploads\/2025\/07\/Swieto-Dzieci-Gor6381.jpg 1x, https:\/\/sowinskifoto.pl\/wp-content\/uploads\/2025\/07\/Swieto-Dzieci-Gor6381.jpg 2x\" src=\"https:\/\/i0.wp.com\/sowinskifoto.pl\/wp-content\/uploads\/2025\/07\/Swieto-Dzieci-Gor6381.jpg?ssl=1\" alt=\"\" title=\"Dzie\u0144 Orawsko-Serbski. \u015awi\u0119to Dzieci G\u00f3r\" draggable=\"false\" loading=\"lazy\"><\/picture><\/a><\/div>\n<\/div>\n<div class=\"brz-image__gallery-item\">\n<div class=\"brz-image brz-css-1t3nojb brz-css-18vpcf1\" data-brz-custom-id=\"byAo1JkoUbMh\"><a class=\"brz-a\" href=\"https:\/\/i0.wp.com\/sowinskifoto.pl\/wp-content\/uploads\/2025\/07\/Swieto-Dzieci-Gor6382.jpg?ssl=1\" target=\"_self\" rel=\"noopener\" data-brz-link-type=\"lightBox\"><picture class=\"brz-picture brz-d-block brz-p-relative brz-css-54k4fo brz-css-3sjq94\"><source srcset=\"https:\/\/sowinskifoto.pl\/wp-content\/uploads\/2025\/07\/Swieto-Dzieci-Gor6382.jpg 1x, https:\/\/sowinskifoto.pl\/wp-content\/uploads\/2025\/07\/Swieto-Dzieci-Gor6382.jpg 2x\" media=\"(min-width: 992px)\"><source srcset=\"https:\/\/sowinskifoto.pl\/wp-content\/uploads\/2025\/07\/Swieto-Dzieci-Gor6382.jpg 1x, https:\/\/sowinskifoto.pl\/wp-content\/uploads\/2025\/07\/Swieto-Dzieci-Gor6382.jpg 2x\" media=\"(min-width: 768px)\"><img data-recalc-dims=\"1\" decoding=\"async\" class=\"brz-img\" srcset=\"https:\/\/sowinskifoto.pl\/wp-content\/uploads\/2025\/07\/Swieto-Dzieci-Gor6382.jpg 1x, https:\/\/sowinskifoto.pl\/wp-content\/uploads\/2025\/07\/Swieto-Dzieci-Gor6382.jpg 2x\" src=\"https:\/\/i0.wp.com\/sowinskifoto.pl\/wp-content\/uploads\/2025\/07\/Swieto-Dzieci-Gor6382.jpg?ssl=1\" alt=\"\" title=\"Dzie\u0144 Orawsko-Serbski. \u015awi\u0119to Dzieci G\u00f3r\" draggable=\"false\" loading=\"lazy\"><\/picture><\/a><\/div>\n<\/div>\n<div class=\"brz-image__gallery-item\">\n<div class=\"brz-image brz-css-vsd6qn brz-css-akapse\" data-brz-custom-id=\"yHQ9dCVWJh4R\"><a class=\"brz-a\" href=\"https:\/\/i0.wp.com\/sowinskifoto.pl\/wp-content\/uploads\/2025\/07\/Swieto-Dzieci-Gor6384.jpg?ssl=1\" target=\"_self\" rel=\"noopener\" data-brz-link-type=\"lightBox\"><picture class=\"brz-picture brz-d-block brz-p-relative brz-css-14iigz brz-css-1cvp2xp\"><source srcset=\"https:\/\/sowinskifoto.pl\/wp-content\/uploads\/2025\/07\/Swieto-Dzieci-Gor6384.jpg 1x, https:\/\/sowinskifoto.pl\/wp-content\/uploads\/2025\/07\/Swieto-Dzieci-Gor6384.jpg 2x\" media=\"(min-width: 992px)\"><source srcset=\"https:\/\/sowinskifoto.pl\/wp-content\/uploads\/2025\/07\/Swieto-Dzieci-Gor6384.jpg 1x, https:\/\/sowinskifoto.pl\/wp-content\/uploads\/2025\/07\/Swieto-Dzieci-Gor6384.jpg 2x\" media=\"(min-width: 768px)\"><img data-recalc-dims=\"1\" decoding=\"async\" class=\"brz-img\" srcset=\"https:\/\/sowinskifoto.pl\/wp-content\/uploads\/2025\/07\/Swieto-Dzieci-Gor6384.jpg 1x, https:\/\/sowinskifoto.pl\/wp-content\/uploads\/2025\/07\/Swieto-Dzieci-Gor6384.jpg 2x\" src=\"https:\/\/i0.wp.com\/sowinskifoto.pl\/wp-content\/uploads\/2025\/07\/Swieto-Dzieci-Gor6384.jpg?ssl=1\" alt=\"\" title=\"Dzie\u0144 Orawsko-Serbski. \u015awi\u0119to Dzieci G\u00f3r\" draggable=\"false\" loading=\"lazy\"><\/picture><\/a><\/div>\n<\/div>\n<div class=\"brz-image__gallery-item\">\n<div class=\"brz-image brz-css-t5rzy0 brz-css-x64mb9\" data-brz-custom-id=\"oGYuaQ2_MYNK\"><a class=\"brz-a\" href=\"https:\/\/i0.wp.com\/sowinskifoto.pl\/wp-content\/uploads\/2025\/07\/Swieto-Dzieci-Gor6385.jpg?ssl=1\" target=\"_self\" rel=\"noopener\" data-brz-link-type=\"lightBox\"><picture class=\"brz-picture brz-d-block brz-p-relative brz-css-1h713n0 brz-css-1he941c\"><source srcset=\"https:\/\/sowinskifoto.pl\/wp-content\/uploads\/2025\/07\/Swieto-Dzieci-Gor6385.jpg 1x, https:\/\/sowinskifoto.pl\/wp-content\/uploads\/2025\/07\/Swieto-Dzieci-Gor6385.jpg 2x\" media=\"(min-width: 992px)\"><source srcset=\"https:\/\/sowinskifoto.pl\/wp-content\/uploads\/2025\/07\/Swieto-Dzieci-Gor6385.jpg 1x, https:\/\/sowinskifoto.pl\/wp-content\/uploads\/2025\/07\/Swieto-Dzieci-Gor6385.jpg 2x\" media=\"(min-width: 768px)\"><img data-recalc-dims=\"1\" decoding=\"async\" class=\"brz-img\" srcset=\"https:\/\/sowinskifoto.pl\/wp-content\/uploads\/2025\/07\/Swieto-Dzieci-Gor6385.jpg 1x, https:\/\/sowinskifoto.pl\/wp-content\/uploads\/2025\/07\/Swieto-Dzieci-Gor6385.jpg 2x\" src=\"https:\/\/i0.wp.com\/sowinskifoto.pl\/wp-content\/uploads\/2025\/07\/Swieto-Dzieci-Gor6385.jpg?ssl=1\" alt=\"\" title=\"Dzie\u0144 Orawsko-Serbski. \u015awi\u0119to Dzieci G\u00f3r\" draggable=\"false\" loading=\"lazy\"><\/picture><\/a><\/div>\n<\/div>\n<div class=\"brz-image__gallery-item\">\n<div class=\"brz-image brz-css-7ot77f brz-css-1k0ox0k\" data-brz-custom-id=\"tpi2OIHJcvot\"><a class=\"brz-a\" href=\"https:\/\/i0.wp.com\/sowinskifoto.pl\/wp-content\/uploads\/2025\/07\/Swieto-Dzieci-Gor6383.jpg?ssl=1\" target=\"_self\" rel=\"noopener\" data-brz-link-type=\"lightBox\"><picture class=\"brz-picture brz-d-block brz-p-relative brz-css-jf7n6b brz-css-147zcwq\"><source srcset=\"https:\/\/sowinskifoto.pl\/wp-content\/uploads\/2025\/07\/Swieto-Dzieci-Gor6383.jpg 1x, https:\/\/sowinskifoto.pl\/wp-content\/uploads\/2025\/07\/Swieto-Dzieci-Gor6383.jpg 2x\" media=\"(min-width: 992px)\"><source srcset=\"https:\/\/sowinskifoto.pl\/wp-content\/uploads\/2025\/07\/Swieto-Dzieci-Gor6383.jpg 1x, https:\/\/sowinskifoto.pl\/wp-content\/uploads\/2025\/07\/Swieto-Dzieci-Gor6383.jpg 2x\" media=\"(min-width: 768px)\"><img data-recalc-dims=\"1\" decoding=\"async\" class=\"brz-img\" srcset=\"https:\/\/sowinskifoto.pl\/wp-content\/uploads\/2025\/07\/Swieto-Dzieci-Gor6383.jpg 1x, https:\/\/sowinskifoto.pl\/wp-content\/uploads\/2025\/07\/Swieto-Dzieci-Gor6383.jpg 2x\" src=\"https:\/\/i0.wp.com\/sowinskifoto.pl\/wp-content\/uploads\/2025\/07\/Swieto-Dzieci-Gor6383.jpg?ssl=1\" alt=\"\" title=\"Dzie\u0144 Orawsko-Serbski. \u015awi\u0119to Dzieci G\u00f3r\" draggable=\"false\" loading=\"lazy\"><\/picture><\/a><\/div>\n<\/div>\n<div class=\"brz-image__gallery-item\">\n<div class=\"brz-image brz-css-1updrst brz-css-1gna39\" data-brz-custom-id=\"ucKSkz_3M_hu\"><a class=\"brz-a\" href=\"https:\/\/i0.wp.com\/sowinskifoto.pl\/wp-content\/uploads\/2025\/07\/Swieto-Dzieci-Gor6386.jpg?ssl=1\" target=\"_self\" rel=\"noopener\" data-brz-link-type=\"lightBox\"><picture class=\"brz-picture brz-d-block brz-p-relative brz-css-aok46u brz-css-1tr5vme\"><source srcset=\"https:\/\/sowinskifoto.pl\/wp-content\/uploads\/2025\/07\/Swieto-Dzieci-Gor6386.jpg 1x, https:\/\/sowinskifoto.pl\/wp-content\/uploads\/2025\/07\/Swieto-Dzieci-Gor6386.jpg 2x\" media=\"(min-width: 992px)\"><source srcset=\"https:\/\/sowinskifoto.pl\/wp-content\/uploads\/2025\/07\/Swieto-Dzieci-Gor6386.jpg 1x, https:\/\/sowinskifoto.pl\/wp-content\/uploads\/2025\/07\/Swieto-Dzieci-Gor6386.jpg 2x\" media=\"(min-width: 768px)\"><img data-recalc-dims=\"1\" decoding=\"async\" class=\"brz-img\" srcset=\"https:\/\/sowinskifoto.pl\/wp-content\/uploads\/2025\/07\/Swieto-Dzieci-Gor6386.jpg 1x, https:\/\/sowinskifoto.pl\/wp-content\/uploads\/2025\/07\/Swieto-Dzieci-Gor6386.jpg 2x\" src=\"https:\/\/i0.wp.com\/sowinskifoto.pl\/wp-content\/uploads\/2025\/07\/Swieto-Dzieci-Gor6386.jpg?ssl=1\" alt=\"\" title=\"Dzie\u0144 Orawsko-Serbski. \u015awi\u0119to Dzieci G\u00f3r\" draggable=\"false\" loading=\"lazy\"><\/picture><\/a><\/div>\n<\/div>\n<div class=\"brz-image__gallery-item\">\n<div class=\"brz-image brz-css-1abxto5 brz-css-19l9tkx\" data-brz-custom-id=\"j60eGxq3ty8l\"><a class=\"brz-a\" href=\"https:\/\/i0.wp.com\/sowinskifoto.pl\/wp-content\/uploads\/2025\/07\/Swieto-Dzieci-Gor6387.jpg?ssl=1\" target=\"_self\" rel=\"noopener\" data-brz-link-type=\"lightBox\"><picture class=\"brz-picture brz-d-block brz-p-relative brz-css-tpw1lu brz-css-1njzm3f\"><source srcset=\"https:\/\/sowinskifoto.pl\/wp-content\/uploads\/2025\/07\/Swieto-Dzieci-Gor6387.jpg 1x, https:\/\/sowinskifoto.pl\/wp-content\/uploads\/2025\/07\/Swieto-Dzieci-Gor6387.jpg 2x\" media=\"(min-width: 992px)\"><source srcset=\"https:\/\/sowinskifoto.pl\/wp-content\/uploads\/2025\/07\/Swieto-Dzieci-Gor6387.jpg 1x, https:\/\/sowinskifoto.pl\/wp-content\/uploads\/2025\/07\/Swieto-Dzieci-Gor6387.jpg 2x\" media=\"(min-width: 768px)\"><img data-recalc-dims=\"1\" decoding=\"async\" class=\"brz-img\" srcset=\"https:\/\/sowinskifoto.pl\/wp-content\/uploads\/2025\/07\/Swieto-Dzieci-Gor6387.jpg 1x, https:\/\/sowinskifoto.pl\/wp-content\/uploads\/2025\/07\/Swieto-Dzieci-Gor6387.jpg 2x\" src=\"https:\/\/i0.wp.com\/sowinskifoto.pl\/wp-content\/uploads\/2025\/07\/Swieto-Dzieci-Gor6387.jpg?ssl=1\" alt=\"\" title=\"Dzie\u0144 Orawsko-Serbski. \u015awi\u0119to Dzieci G\u00f3r\" draggable=\"false\" loading=\"lazy\"><\/picture><\/a><\/div>\n<\/div>\n<div class=\"brz-image__gallery-item\">\n<div class=\"brz-image brz-css-1t8j8oy brz-css-1j1aefq\" data-brz-custom-id=\"pvnhVhOmYgHU\"><a class=\"brz-a\" href=\"https:\/\/i0.wp.com\/sowinskifoto.pl\/wp-content\/uploads\/2025\/07\/Swieto-Dzieci-Gor6388.jpg?ssl=1\" target=\"_self\" rel=\"noopener\" data-brz-link-type=\"lightBox\"><picture class=\"brz-picture brz-d-block brz-p-relative brz-css-10vwwm8 brz-css-g6ehk7\"><source srcset=\"https:\/\/sowinskifoto.pl\/wp-content\/uploads\/2025\/07\/Swieto-Dzieci-Gor6388.jpg 1x, https:\/\/sowinskifoto.pl\/wp-content\/uploads\/2025\/07\/Swieto-Dzieci-Gor6388.jpg 2x\" media=\"(min-width: 992px)\"><source srcset=\"https:\/\/sowinskifoto.pl\/wp-content\/uploads\/2025\/07\/Swieto-Dzieci-Gor6388.jpg 1x, https:\/\/sowinskifoto.pl\/wp-content\/uploads\/2025\/07\/Swieto-Dzieci-Gor6388.jpg 2x\" media=\"(min-width: 768px)\"><img data-recalc-dims=\"1\" decoding=\"async\" class=\"brz-img\" srcset=\"https:\/\/sowinskifoto.pl\/wp-content\/uploads\/2025\/07\/Swieto-Dzieci-Gor6388.jpg 1x, https:\/\/sowinskifoto.pl\/wp-content\/uploads\/2025\/07\/Swieto-Dzieci-Gor6388.jpg 2x\" src=\"https:\/\/i0.wp.com\/sowinskifoto.pl\/wp-content\/uploads\/2025\/07\/Swieto-Dzieci-Gor6388.jpg?ssl=1\" alt=\"\" title=\"Dzie\u0144 Orawsko-Serbski. \u015awi\u0119to Dzieci G\u00f3r\" draggable=\"false\" loading=\"lazy\"><\/picture><\/a><\/div>\n<\/div>\n<div class=\"brz-image__gallery-item\">\n<div class=\"brz-image brz-css-volz2k brz-css-wv8bl1\" data-brz-custom-id=\"lumERGgH_EA9\"><a class=\"brz-a\" href=\"https:\/\/i0.wp.com\/sowinskifoto.pl\/wp-content\/uploads\/2025\/07\/Swieto-Dzieci-Gor6389.jpg?ssl=1\" target=\"_self\" rel=\"noopener\" data-brz-link-type=\"lightBox\"><picture class=\"brz-picture brz-d-block brz-p-relative brz-css-1wo0qz9 brz-css-1v6fit9\"><source srcset=\"https:\/\/sowinskifoto.pl\/wp-content\/uploads\/2025\/07\/Swieto-Dzieci-Gor6389.jpg 1x, https:\/\/sowinskifoto.pl\/wp-content\/uploads\/2025\/07\/Swieto-Dzieci-Gor6389.jpg 2x\" media=\"(min-width: 992px)\"><source srcset=\"https:\/\/sowinskifoto.pl\/wp-content\/uploads\/2025\/07\/Swieto-Dzieci-Gor6389.jpg 1x, https:\/\/sowinskifoto.pl\/wp-content\/uploads\/2025\/07\/Swieto-Dzieci-Gor6389.jpg 2x\" media=\"(min-width: 768px)\"><img data-recalc-dims=\"1\" decoding=\"async\" class=\"brz-img\" srcset=\"https:\/\/sowinskifoto.pl\/wp-content\/uploads\/2025\/07\/Swieto-Dzieci-Gor6389.jpg 1x, https:\/\/sowinskifoto.pl\/wp-content\/uploads\/2025\/07\/Swieto-Dzieci-Gor6389.jpg 2x\" src=\"https:\/\/i0.wp.com\/sowinskifoto.pl\/wp-content\/uploads\/2025\/07\/Swieto-Dzieci-Gor6389.jpg?ssl=1\" alt=\"\" title=\"Dzie\u0144 Orawsko-Serbski. \u015awi\u0119to Dzieci G\u00f3r\" draggable=\"false\" loading=\"lazy\"><\/picture><\/a><\/div>\n<\/div>\n<div class=\"brz-image__gallery-item\">\n<div class=\"brz-image brz-css-h5q69s brz-css-147jte\" data-brz-custom-id=\"plPkjy9jr5zK\"><a class=\"brz-a\" href=\"https:\/\/i0.wp.com\/sowinskifoto.pl\/wp-content\/uploads\/2025\/07\/Swieto-Dzieci-Gor6390.jpg?ssl=1\" target=\"_self\" rel=\"noopener\" data-brz-link-type=\"lightBox\"><picture class=\"brz-picture brz-d-block brz-p-relative brz-css-bsrtir brz-css-lkkoeq\"><source srcset=\"https:\/\/sowinskifoto.pl\/wp-content\/uploads\/2025\/07\/Swieto-Dzieci-Gor6390.jpg 1x, https:\/\/sowinskifoto.pl\/wp-content\/uploads\/2025\/07\/Swieto-Dzieci-Gor6390.jpg 2x\" media=\"(min-width: 992px)\"><source srcset=\"https:\/\/sowinskifoto.pl\/wp-content\/uploads\/2025\/07\/Swieto-Dzieci-Gor6390.jpg 1x, https:\/\/sowinskifoto.pl\/wp-content\/uploads\/2025\/07\/Swieto-Dzieci-Gor6390.jpg 2x\" media=\"(min-width: 768px)\"><img data-recalc-dims=\"1\" decoding=\"async\" class=\"brz-img\" srcset=\"https:\/\/sowinskifoto.pl\/wp-content\/uploads\/2025\/07\/Swieto-Dzieci-Gor6390.jpg 1x, https:\/\/sowinskifoto.pl\/wp-content\/uploads\/2025\/07\/Swieto-Dzieci-Gor6390.jpg 2x\" src=\"https:\/\/i0.wp.com\/sowinskifoto.pl\/wp-content\/uploads\/2025\/07\/Swieto-Dzieci-Gor6390.jpg?ssl=1\" alt=\"\" title=\"Dzie\u0144 Orawsko-Serbski. \u015awi\u0119to Dzieci G\u00f3r\" draggable=\"false\" loading=\"lazy\"><\/picture><\/a><\/div>\n<\/div>\n<div class=\"brz-image__gallery-item\">\n<div class=\"brz-image brz-css-wk5toa brz-css-11taqlr\" data-brz-custom-id=\"dTOwjtsQcfuS\"><a class=\"brz-a\" href=\"https:\/\/i0.wp.com\/sowinskifoto.pl\/wp-content\/uploads\/2025\/07\/Swieto-Dzieci-Gor6391.jpg?ssl=1\" target=\"_self\" rel=\"noopener\" data-brz-link-type=\"lightBox\"><picture class=\"brz-picture brz-d-block brz-p-relative brz-css-1eifcdb brz-css-anf1ka\"><source srcset=\"https:\/\/sowinskifoto.pl\/wp-content\/uploads\/2025\/07\/Swieto-Dzieci-Gor6391.jpg 1x, https:\/\/sowinskifoto.pl\/wp-content\/uploads\/2025\/07\/Swieto-Dzieci-Gor6391.jpg 2x\" media=\"(min-width: 992px)\"><source srcset=\"https:\/\/sowinskifoto.pl\/wp-content\/uploads\/2025\/07\/Swieto-Dzieci-Gor6391.jpg 1x, https:\/\/sowinskifoto.pl\/wp-content\/uploads\/2025\/07\/Swieto-Dzieci-Gor6391.jpg 2x\" media=\"(min-width: 768px)\"><img data-recalc-dims=\"1\" decoding=\"async\" class=\"brz-img\" srcset=\"https:\/\/sowinskifoto.pl\/wp-content\/uploads\/2025\/07\/Swieto-Dzieci-Gor6391.jpg 1x, https:\/\/sowinskifoto.pl\/wp-content\/uploads\/2025\/07\/Swieto-Dzieci-Gor6391.jpg 2x\" src=\"https:\/\/i0.wp.com\/sowinskifoto.pl\/wp-content\/uploads\/2025\/07\/Swieto-Dzieci-Gor6391.jpg?ssl=1\" alt=\"\" title=\"Dzie\u0144 Orawsko-Serbski. \u015awi\u0119to Dzieci G\u00f3r\" draggable=\"false\" loading=\"lazy\"><\/picture><\/a><\/div>\n<\/div>\n<div class=\"brz-image__gallery-item\">\n<div class=\"brz-image brz-css-o7ru07 brz-css-lank29\" data-brz-custom-id=\"u0nnyj0blh2O\"><a class=\"brz-a\" href=\"https:\/\/i0.wp.com\/sowinskifoto.pl\/wp-content\/uploads\/2025\/07\/Swieto-Dzieci-Gor6392.jpg?ssl=1\" target=\"_self\" rel=\"noopener\" data-brz-link-type=\"lightBox\"><picture class=\"brz-picture brz-d-block brz-p-relative brz-css-18tcdz9 brz-css-qhlm14\"><source srcset=\"https:\/\/sowinskifoto.pl\/wp-content\/uploads\/2025\/07\/Swieto-Dzieci-Gor6392.jpg 1x, https:\/\/sowinskifoto.pl\/wp-content\/uploads\/2025\/07\/Swieto-Dzieci-Gor6392.jpg 2x\" media=\"(min-width: 992px)\"><source srcset=\"https:\/\/sowinskifoto.pl\/wp-content\/uploads\/2025\/07\/Swieto-Dzieci-Gor6392.jpg 1x, https:\/\/sowinskifoto.pl\/wp-content\/uploads\/2025\/07\/Swieto-Dzieci-Gor6392.jpg 2x\" media=\"(min-width: 768px)\"><img data-recalc-dims=\"1\" decoding=\"async\" class=\"brz-img\" srcset=\"https:\/\/sowinskifoto.pl\/wp-content\/uploads\/2025\/07\/Swieto-Dzieci-Gor6392.jpg 1x, https:\/\/sowinskifoto.pl\/wp-content\/uploads\/2025\/07\/Swieto-Dzieci-Gor6392.jpg 2x\" src=\"https:\/\/i0.wp.com\/sowinskifoto.pl\/wp-content\/uploads\/2025\/07\/Swieto-Dzieci-Gor6392.jpg?ssl=1\" alt=\"\" title=\"Dzie\u0144 Orawsko-Serbski. \u015awi\u0119to Dzieci G\u00f3r\" draggable=\"false\" loading=\"lazy\"><\/picture><\/a><\/div>\n<\/div>\n<div class=\"brz-image__gallery-item\">\n<div class=\"brz-image brz-css-14zlran brz-css-7mgxpw\" data-brz-custom-id=\"g8ISHukrlC0j\"><a class=\"brz-a\" href=\"https:\/\/i0.wp.com\/sowinskifoto.pl\/wp-content\/uploads\/2025\/07\/Swieto-Dzieci-Gor6393.jpg?ssl=1\" target=\"_self\" rel=\"noopener\" data-brz-link-type=\"lightBox\"><picture class=\"brz-picture brz-d-block brz-p-relative brz-css-1drn4fp brz-css-9v6t2d\"><source srcset=\"https:\/\/sowinskifoto.pl\/wp-content\/uploads\/2025\/07\/Swieto-Dzieci-Gor6393.jpg 1x, https:\/\/sowinskifoto.pl\/wp-content\/uploads\/2025\/07\/Swieto-Dzieci-Gor6393.jpg 2x\" media=\"(min-width: 992px)\"><source srcset=\"https:\/\/sowinskifoto.pl\/wp-content\/uploads\/2025\/07\/Swieto-Dzieci-Gor6393.jpg 1x, https:\/\/sowinskifoto.pl\/wp-content\/uploads\/2025\/07\/Swieto-Dzieci-Gor6393.jpg 2x\" media=\"(min-width: 768px)\"><img data-recalc-dims=\"1\" decoding=\"async\" class=\"brz-img\" srcset=\"https:\/\/sowinskifoto.pl\/wp-content\/uploads\/2025\/07\/Swieto-Dzieci-Gor6393.jpg 1x, https:\/\/sowinskifoto.pl\/wp-content\/uploads\/2025\/07\/Swieto-Dzieci-Gor6393.jpg 2x\" src=\"https:\/\/i0.wp.com\/sowinskifoto.pl\/wp-content\/uploads\/2025\/07\/Swieto-Dzieci-Gor6393.jpg?ssl=1\" alt=\"\" title=\"Dzie\u0144 Orawsko-Serbski. \u015awi\u0119to Dzieci G\u00f3r\" draggable=\"false\" loading=\"lazy\"><\/picture><\/a><\/div>\n<\/div>\n<div class=\"brz-image__gallery-item\">\n<div class=\"brz-image brz-css-1my5oap brz-css-48hh02\" data-brz-custom-id=\"pU8udXWZWtEI\"><a class=\"brz-a\" href=\"https:\/\/i0.wp.com\/sowinskifoto.pl\/wp-content\/uploads\/2025\/07\/Swieto-Dzieci-Gor6394.jpg?ssl=1\" target=\"_self\" rel=\"noopener\" data-brz-link-type=\"lightBox\"><picture class=\"brz-picture brz-d-block brz-p-relative brz-css-elwvvt brz-css-1wkdg30\"><source srcset=\"https:\/\/sowinskifoto.pl\/wp-content\/uploads\/2025\/07\/Swieto-Dzieci-Gor6394.jpg 1x, https:\/\/sowinskifoto.pl\/wp-content\/uploads\/2025\/07\/Swieto-Dzieci-Gor6394.jpg 2x\" media=\"(min-width: 992px)\"><source srcset=\"https:\/\/sowinskifoto.pl\/wp-content\/uploads\/2025\/07\/Swieto-Dzieci-Gor6394.jpg 1x, https:\/\/sowinskifoto.pl\/wp-content\/uploads\/2025\/07\/Swieto-Dzieci-Gor6394.jpg 2x\" media=\"(min-width: 768px)\"><img data-recalc-dims=\"1\" decoding=\"async\" class=\"brz-img\" srcset=\"https:\/\/sowinskifoto.pl\/wp-content\/uploads\/2025\/07\/Swieto-Dzieci-Gor6394.jpg 1x, https:\/\/sowinskifoto.pl\/wp-content\/uploads\/2025\/07\/Swieto-Dzieci-Gor6394.jpg 2x\" src=\"https:\/\/i0.wp.com\/sowinskifoto.pl\/wp-content\/uploads\/2025\/07\/Swieto-Dzieci-Gor6394.jpg?ssl=1\" alt=\"\" title=\"Dzie\u0144 Orawsko-Serbski. \u015awi\u0119to Dzieci G\u00f3r\" draggable=\"false\" loading=\"lazy\"><\/picture><\/a><\/div>\n<\/div>\n<div class=\"brz-image__gallery-item\">\n<div class=\"brz-image brz-css-1vsqp99 brz-css-1fhfche\" data-brz-custom-id=\"lMIj7kgCNSJS\"><a class=\"brz-a\" href=\"https:\/\/i0.wp.com\/sowinskifoto.pl\/wp-content\/uploads\/2025\/07\/Swieto-Dzieci-Gor6398.jpg?ssl=1\" target=\"_self\" rel=\"noopener\" data-brz-link-type=\"lightBox\"><picture class=\"brz-picture brz-d-block brz-p-relative brz-css-1rbgb0n brz-css-lb4uyk\"><source srcset=\"https:\/\/sowinskifoto.pl\/wp-content\/uploads\/2025\/07\/Swieto-Dzieci-Gor6398.jpg 1x, https:\/\/sowinskifoto.pl\/wp-content\/uploads\/2025\/07\/Swieto-Dzieci-Gor6398.jpg 2x\" media=\"(min-width: 992px)\"><source srcset=\"https:\/\/sowinskifoto.pl\/wp-content\/uploads\/2025\/07\/Swieto-Dzieci-Gor6398.jpg 1x, https:\/\/sowinskifoto.pl\/wp-content\/uploads\/2025\/07\/Swieto-Dzieci-Gor6398.jpg 2x\" media=\"(min-width: 768px)\"><img data-recalc-dims=\"1\" decoding=\"async\" class=\"brz-img\" srcset=\"https:\/\/sowinskifoto.pl\/wp-content\/uploads\/2025\/07\/Swieto-Dzieci-Gor6398.jpg 1x, https:\/\/sowinskifoto.pl\/wp-content\/uploads\/2025\/07\/Swieto-Dzieci-Gor6398.jpg 2x\" src=\"https:\/\/i0.wp.com\/sowinskifoto.pl\/wp-content\/uploads\/2025\/07\/Swieto-Dzieci-Gor6398.jpg?ssl=1\" alt=\"\" title=\"Dzie\u0144 Orawsko-Serbski. \u015awi\u0119to Dzieci G\u00f3r\" draggable=\"false\" loading=\"lazy\"><\/picture><\/a><\/div>\n<\/div>\n<div class=\"brz-image__gallery-item\">\n<div class=\"brz-image brz-css-17oso3o brz-css-1y4ebqw\" data-brz-custom-id=\"qrfAikWOu51Y\"><a class=\"brz-a\" href=\"https:\/\/i0.wp.com\/sowinskifoto.pl\/wp-content\/uploads\/2025\/07\/Swieto-Dzieci-Gor6395.jpg?ssl=1\" target=\"_self\" rel=\"noopener\" data-brz-link-type=\"lightBox\"><picture class=\"brz-picture brz-d-block brz-p-relative brz-css-1gjtoo3 brz-css-1jsen7v\"><source srcset=\"https:\/\/sowinskifoto.pl\/wp-content\/uploads\/2025\/07\/Swieto-Dzieci-Gor6395.jpg 1x, https:\/\/sowinskifoto.pl\/wp-content\/uploads\/2025\/07\/Swieto-Dzieci-Gor6395.jpg 2x\" media=\"(min-width: 992px)\"><source srcset=\"https:\/\/sowinskifoto.pl\/wp-content\/uploads\/2025\/07\/Swieto-Dzieci-Gor6395.jpg 1x, https:\/\/sowinskifoto.pl\/wp-content\/uploads\/2025\/07\/Swieto-Dzieci-Gor6395.jpg 2x\" media=\"(min-width: 768px)\"><img data-recalc-dims=\"1\" decoding=\"async\" class=\"brz-img\" srcset=\"https:\/\/sowinskifoto.pl\/wp-content\/uploads\/2025\/07\/Swieto-Dzieci-Gor6395.jpg 1x, https:\/\/sowinskifoto.pl\/wp-content\/uploads\/2025\/07\/Swieto-Dzieci-Gor6395.jpg 2x\" src=\"https:\/\/i0.wp.com\/sowinskifoto.pl\/wp-content\/uploads\/2025\/07\/Swieto-Dzieci-Gor6395.jpg?ssl=1\" alt=\"\" title=\"Dzie\u0144 Orawsko-Serbski. \u015awi\u0119to Dzieci G\u00f3r\" draggable=\"false\" loading=\"lazy\"><\/picture><\/a><\/div>\n<\/div>\n<div class=\"brz-image__gallery-item\">\n<div class=\"brz-image brz-css-qj8p7u brz-css-r8ik5t\" data-brz-custom-id=\"f1Hans9i6B1I\"><a class=\"brz-a\" href=\"https:\/\/i0.wp.com\/sowinskifoto.pl\/wp-content\/uploads\/2025\/07\/Swieto-Dzieci-Gor6396.jpg?ssl=1\" target=\"_self\" rel=\"noopener\" data-brz-link-type=\"lightBox\"><picture class=\"brz-picture brz-d-block brz-p-relative brz-css-1ickg52 brz-css-1yltith\"><source srcset=\"https:\/\/sowinskifoto.pl\/wp-content\/uploads\/2025\/07\/Swieto-Dzieci-Gor6396.jpg 1x, https:\/\/sowinskifoto.pl\/wp-content\/uploads\/2025\/07\/Swieto-Dzieci-Gor6396.jpg 2x\" media=\"(min-width: 992px)\"><source srcset=\"https:\/\/sowinskifoto.pl\/wp-content\/uploads\/2025\/07\/Swieto-Dzieci-Gor6396.jpg 1x, https:\/\/sowinskifoto.pl\/wp-content\/uploads\/2025\/07\/Swieto-Dzieci-Gor6396.jpg 2x\" media=\"(min-width: 768px)\"><img data-recalc-dims=\"1\" decoding=\"async\" class=\"brz-img\" srcset=\"https:\/\/sowinskifoto.pl\/wp-content\/uploads\/2025\/07\/Swieto-Dzieci-Gor6396.jpg 1x, https:\/\/sowinskifoto.pl\/wp-content\/uploads\/2025\/07\/Swieto-Dzieci-Gor6396.jpg 2x\" src=\"https:\/\/i0.wp.com\/sowinskifoto.pl\/wp-content\/uploads\/2025\/07\/Swieto-Dzieci-Gor6396.jpg?ssl=1\" alt=\"\" title=\"Dzie\u0144 Orawsko-Serbski. \u015awi\u0119to Dzieci G\u00f3r\" draggable=\"false\" loading=\"lazy\"><\/picture><\/a><\/div>\n<\/div>\n<div class=\"brz-image__gallery-item\">\n<div class=\"brz-image brz-css-1lil8yv brz-css-tmv08w\" data-brz-custom-id=\"exVXjEwFmCog\"><a class=\"brz-a\" href=\"https:\/\/i0.wp.com\/sowinskifoto.pl\/wp-content\/uploads\/2025\/07\/Swieto-Dzieci-Gor6397.jpg?ssl=1\" target=\"_self\" rel=\"noopener\" data-brz-link-type=\"lightBox\"><picture class=\"brz-picture brz-d-block brz-p-relative brz-css-16oewua brz-css-bmzolk\"><source srcset=\"https:\/\/sowinskifoto.pl\/wp-content\/uploads\/2025\/07\/Swieto-Dzieci-Gor6397.jpg 1x, https:\/\/sowinskifoto.pl\/wp-content\/uploads\/2025\/07\/Swieto-Dzieci-Gor6397.jpg 2x\" media=\"(min-width: 992px)\"><source srcset=\"https:\/\/sowinskifoto.pl\/wp-content\/uploads\/2025\/07\/Swieto-Dzieci-Gor6397.jpg 1x, https:\/\/sowinskifoto.pl\/wp-content\/uploads\/2025\/07\/Swieto-Dzieci-Gor6397.jpg 2x\" media=\"(min-width: 768px)\"><img data-recalc-dims=\"1\" decoding=\"async\" class=\"brz-img\" srcset=\"https:\/\/sowinskifoto.pl\/wp-content\/uploads\/2025\/07\/Swieto-Dzieci-Gor6397.jpg 1x, https:\/\/sowinskifoto.pl\/wp-content\/uploads\/2025\/07\/Swieto-Dzieci-Gor6397.jpg 2x\" src=\"https:\/\/i0.wp.com\/sowinskifoto.pl\/wp-content\/uploads\/2025\/07\/Swieto-Dzieci-Gor6397.jpg?ssl=1\" alt=\"\" title=\"Dzie\u0144 Orawsko-Serbski. \u015awi\u0119to Dzieci G\u00f3r\" draggable=\"false\" loading=\"lazy\"><\/picture><\/a><\/div>\n<\/div>\n<div class=\"brz-image__gallery-item\">\n<div class=\"brz-image brz-css-kt2ec2 brz-css-1vrgvvi\" data-brz-custom-id=\"tlitMvN_SGqS\"><a class=\"brz-a\" href=\"https:\/\/i0.wp.com\/sowinskifoto.pl\/wp-content\/uploads\/2025\/07\/Swieto-Dzieci-Gor6400.jpg?ssl=1\" target=\"_self\" rel=\"noopener\" data-brz-link-type=\"lightBox\"><picture class=\"brz-picture brz-d-block brz-p-relative brz-css-mar0r8 brz-css-gzrk0l\"><source srcset=\"https:\/\/sowinskifoto.pl\/wp-content\/uploads\/2025\/07\/Swieto-Dzieci-Gor6400.jpg 1x, https:\/\/sowinskifoto.pl\/wp-content\/uploads\/2025\/07\/Swieto-Dzieci-Gor6400.jpg 2x\" media=\"(min-width: 992px)\"><source srcset=\"https:\/\/sowinskifoto.pl\/wp-content\/uploads\/2025\/07\/Swieto-Dzieci-Gor6400.jpg 1x, https:\/\/sowinskifoto.pl\/wp-content\/uploads\/2025\/07\/Swieto-Dzieci-Gor6400.jpg 2x\" media=\"(min-width: 768px)\"><img data-recalc-dims=\"1\" decoding=\"async\" class=\"brz-img\" srcset=\"https:\/\/sowinskifoto.pl\/wp-content\/uploads\/2025\/07\/Swieto-Dzieci-Gor6400.jpg 1x, https:\/\/sowinskifoto.pl\/wp-content\/uploads\/2025\/07\/Swieto-Dzieci-Gor6400.jpg 2x\" src=\"https:\/\/i0.wp.com\/sowinskifoto.pl\/wp-content\/uploads\/2025\/07\/Swieto-Dzieci-Gor6400.jpg?ssl=1\" alt=\"\" title=\"Dzie\u0144 Orawsko-Serbski. \u015awi\u0119to Dzieci G\u00f3r\" draggable=\"false\" loading=\"lazy\"><\/picture><\/a><\/div>\n<\/div>\n<div class=\"brz-image__gallery-item\">\n<div class=\"brz-image brz-css-15rqonc brz-css-1mad3gk\" data-brz-custom-id=\"zP3bF0BrzP86\"><a class=\"brz-a\" href=\"https:\/\/i0.wp.com\/sowinskifoto.pl\/wp-content\/uploads\/2025\/07\/Swieto-Dzieci-Gor6399.jpg?ssl=1\" target=\"_self\" rel=\"noopener\" data-brz-link-type=\"lightBox\"><picture class=\"brz-picture brz-d-block brz-p-relative brz-css-1duj852 brz-css-pm93nm\"><source srcset=\"https:\/\/sowinskifoto.pl\/wp-content\/uploads\/2025\/07\/Swieto-Dzieci-Gor6399.jpg 1x, https:\/\/sowinskifoto.pl\/wp-content\/uploads\/2025\/07\/Swieto-Dzieci-Gor6399.jpg 2x\" media=\"(min-width: 992px)\"><source srcset=\"https:\/\/sowinskifoto.pl\/wp-content\/uploads\/2025\/07\/Swieto-Dzieci-Gor6399.jpg 1x, https:\/\/sowinskifoto.pl\/wp-content\/uploads\/2025\/07\/Swieto-Dzieci-Gor6399.jpg 2x\" media=\"(min-width: 768px)\"><img data-recalc-dims=\"1\" decoding=\"async\" class=\"brz-img\" srcset=\"https:\/\/sowinskifoto.pl\/wp-content\/uploads\/2025\/07\/Swieto-Dzieci-Gor6399.jpg 1x, https:\/\/sowinskifoto.pl\/wp-content\/uploads\/2025\/07\/Swieto-Dzieci-Gor6399.jpg 2x\" src=\"https:\/\/i0.wp.com\/sowinskifoto.pl\/wp-content\/uploads\/2025\/07\/Swieto-Dzieci-Gor6399.jpg?ssl=1\" alt=\"\" title=\"Dzie\u0144 Orawsko-Serbski. \u015awi\u0119to Dzieci G\u00f3r\" draggable=\"false\" loading=\"lazy\"><\/picture><\/a><\/div>\n<\/div>\n<div class=\"brz-image__gallery-item\">\n<div class=\"brz-image brz-css-1y7zv67 brz-css-v6oqa\" data-brz-custom-id=\"k9sZWJTlVSA8\"><a class=\"brz-a\" href=\"https:\/\/i0.wp.com\/sowinskifoto.pl\/wp-content\/uploads\/2025\/07\/Swieto-Dzieci-Gor6401.jpg?ssl=1\" target=\"_self\" rel=\"noopener\" data-brz-link-type=\"lightBox\"><picture class=\"brz-picture brz-d-block brz-p-relative brz-css-1tg7ar6 brz-css-a1kpcj\"><source srcset=\"https:\/\/sowinskifoto.pl\/wp-content\/uploads\/2025\/07\/Swieto-Dzieci-Gor6401.jpg 1x, https:\/\/sowinskifoto.pl\/wp-content\/uploads\/2025\/07\/Swieto-Dzieci-Gor6401.jpg 2x\" media=\"(min-width: 992px)\"><source srcset=\"https:\/\/sowinskifoto.pl\/wp-content\/uploads\/2025\/07\/Swieto-Dzieci-Gor6401.jpg 1x, https:\/\/sowinskifoto.pl\/wp-content\/uploads\/2025\/07\/Swieto-Dzieci-Gor6401.jpg 2x\" media=\"(min-width: 768px)\"><img data-recalc-dims=\"1\" decoding=\"async\" class=\"brz-img\" srcset=\"https:\/\/sowinskifoto.pl\/wp-content\/uploads\/2025\/07\/Swieto-Dzieci-Gor6401.jpg 1x, https:\/\/sowinskifoto.pl\/wp-content\/uploads\/2025\/07\/Swieto-Dzieci-Gor6401.jpg 2x\" src=\"https:\/\/i0.wp.com\/sowinskifoto.pl\/wp-content\/uploads\/2025\/07\/Swieto-Dzieci-Gor6401.jpg?ssl=1\" alt=\"\" title=\"Dzie\u0144 Orawsko-Serbski. \u015awi\u0119to Dzieci G\u00f3r\" draggable=\"false\" loading=\"lazy\"><\/picture><\/a><\/div>\n<\/div>\n<div class=\"brz-image__gallery-item\">\n<div class=\"brz-image brz-css-12swnir brz-css-vx7440\" data-brz-custom-id=\"baBBpbcgbqvF\"><a class=\"brz-a\" href=\"https:\/\/i0.wp.com\/sowinskifoto.pl\/wp-content\/uploads\/2025\/07\/Swieto-Dzieci-Gor6403.jpg?ssl=1\" target=\"_self\" rel=\"noopener\" data-brz-link-type=\"lightBox\"><picture class=\"brz-picture brz-d-block brz-p-relative brz-css-88a4t6 brz-css-1j2ug6e\"><source srcset=\"https:\/\/sowinskifoto.pl\/wp-content\/uploads\/2025\/07\/Swieto-Dzieci-Gor6403.jpg 1x, https:\/\/sowinskifoto.pl\/wp-content\/uploads\/2025\/07\/Swieto-Dzieci-Gor6403.jpg 2x\" media=\"(min-width: 992px)\"><source srcset=\"https:\/\/sowinskifoto.pl\/wp-content\/uploads\/2025\/07\/Swieto-Dzieci-Gor6403.jpg 1x, https:\/\/sowinskifoto.pl\/wp-content\/uploads\/2025\/07\/Swieto-Dzieci-Gor6403.jpg 2x\" media=\"(min-width: 768px)\"><img data-recalc-dims=\"1\" decoding=\"async\" class=\"brz-img\" srcset=\"https:\/\/sowinskifoto.pl\/wp-content\/uploads\/2025\/07\/Swieto-Dzieci-Gor6403.jpg 1x, https:\/\/sowinskifoto.pl\/wp-content\/uploads\/2025\/07\/Swieto-Dzieci-Gor6403.jpg 2x\" src=\"https:\/\/i0.wp.com\/sowinskifoto.pl\/wp-content\/uploads\/2025\/07\/Swieto-Dzieci-Gor6403.jpg?ssl=1\" alt=\"\" title=\"Dzie\u0144 Orawsko-Serbski. \u015awi\u0119to Dzieci G\u00f3r\" draggable=\"false\" loading=\"lazy\"><\/picture><\/a><\/div>\n<\/div>\n<div class=\"brz-image__gallery-item\">\n<div class=\"brz-image brz-css-1wnxv51 brz-css-f5olnh\" data-brz-custom-id=\"rDTTgDjgPNap\"><a class=\"brz-a\" href=\"https:\/\/i0.wp.com\/sowinskifoto.pl\/wp-content\/uploads\/2025\/07\/Swieto-Dzieci-Gor6402.jpg?ssl=1\" target=\"_self\" rel=\"noopener\" data-brz-link-type=\"lightBox\"><picture class=\"brz-picture brz-d-block brz-p-relative brz-css-zrgwko brz-css-1tnfh21\"><source srcset=\"https:\/\/sowinskifoto.pl\/wp-content\/uploads\/2025\/07\/Swieto-Dzieci-Gor6402.jpg 1x, https:\/\/sowinskifoto.pl\/wp-content\/uploads\/2025\/07\/Swieto-Dzieci-Gor6402.jpg 2x\" media=\"(min-width: 992px)\"><source srcset=\"https:\/\/sowinskifoto.pl\/wp-content\/uploads\/2025\/07\/Swieto-Dzieci-Gor6402.jpg 1x, https:\/\/sowinskifoto.pl\/wp-content\/uploads\/2025\/07\/Swieto-Dzieci-Gor6402.jpg 2x\" media=\"(min-width: 768px)\"><img data-recalc-dims=\"1\" decoding=\"async\" class=\"brz-img\" srcset=\"https:\/\/sowinskifoto.pl\/wp-content\/uploads\/2025\/07\/Swieto-Dzieci-Gor6402.jpg 1x, https:\/\/sowinskifoto.pl\/wp-content\/uploads\/2025\/07\/Swieto-Dzieci-Gor6402.jpg 2x\" src=\"https:\/\/i0.wp.com\/sowinskifoto.pl\/wp-content\/uploads\/2025\/07\/Swieto-Dzieci-Gor6402.jpg?ssl=1\" alt=\"\" title=\"Dzie\u0144 Orawsko-Serbski. \u015awi\u0119to Dzieci G\u00f3r\" draggable=\"false\" loading=\"lazy\"><\/picture><\/a><\/div>\n<\/div>\n<div class=\"brz-image__gallery-item\">\n<div class=\"brz-image brz-css-kjt2n5 brz-css-s6kkut\" data-brz-custom-id=\"l35DafG6yMRA\"><a class=\"brz-a\" href=\"https:\/\/i0.wp.com\/sowinskifoto.pl\/wp-content\/uploads\/2025\/07\/Swieto-Dzieci-Gor6405.jpg?ssl=1\" target=\"_self\" rel=\"noopener\" data-brz-link-type=\"lightBox\"><picture class=\"brz-picture brz-d-block brz-p-relative brz-css-1ph4sbj brz-css-17we2q1\"><source srcset=\"https:\/\/sowinskifoto.pl\/wp-content\/uploads\/2025\/07\/Swieto-Dzieci-Gor6405.jpg 1x, https:\/\/sowinskifoto.pl\/wp-content\/uploads\/2025\/07\/Swieto-Dzieci-Gor6405.jpg 2x\" media=\"(min-width: 992px)\"><source srcset=\"https:\/\/sowinskifoto.pl\/wp-content\/uploads\/2025\/07\/Swieto-Dzieci-Gor6405.jpg 1x, https:\/\/sowinskifoto.pl\/wp-content\/uploads\/2025\/07\/Swieto-Dzieci-Gor6405.jpg 2x\" media=\"(min-width: 768px)\"><img data-recalc-dims=\"1\" decoding=\"async\" class=\"brz-img\" srcset=\"https:\/\/sowinskifoto.pl\/wp-content\/uploads\/2025\/07\/Swieto-Dzieci-Gor6405.jpg 1x, https:\/\/sowinskifoto.pl\/wp-content\/uploads\/2025\/07\/Swieto-Dzieci-Gor6405.jpg 2x\" src=\"https:\/\/i0.wp.com\/sowinskifoto.pl\/wp-content\/uploads\/2025\/07\/Swieto-Dzieci-Gor6405.jpg?ssl=1\" alt=\"\" title=\"Dzie\u0144 Orawsko-Serbski. \u015awi\u0119to Dzieci G\u00f3r\" draggable=\"false\" loading=\"lazy\"><\/picture><\/a><\/div>\n<\/div>\n<div class=\"brz-image__gallery-item\">\n<div class=\"brz-image brz-css-181h7a7 brz-css-1irnbln\" data-brz-custom-id=\"h2XE0Om87lHI\"><a class=\"brz-a\" href=\"https:\/\/i0.wp.com\/sowinskifoto.pl\/wp-content\/uploads\/2025\/07\/Swieto-Dzieci-Gor6404.jpg?ssl=1\" target=\"_self\" rel=\"noopener\" data-brz-link-type=\"lightBox\"><picture class=\"brz-picture brz-d-block brz-p-relative brz-css-1mzjhd5 brz-css-env0xk\"><source srcset=\"https:\/\/sowinskifoto.pl\/wp-content\/uploads\/2025\/07\/Swieto-Dzieci-Gor6404.jpg 1x, https:\/\/sowinskifoto.pl\/wp-content\/uploads\/2025\/07\/Swieto-Dzieci-Gor6404.jpg 2x\" media=\"(min-width: 992px)\"><source srcset=\"https:\/\/sowinskifoto.pl\/wp-content\/uploads\/2025\/07\/Swieto-Dzieci-Gor6404.jpg 1x, https:\/\/sowinskifoto.pl\/wp-content\/uploads\/2025\/07\/Swieto-Dzieci-Gor6404.jpg 2x\" media=\"(min-width: 768px)\"><img data-recalc-dims=\"1\" decoding=\"async\" class=\"brz-img\" srcset=\"https:\/\/sowinskifoto.pl\/wp-content\/uploads\/2025\/07\/Swieto-Dzieci-Gor6404.jpg 1x, https:\/\/sowinskifoto.pl\/wp-content\/uploads\/2025\/07\/Swieto-Dzieci-Gor6404.jpg 2x\" src=\"https:\/\/i0.wp.com\/sowinskifoto.pl\/wp-content\/uploads\/2025\/07\/Swieto-Dzieci-Gor6404.jpg?ssl=1\" alt=\"\" title=\"Dzie\u0144 Orawsko-Serbski. \u015awi\u0119to Dzieci G\u00f3r\" draggable=\"false\" loading=\"lazy\"><\/picture><\/a><\/div>\n<\/div>\n<div class=\"brz-image__gallery-item\">\n<div class=\"brz-image brz-css-ic1lbp brz-css-1q1812w\" data-brz-custom-id=\"papGKLXQjyN0\"><a class=\"brz-a\" href=\"https:\/\/i0.wp.com\/sowinskifoto.pl\/wp-content\/uploads\/2025\/07\/Swieto-Dzieci-Gor6407.jpg?ssl=1\" target=\"_self\" rel=\"noopener\" data-brz-link-type=\"lightBox\"><picture class=\"brz-picture brz-d-block brz-p-relative brz-css-q281lr brz-css-ifl69e\"><source srcset=\"https:\/\/sowinskifoto.pl\/wp-content\/uploads\/2025\/07\/Swieto-Dzieci-Gor6407.jpg 1x, https:\/\/sowinskifoto.pl\/wp-content\/uploads\/2025\/07\/Swieto-Dzieci-Gor6407.jpg 2x\" media=\"(min-width: 992px)\"><source srcset=\"https:\/\/sowinskifoto.pl\/wp-content\/uploads\/2025\/07\/Swieto-Dzieci-Gor6407.jpg 1x, https:\/\/sowinskifoto.pl\/wp-content\/uploads\/2025\/07\/Swieto-Dzieci-Gor6407.jpg 2x\" media=\"(min-width: 768px)\"><img data-recalc-dims=\"1\" decoding=\"async\" class=\"brz-img\" srcset=\"https:\/\/sowinskifoto.pl\/wp-content\/uploads\/2025\/07\/Swieto-Dzieci-Gor6407.jpg 1x, https:\/\/sowinskifoto.pl\/wp-content\/uploads\/2025\/07\/Swieto-Dzieci-Gor6407.jpg 2x\" src=\"https:\/\/i0.wp.com\/sowinskifoto.pl\/wp-content\/uploads\/2025\/07\/Swieto-Dzieci-Gor6407.jpg?ssl=1\" alt=\"\" title=\"Dzie\u0144 Orawsko-Serbski. \u015awi\u0119to Dzieci G\u00f3r\" draggable=\"false\" loading=\"lazy\"><\/picture><\/a><\/div>\n<\/div>\n<div class=\"brz-image__gallery-item\">\n<div class=\"brz-image brz-css-1dv1hhw brz-css-z1symr\" data-brz-custom-id=\"meNAyrYglnLy\"><a class=\"brz-a\" href=\"https:\/\/i0.wp.com\/sowinskifoto.pl\/wp-content\/uploads\/2025\/07\/Swieto-Dzieci-Gor6406.jpg?ssl=1\" target=\"_self\" rel=\"noopener\" data-brz-link-type=\"lightBox\"><picture class=\"brz-picture brz-d-block brz-p-relative brz-css-pg81wl brz-css-1e1b3a0\"><source srcset=\"https:\/\/sowinskifoto.pl\/wp-content\/uploads\/2025\/07\/Swieto-Dzieci-Gor6406.jpg 1x, https:\/\/sowinskifoto.pl\/wp-content\/uploads\/2025\/07\/Swieto-Dzieci-Gor6406.jpg 2x\" media=\"(min-width: 992px)\"><source srcset=\"https:\/\/sowinskifoto.pl\/wp-content\/uploads\/2025\/07\/Swieto-Dzieci-Gor6406.jpg 1x, https:\/\/sowinskifoto.pl\/wp-content\/uploads\/2025\/07\/Swieto-Dzieci-Gor6406.jpg 2x\" media=\"(min-width: 768px)\"><img data-recalc-dims=\"1\" decoding=\"async\" class=\"brz-img\" srcset=\"https:\/\/sowinskifoto.pl\/wp-content\/uploads\/2025\/07\/Swieto-Dzieci-Gor6406.jpg 1x, https:\/\/sowinskifoto.pl\/wp-content\/uploads\/2025\/07\/Swieto-Dzieci-Gor6406.jpg 2x\" src=\"https:\/\/i0.wp.com\/sowinskifoto.pl\/wp-content\/uploads\/2025\/07\/Swieto-Dzieci-Gor6406.jpg?ssl=1\" alt=\"\" title=\"Dzie\u0144 Orawsko-Serbski. \u015awi\u0119to Dzieci G\u00f3r\" draggable=\"false\" loading=\"lazy\"><\/picture><\/a><\/div>\n<\/div>\n<div class=\"brz-image__gallery-item\">\n<div class=\"brz-image brz-css-1snffax brz-css-163uzxu\" data-brz-custom-id=\"zcgPbd82pRxr\"><a class=\"brz-a\" href=\"https:\/\/i0.wp.com\/sowinskifoto.pl\/wp-content\/uploads\/2025\/07\/Swieto-Dzieci-Gor6408.jpg?ssl=1\" target=\"_self\" rel=\"noopener\" data-brz-link-type=\"lightBox\"><picture class=\"brz-picture brz-d-block brz-p-relative brz-css-1v4gr06 brz-css-gtrlml\"><source srcset=\"https:\/\/sowinskifoto.pl\/wp-content\/uploads\/2025\/07\/Swieto-Dzieci-Gor6408.jpg 1x, https:\/\/sowinskifoto.pl\/wp-content\/uploads\/2025\/07\/Swieto-Dzieci-Gor6408.jpg 2x\" media=\"(min-width: 992px)\"><source srcset=\"https:\/\/sowinskifoto.pl\/wp-content\/uploads\/2025\/07\/Swieto-Dzieci-Gor6408.jpg 1x, https:\/\/sowinskifoto.pl\/wp-content\/uploads\/2025\/07\/Swieto-Dzieci-Gor6408.jpg 2x\" media=\"(min-width: 768px)\"><img data-recalc-dims=\"1\" decoding=\"async\" class=\"brz-img\" srcset=\"https:\/\/sowinskifoto.pl\/wp-content\/uploads\/2025\/07\/Swieto-Dzieci-Gor6408.jpg 1x, https:\/\/sowinskifoto.pl\/wp-content\/uploads\/2025\/07\/Swieto-Dzieci-Gor6408.jpg 2x\" src=\"https:\/\/i0.wp.com\/sowinskifoto.pl\/wp-content\/uploads\/2025\/07\/Swieto-Dzieci-Gor6408.jpg?ssl=1\" alt=\"\" title=\"Dzie\u0144 Orawsko-Serbski. \u015awi\u0119to Dzieci G\u00f3r\" draggable=\"false\" loading=\"lazy\"><\/picture><\/a><\/div>\n<\/div>\n<div class=\"brz-image__gallery-item\">\n<div class=\"brz-image brz-css-53rtky brz-css-63jlg8\" data-brz-custom-id=\"eHRTWh3na1YG\"><a class=\"brz-a\" href=\"https:\/\/i0.wp.com\/sowinskifoto.pl\/wp-content\/uploads\/2025\/07\/Swieto-Dzieci-Gor6409.jpg?ssl=1\" target=\"_self\" rel=\"noopener\" data-brz-link-type=\"lightBox\"><picture class=\"brz-picture brz-d-block brz-p-relative brz-css-1k7g84y brz-css-v95zfc\"><source srcset=\"https:\/\/sowinskifoto.pl\/wp-content\/uploads\/2025\/07\/Swieto-Dzieci-Gor6409.jpg 1x, https:\/\/sowinskifoto.pl\/wp-content\/uploads\/2025\/07\/Swieto-Dzieci-Gor6409.jpg 2x\" media=\"(min-width: 992px)\"><source srcset=\"https:\/\/sowinskifoto.pl\/wp-content\/uploads\/2025\/07\/Swieto-Dzieci-Gor6409.jpg 1x, https:\/\/sowinskifoto.pl\/wp-content\/uploads\/2025\/07\/Swieto-Dzieci-Gor6409.jpg 2x\" media=\"(min-width: 768px)\"><img data-recalc-dims=\"1\" decoding=\"async\" class=\"brz-img\" srcset=\"https:\/\/sowinskifoto.pl\/wp-content\/uploads\/2025\/07\/Swieto-Dzieci-Gor6409.jpg 1x, https:\/\/sowinskifoto.pl\/wp-content\/uploads\/2025\/07\/Swieto-Dzieci-Gor6409.jpg 2x\" src=\"https:\/\/i0.wp.com\/sowinskifoto.pl\/wp-content\/uploads\/2025\/07\/Swieto-Dzieci-Gor6409.jpg?ssl=1\" alt=\"\" title=\"Dzie\u0144 Orawsko-Serbski. \u015awi\u0119to Dzieci G\u00f3r\" draggable=\"false\" loading=\"lazy\"><\/picture><\/a><\/div>\n<\/div>\n<div class=\"brz-image__gallery-item\">\n<div class=\"brz-image brz-css-1ath090 brz-css-wgzqv1\" data-brz-custom-id=\"gzWSndsCWvBi\"><a class=\"brz-a\" href=\"https:\/\/i0.wp.com\/sowinskifoto.pl\/wp-content\/uploads\/2025\/07\/Swieto-Dzieci-Gor6410.jpg?ssl=1\" target=\"_self\" rel=\"noopener\" data-brz-link-type=\"lightBox\"><picture class=\"brz-picture brz-d-block brz-p-relative brz-css-1mc08x8 brz-css-1toltq7\"><source srcset=\"https:\/\/sowinskifoto.pl\/wp-content\/uploads\/2025\/07\/Swieto-Dzieci-Gor6410.jpg 1x, https:\/\/sowinskifoto.pl\/wp-content\/uploads\/2025\/07\/Swieto-Dzieci-Gor6410.jpg 2x\" media=\"(min-width: 992px)\"><source srcset=\"https:\/\/sowinskifoto.pl\/wp-content\/uploads\/2025\/07\/Swieto-Dzieci-Gor6410.jpg 1x, https:\/\/sowinskifoto.pl\/wp-content\/uploads\/2025\/07\/Swieto-Dzieci-Gor6410.jpg 2x\" media=\"(min-width: 768px)\"><img data-recalc-dims=\"1\" decoding=\"async\" class=\"brz-img\" srcset=\"https:\/\/sowinskifoto.pl\/wp-content\/uploads\/2025\/07\/Swieto-Dzieci-Gor6410.jpg 1x, https:\/\/sowinskifoto.pl\/wp-content\/uploads\/2025\/07\/Swieto-Dzieci-Gor6410.jpg 2x\" src=\"https:\/\/i0.wp.com\/sowinskifoto.pl\/wp-content\/uploads\/2025\/07\/Swieto-Dzieci-Gor6410.jpg?ssl=1\" alt=\"\" title=\"Dzie\u0144 Orawsko-Serbski. \u015awi\u0119to Dzieci G\u00f3r\" draggable=\"false\" loading=\"lazy\"><\/picture><\/a><\/div>\n<\/div>\n<div class=\"brz-image__gallery-item\">\n<div class=\"brz-image brz-css-1kph9eh brz-css-ihq13c\" data-brz-custom-id=\"iqAmtRFaA18_\"><a class=\"brz-a\" href=\"https:\/\/i0.wp.com\/sowinskifoto.pl\/wp-content\/uploads\/2025\/07\/Swieto-Dzieci-Gor6411.jpg?ssl=1\" target=\"_self\" rel=\"noopener\" data-brz-link-type=\"lightBox\"><picture class=\"brz-picture brz-d-block brz-p-relative brz-css-1qimypj brz-css-17i0u3n\"><source srcset=\"https:\/\/sowinskifoto.pl\/wp-content\/uploads\/2025\/07\/Swieto-Dzieci-Gor6411.jpg 1x, https:\/\/sowinskifoto.pl\/wp-content\/uploads\/2025\/07\/Swieto-Dzieci-Gor6411.jpg 2x\" media=\"(min-width: 992px)\"><source srcset=\"https:\/\/sowinskifoto.pl\/wp-content\/uploads\/2025\/07\/Swieto-Dzieci-Gor6411.jpg 1x, https:\/\/sowinskifoto.pl\/wp-content\/uploads\/2025\/07\/Swieto-Dzieci-Gor6411.jpg 2x\" media=\"(min-width: 768px)\"><img data-recalc-dims=\"1\" decoding=\"async\" class=\"brz-img\" srcset=\"https:\/\/sowinskifoto.pl\/wp-content\/uploads\/2025\/07\/Swieto-Dzieci-Gor6411.jpg 1x, https:\/\/sowinskifoto.pl\/wp-content\/uploads\/2025\/07\/Swieto-Dzieci-Gor6411.jpg 2x\" src=\"https:\/\/i0.wp.com\/sowinskifoto.pl\/wp-content\/uploads\/2025\/07\/Swieto-Dzieci-Gor6411.jpg?ssl=1\" alt=\"\" title=\"Dzie\u0144 Orawsko-Serbski. \u015awi\u0119to Dzieci G\u00f3r\" draggable=\"false\" loading=\"lazy\"><\/picture><\/a><\/div>\n<\/div>\n<div class=\"brz-image__gallery-item\">\n<div class=\"brz-image brz-css-rdjcem brz-css-8n06x7\" data-brz-custom-id=\"k0_117FE64KB\"><a class=\"brz-a\" href=\"https:\/\/i0.wp.com\/sowinskifoto.pl\/wp-content\/uploads\/2025\/07\/Swieto-Dzieci-Gor6412.jpg?ssl=1\" target=\"_self\" rel=\"noopener\" data-brz-link-type=\"lightBox\"><picture class=\"brz-picture brz-d-block brz-p-relative brz-css-1rto3c5 brz-css-6s9jvf\"><source srcset=\"https:\/\/sowinskifoto.pl\/wp-content\/uploads\/2025\/07\/Swieto-Dzieci-Gor6412.jpg 1x, https:\/\/sowinskifoto.pl\/wp-content\/uploads\/2025\/07\/Swieto-Dzieci-Gor6412.jpg 2x\" media=\"(min-width: 992px)\"><source srcset=\"https:\/\/sowinskifoto.pl\/wp-content\/uploads\/2025\/07\/Swieto-Dzieci-Gor6412.jpg 1x, https:\/\/sowinskifoto.pl\/wp-content\/uploads\/2025\/07\/Swieto-Dzieci-Gor6412.jpg 2x\" media=\"(min-width: 768px)\"><img data-recalc-dims=\"1\" decoding=\"async\" class=\"brz-img\" srcset=\"https:\/\/sowinskifoto.pl\/wp-content\/uploads\/2025\/07\/Swieto-Dzieci-Gor6412.jpg 1x, https:\/\/sowinskifoto.pl\/wp-content\/uploads\/2025\/07\/Swieto-Dzieci-Gor6412.jpg 2x\" src=\"https:\/\/i0.wp.com\/sowinskifoto.pl\/wp-content\/uploads\/2025\/07\/Swieto-Dzieci-Gor6412.jpg?ssl=1\" alt=\"\" title=\"Dzie\u0144 Orawsko-Serbski. \u015awi\u0119to Dzieci G\u00f3r\" draggable=\"false\" loading=\"lazy\"><\/picture><\/a><\/div>\n<\/div>\n<div class=\"brz-image__gallery-item\">\n<div class=\"brz-image brz-css-1a3ugii brz-css-1cghr4r\" data-brz-custom-id=\"bCEbxWUbZAGH\"><a class=\"brz-a\" href=\"https:\/\/i0.wp.com\/sowinskifoto.pl\/wp-content\/uploads\/2025\/07\/Swieto-Dzieci-Gor6413.jpg?ssl=1\" target=\"_self\" rel=\"noopener\" data-brz-link-type=\"lightBox\"><picture class=\"brz-picture brz-d-block brz-p-relative brz-css-1i38crs brz-css-5q1a3h\"><source srcset=\"https:\/\/sowinskifoto.pl\/wp-content\/uploads\/2025\/07\/Swieto-Dzieci-Gor6413.jpg 1x, https:\/\/sowinskifoto.pl\/wp-content\/uploads\/2025\/07\/Swieto-Dzieci-Gor6413.jpg 2x\" media=\"(min-width: 992px)\"><source srcset=\"https:\/\/sowinskifoto.pl\/wp-content\/uploads\/2025\/07\/Swieto-Dzieci-Gor6413.jpg 1x, https:\/\/sowinskifoto.pl\/wp-content\/uploads\/2025\/07\/Swieto-Dzieci-Gor6413.jpg 2x\" media=\"(min-width: 768px)\"><img data-recalc-dims=\"1\" decoding=\"async\" class=\"brz-img\" srcset=\"https:\/\/sowinskifoto.pl\/wp-content\/uploads\/2025\/07\/Swieto-Dzieci-Gor6413.jpg 1x, https:\/\/sowinskifoto.pl\/wp-content\/uploads\/2025\/07\/Swieto-Dzieci-Gor6413.jpg 2x\" src=\"https:\/\/i0.wp.com\/sowinskifoto.pl\/wp-content\/uploads\/2025\/07\/Swieto-Dzieci-Gor6413.jpg?ssl=1\" alt=\"\" title=\"Dzie\u0144 Orawsko-Serbski. \u015awi\u0119to Dzieci G\u00f3r\" draggable=\"false\" loading=\"lazy\"><\/picture><\/a><\/div>\n<\/div>\n<div class=\"brz-image__gallery-item\">\n<div class=\"brz-image brz-css-1abf15n brz-css-16311u9\" data-brz-custom-id=\"eCVRf7LHocLI\"><a class=\"brz-a\" href=\"https:\/\/i0.wp.com\/sowinskifoto.pl\/wp-content\/uploads\/2025\/07\/Swieto-Dzieci-Gor6417.jpg?ssl=1\" target=\"_self\" rel=\"noopener\" data-brz-link-type=\"lightBox\"><picture class=\"brz-picture brz-d-block brz-p-relative brz-css-oeegez brz-css-1ebrrz2\"><source srcset=\"https:\/\/sowinskifoto.pl\/wp-content\/uploads\/2025\/07\/Swieto-Dzieci-Gor6417.jpg 1x, https:\/\/sowinskifoto.pl\/wp-content\/uploads\/2025\/07\/Swieto-Dzieci-Gor6417.jpg 2x\" media=\"(min-width: 992px)\"><source srcset=\"https:\/\/sowinskifoto.pl\/wp-content\/uploads\/2025\/07\/Swieto-Dzieci-Gor6417.jpg 1x, https:\/\/sowinskifoto.pl\/wp-content\/uploads\/2025\/07\/Swieto-Dzieci-Gor6417.jpg 2x\" media=\"(min-width: 768px)\"><img data-recalc-dims=\"1\" decoding=\"async\" class=\"brz-img\" srcset=\"https:\/\/sowinskifoto.pl\/wp-content\/uploads\/2025\/07\/Swieto-Dzieci-Gor6417.jpg 1x, https:\/\/sowinskifoto.pl\/wp-content\/uploads\/2025\/07\/Swieto-Dzieci-Gor6417.jpg 2x\" src=\"https:\/\/i0.wp.com\/sowinskifoto.pl\/wp-content\/uploads\/2025\/07\/Swieto-Dzieci-Gor6417.jpg?ssl=1\" alt=\"\" title=\"Dzie\u0144 Orawsko-Serbski. \u015awi\u0119to Dzieci G\u00f3r\" draggable=\"false\" loading=\"lazy\"><\/picture><\/a><\/div>\n<\/div>\n<div class=\"brz-image__gallery-item\">\n<div class=\"brz-image brz-css-gaxk5t brz-css-4tf1u2\" data-brz-custom-id=\"kgpgjrxfsetW\"><a class=\"brz-a\" href=\"https:\/\/i0.wp.com\/sowinskifoto.pl\/wp-content\/uploads\/2025\/07\/Swieto-Dzieci-Gor6414.jpg?ssl=1\" target=\"_self\" rel=\"noopener\" data-brz-link-type=\"lightBox\"><picture class=\"brz-picture brz-d-block brz-p-relative brz-css-1bymgaf brz-css-129ipea\"><source srcset=\"https:\/\/sowinskifoto.pl\/wp-content\/uploads\/2025\/07\/Swieto-Dzieci-Gor6414.jpg 1x, https:\/\/sowinskifoto.pl\/wp-content\/uploads\/2025\/07\/Swieto-Dzieci-Gor6414.jpg 2x\" media=\"(min-width: 992px)\"><source srcset=\"https:\/\/sowinskifoto.pl\/wp-content\/uploads\/2025\/07\/Swieto-Dzieci-Gor6414.jpg 1x, https:\/\/sowinskifoto.pl\/wp-content\/uploads\/2025\/07\/Swieto-Dzieci-Gor6414.jpg 2x\" media=\"(min-width: 768px)\"><img data-recalc-dims=\"1\" decoding=\"async\" class=\"brz-img\" srcset=\"https:\/\/sowinskifoto.pl\/wp-content\/uploads\/2025\/07\/Swieto-Dzieci-Gor6414.jpg 1x, https:\/\/sowinskifoto.pl\/wp-content\/uploads\/2025\/07\/Swieto-Dzieci-Gor6414.jpg 2x\" src=\"https:\/\/i0.wp.com\/sowinskifoto.pl\/wp-content\/uploads\/2025\/07\/Swieto-Dzieci-Gor6414.jpg?ssl=1\" alt=\"\" title=\"Dzie\u0144 Orawsko-Serbski. \u015awi\u0119to Dzieci G\u00f3r\" draggable=\"false\" loading=\"lazy\"><\/picture><\/a><\/div>\n<\/div>\n<div class=\"brz-image__gallery-item\">\n<div class=\"brz-image brz-css-yxp5la brz-css-4pc0a1\" data-brz-custom-id=\"ayW2iFSsuf7l\"><a class=\"brz-a\" href=\"https:\/\/i0.wp.com\/sowinskifoto.pl\/wp-content\/uploads\/2025\/07\/Swieto-Dzieci-Gor6415.jpg?ssl=1\" target=\"_self\" rel=\"noopener\" data-brz-link-type=\"lightBox\"><picture class=\"brz-picture brz-d-block brz-p-relative brz-css-1sbyoi5 brz-css-11g0azg\"><source srcset=\"https:\/\/sowinskifoto.pl\/wp-content\/uploads\/2025\/07\/Swieto-Dzieci-Gor6415.jpg 1x, https:\/\/sowinskifoto.pl\/wp-content\/uploads\/2025\/07\/Swieto-Dzieci-Gor6415.jpg 2x\" media=\"(min-width: 992px)\"><source srcset=\"https:\/\/sowinskifoto.pl\/wp-content\/uploads\/2025\/07\/Swieto-Dzieci-Gor6415.jpg 1x, https:\/\/sowinskifoto.pl\/wp-content\/uploads\/2025\/07\/Swieto-Dzieci-Gor6415.jpg 2x\" media=\"(min-width: 768px)\"><img data-recalc-dims=\"1\" decoding=\"async\" class=\"brz-img\" srcset=\"https:\/\/sowinskifoto.pl\/wp-content\/uploads\/2025\/07\/Swieto-Dzieci-Gor6415.jpg 1x, https:\/\/sowinskifoto.pl\/wp-content\/uploads\/2025\/07\/Swieto-Dzieci-Gor6415.jpg 2x\" src=\"https:\/\/i0.wp.com\/sowinskifoto.pl\/wp-content\/uploads\/2025\/07\/Swieto-Dzieci-Gor6415.jpg?ssl=1\" alt=\"\" title=\"Dzie\u0144 Orawsko-Serbski. \u015awi\u0119to Dzieci G\u00f3r\" draggable=\"false\" loading=\"lazy\"><\/picture><\/a><\/div>\n<\/div>\n<div class=\"brz-image__gallery-item\">\n<div class=\"brz-image brz-css-scju22 brz-css-h53fbd\" data-brz-custom-id=\"itXNAiSSH0du\"><a class=\"brz-a\" href=\"https:\/\/i0.wp.com\/sowinskifoto.pl\/wp-content\/uploads\/2025\/07\/Swieto-Dzieci-Gor6418.jpg?ssl=1\" target=\"_self\" rel=\"noopener\" data-brz-link-type=\"lightBox\"><picture class=\"brz-picture brz-d-block brz-p-relative brz-css-19x80ln brz-css-n2bpo7\"><source srcset=\"https:\/\/sowinskifoto.pl\/wp-content\/uploads\/2025\/07\/Swieto-Dzieci-Gor6418.jpg 1x, https:\/\/sowinskifoto.pl\/wp-content\/uploads\/2025\/07\/Swieto-Dzieci-Gor6418.jpg 2x\" media=\"(min-width: 992px)\"><source srcset=\"https:\/\/sowinskifoto.pl\/wp-content\/uploads\/2025\/07\/Swieto-Dzieci-Gor6418.jpg 1x, https:\/\/sowinskifoto.pl\/wp-content\/uploads\/2025\/07\/Swieto-Dzieci-Gor6418.jpg 2x\" media=\"(min-width: 768px)\"><img data-recalc-dims=\"1\" decoding=\"async\" class=\"brz-img\" srcset=\"https:\/\/sowinskifoto.pl\/wp-content\/uploads\/2025\/07\/Swieto-Dzieci-Gor6418.jpg 1x, https:\/\/sowinskifoto.pl\/wp-content\/uploads\/2025\/07\/Swieto-Dzieci-Gor6418.jpg 2x\" src=\"https:\/\/i0.wp.com\/sowinskifoto.pl\/wp-content\/uploads\/2025\/07\/Swieto-Dzieci-Gor6418.jpg?ssl=1\" alt=\"\" title=\"Dzie\u0144 Orawsko-Serbski. \u015awi\u0119to Dzieci G\u00f3r\" draggable=\"false\" loading=\"lazy\"><\/picture><\/a><\/div>\n<\/div>\n<div class=\"brz-image__gallery-item\">\n<div class=\"brz-image brz-css-18gcfz9 brz-css-jztaz9\" data-brz-custom-id=\"fZjX2JumPZ7G\"><a class=\"brz-a\" href=\"https:\/\/i0.wp.com\/sowinskifoto.pl\/wp-content\/uploads\/2025\/07\/Swieto-Dzieci-Gor6416.jpg?ssl=1\" target=\"_self\" rel=\"noopener\" data-brz-link-type=\"lightBox\"><picture class=\"brz-picture brz-d-block brz-p-relative brz-css-1afkxmx brz-css-gczc1a\"><source srcset=\"https:\/\/sowinskifoto.pl\/wp-content\/uploads\/2025\/07\/Swieto-Dzieci-Gor6416.jpg 1x, https:\/\/sowinskifoto.pl\/wp-content\/uploads\/2025\/07\/Swieto-Dzieci-Gor6416.jpg 2x\" media=\"(min-width: 992px)\"><source srcset=\"https:\/\/sowinskifoto.pl\/wp-content\/uploads\/2025\/07\/Swieto-Dzieci-Gor6416.jpg 1x, https:\/\/sowinskifoto.pl\/wp-content\/uploads\/2025\/07\/Swieto-Dzieci-Gor6416.jpg 2x\" media=\"(min-width: 768px)\"><img data-recalc-dims=\"1\" decoding=\"async\" class=\"brz-img\" srcset=\"https:\/\/sowinskifoto.pl\/wp-content\/uploads\/2025\/07\/Swieto-Dzieci-Gor6416.jpg 1x, https:\/\/sowinskifoto.pl\/wp-content\/uploads\/2025\/07\/Swieto-Dzieci-Gor6416.jpg 2x\" src=\"https:\/\/i0.wp.com\/sowinskifoto.pl\/wp-content\/uploads\/2025\/07\/Swieto-Dzieci-Gor6416.jpg?ssl=1\" alt=\"\" title=\"Dzie\u0144 Orawsko-Serbski. \u015awi\u0119to Dzieci G\u00f3r\" draggable=\"false\" loading=\"lazy\"><\/picture><\/a><\/div>\n<\/div>\n<div class=\"brz-image__gallery-item\">\n<div class=\"brz-image brz-css-7xq4zt brz-css-129ep3j\" data-brz-custom-id=\"wm3ywbpsMgxx\"><a class=\"brz-a\" href=\"https:\/\/i0.wp.com\/sowinskifoto.pl\/wp-content\/uploads\/2025\/07\/Swieto-Dzieci-Gor6419.jpg?ssl=1\" target=\"_self\" rel=\"noopener\" data-brz-link-type=\"lightBox\"><picture class=\"brz-picture brz-d-block brz-p-relative brz-css-1xbktl9 brz-css-e9dea5\"><source srcset=\"https:\/\/sowinskifoto.pl\/wp-content\/uploads\/2025\/07\/Swieto-Dzieci-Gor6419.jpg 1x, https:\/\/sowinskifoto.pl\/wp-content\/uploads\/2025\/07\/Swieto-Dzieci-Gor6419.jpg 2x\" media=\"(min-width: 992px)\"><source srcset=\"https:\/\/sowinskifoto.pl\/wp-content\/uploads\/2025\/07\/Swieto-Dzieci-Gor6419.jpg 1x, https:\/\/sowinskifoto.pl\/wp-content\/uploads\/2025\/07\/Swieto-Dzieci-Gor6419.jpg 2x\" media=\"(min-width: 768px)\"><img data-recalc-dims=\"1\" decoding=\"async\" class=\"brz-img\" srcset=\"https:\/\/sowinskifoto.pl\/wp-content\/uploads\/2025\/07\/Swieto-Dzieci-Gor6419.jpg 1x, https:\/\/sowinskifoto.pl\/wp-content\/uploads\/2025\/07\/Swieto-Dzieci-Gor6419.jpg 2x\" src=\"https:\/\/i0.wp.com\/sowinskifoto.pl\/wp-content\/uploads\/2025\/07\/Swieto-Dzieci-Gor6419.jpg?ssl=1\" alt=\"\" title=\"Dzie\u0144 Orawsko-Serbski. \u015awi\u0119to Dzieci G\u00f3r\" draggable=\"false\" loading=\"lazy\"><\/picture><\/a><\/div>\n<\/div>\n<div class=\"brz-image__gallery-item\">\n<div class=\"brz-image brz-css-e9m1s brz-css-rf40p\" data-brz-custom-id=\"aopL8FqeRSjw\"><a class=\"brz-a\" href=\"https:\/\/i0.wp.com\/sowinskifoto.pl\/wp-content\/uploads\/2025\/07\/Swieto-Dzieci-Gor6421.jpg?ssl=1\" target=\"_self\" rel=\"noopener\" data-brz-link-type=\"lightBox\"><picture class=\"brz-picture brz-d-block brz-p-relative brz-css-1qkati0 brz-css-uqrodu\"><source srcset=\"https:\/\/sowinskifoto.pl\/wp-content\/uploads\/2025\/07\/Swieto-Dzieci-Gor6421.jpg 1x, https:\/\/sowinskifoto.pl\/wp-content\/uploads\/2025\/07\/Swieto-Dzieci-Gor6421.jpg 2x\" media=\"(min-width: 992px)\"><source srcset=\"https:\/\/sowinskifoto.pl\/wp-content\/uploads\/2025\/07\/Swieto-Dzieci-Gor6421.jpg 1x, https:\/\/sowinskifoto.pl\/wp-content\/uploads\/2025\/07\/Swieto-Dzieci-Gor6421.jpg 2x\" media=\"(min-width: 768px)\"><img data-recalc-dims=\"1\" decoding=\"async\" class=\"brz-img\" srcset=\"https:\/\/sowinskifoto.pl\/wp-content\/uploads\/2025\/07\/Swieto-Dzieci-Gor6421.jpg 1x, https:\/\/sowinskifoto.pl\/wp-content\/uploads\/2025\/07\/Swieto-Dzieci-Gor6421.jpg 2x\" src=\"https:\/\/i0.wp.com\/sowinskifoto.pl\/wp-content\/uploads\/2025\/07\/Swieto-Dzieci-Gor6421.jpg?ssl=1\" alt=\"\" title=\"Dzie\u0144 Orawsko-Serbski. \u015awi\u0119to Dzieci G\u00f3r\" draggable=\"false\" loading=\"lazy\"><\/picture><\/a><\/div>\n<\/div>\n<div class=\"brz-image__gallery-item\">\n<div class=\"brz-image brz-css-8uipg9 brz-css-1ba2lk9\" data-brz-custom-id=\"iUOK4H3wsGvu\"><a class=\"brz-a\" href=\"https:\/\/i0.wp.com\/sowinskifoto.pl\/wp-content\/uploads\/2025\/07\/Swieto-Dzieci-Gor6420.jpg?ssl=1\" target=\"_self\" rel=\"noopener\" data-brz-link-type=\"lightBox\"><picture class=\"brz-picture brz-d-block brz-p-relative brz-css-1vtfxv0 brz-css-iexli7\"><source srcset=\"https:\/\/sowinskifoto.pl\/wp-content\/uploads\/2025\/07\/Swieto-Dzieci-Gor6420.jpg 1x, https:\/\/sowinskifoto.pl\/wp-content\/uploads\/2025\/07\/Swieto-Dzieci-Gor6420.jpg 2x\" media=\"(min-width: 992px)\"><source srcset=\"https:\/\/sowinskifoto.pl\/wp-content\/uploads\/2025\/07\/Swieto-Dzieci-Gor6420.jpg 1x, https:\/\/sowinskifoto.pl\/wp-content\/uploads\/2025\/07\/Swieto-Dzieci-Gor6420.jpg 2x\" media=\"(min-width: 768px)\"><img data-recalc-dims=\"1\" decoding=\"async\" class=\"brz-img\" srcset=\"https:\/\/sowinskifoto.pl\/wp-content\/uploads\/2025\/07\/Swieto-Dzieci-Gor6420.jpg 1x, https:\/\/sowinskifoto.pl\/wp-content\/uploads\/2025\/07\/Swieto-Dzieci-Gor6420.jpg 2x\" src=\"https:\/\/i0.wp.com\/sowinskifoto.pl\/wp-content\/uploads\/2025\/07\/Swieto-Dzieci-Gor6420.jpg?ssl=1\" alt=\"\" title=\"Dzie\u0144 Orawsko-Serbski. \u015awi\u0119to Dzieci G\u00f3r\" draggable=\"false\" loading=\"lazy\"><\/picture><\/a><\/div>\n<\/div>\n<div class=\"brz-image__gallery-item\">\n<div class=\"brz-image brz-css-wxa3b2 brz-css-11rhnnc\" data-brz-custom-id=\"fnJstlzbDgSB\"><a class=\"brz-a\" href=\"https:\/\/i0.wp.com\/sowinskifoto.pl\/wp-content\/uploads\/2025\/07\/Swieto-Dzieci-Gor6422.jpg?ssl=1\" target=\"_self\" rel=\"noopener\" data-brz-link-type=\"lightBox\"><picture class=\"brz-picture brz-d-block brz-p-relative brz-css-15itc17 brz-css-188r4h7\"><source srcset=\"https:\/\/sowinskifoto.pl\/wp-content\/uploads\/2025\/07\/Swieto-Dzieci-Gor6422.jpg 1x, https:\/\/sowinskifoto.pl\/wp-content\/uploads\/2025\/07\/Swieto-Dzieci-Gor6422.jpg 2x\" media=\"(min-width: 992px)\"><source srcset=\"https:\/\/sowinskifoto.pl\/wp-content\/uploads\/2025\/07\/Swieto-Dzieci-Gor6422.jpg 1x, https:\/\/sowinskifoto.pl\/wp-content\/uploads\/2025\/07\/Swieto-Dzieci-Gor6422.jpg 2x\" media=\"(min-width: 768px)\"><img data-recalc-dims=\"1\" decoding=\"async\" class=\"brz-img\" srcset=\"https:\/\/sowinskifoto.pl\/wp-content\/uploads\/2025\/07\/Swieto-Dzieci-Gor6422.jpg 1x, https:\/\/sowinskifoto.pl\/wp-content\/uploads\/2025\/07\/Swieto-Dzieci-Gor6422.jpg 2x\" src=\"https:\/\/i0.wp.com\/sowinskifoto.pl\/wp-content\/uploads\/2025\/07\/Swieto-Dzieci-Gor6422.jpg?ssl=1\" alt=\"\" title=\"Dzie\u0144 Orawsko-Serbski. \u015awi\u0119to Dzieci G\u00f3r\" draggable=\"false\" loading=\"lazy\"><\/picture><\/a><\/div>\n<\/div>\n<div class=\"brz-image__gallery-item\">\n<div class=\"brz-image brz-css-n5t33w brz-css-1fvjaq3\" data-brz-custom-id=\"djmRtUzNYpWT\"><a class=\"brz-a\" href=\"https:\/\/i0.wp.com\/sowinskifoto.pl\/wp-content\/uploads\/2025\/07\/Swieto-Dzieci-Gor6423.jpg?ssl=1\" target=\"_self\" rel=\"noopener\" data-brz-link-type=\"lightBox\"><picture class=\"brz-picture brz-d-block brz-p-relative brz-css-1dq5tkf brz-css-1o62s9q\"><source srcset=\"https:\/\/sowinskifoto.pl\/wp-content\/uploads\/2025\/07\/Swieto-Dzieci-Gor6423.jpg 1x, https:\/\/sowinskifoto.pl\/wp-content\/uploads\/2025\/07\/Swieto-Dzieci-Gor6423.jpg 2x\" media=\"(min-width: 992px)\"><source srcset=\"https:\/\/sowinskifoto.pl\/wp-content\/uploads\/2025\/07\/Swieto-Dzieci-Gor6423.jpg 1x, https:\/\/sowinskifoto.pl\/wp-content\/uploads\/2025\/07\/Swieto-Dzieci-Gor6423.jpg 2x\" media=\"(min-width: 768px)\"><img data-recalc-dims=\"1\" decoding=\"async\" class=\"brz-img\" srcset=\"https:\/\/sowinskifoto.pl\/wp-content\/uploads\/2025\/07\/Swieto-Dzieci-Gor6423.jpg 1x, https:\/\/sowinskifoto.pl\/wp-content\/uploads\/2025\/07\/Swieto-Dzieci-Gor6423.jpg 2x\" src=\"https:\/\/i0.wp.com\/sowinskifoto.pl\/wp-content\/uploads\/2025\/07\/Swieto-Dzieci-Gor6423.jpg?ssl=1\" alt=\"\" title=\"Dzie\u0144 Orawsko-Serbski. \u015awi\u0119to Dzieci G\u00f3r\" draggable=\"false\" loading=\"lazy\"><\/picture><\/a><\/div>\n<\/div>\n<div class=\"brz-image__gallery-item\">\n<div class=\"brz-image brz-css-89yoda brz-css-eoyzce\" data-brz-custom-id=\"xXvrS9SX8Dv1\"><a class=\"brz-a\" href=\"https:\/\/i0.wp.com\/sowinskifoto.pl\/wp-content\/uploads\/2025\/07\/Swieto-Dzieci-Gor6425.jpg?ssl=1\" target=\"_self\" rel=\"noopener\" data-brz-link-type=\"lightBox\"><picture class=\"brz-picture brz-d-block brz-p-relative brz-css-ajx3b brz-css-byy6de\"><source srcset=\"https:\/\/sowinskifoto.pl\/wp-content\/uploads\/2025\/07\/Swieto-Dzieci-Gor6425.jpg 1x, https:\/\/sowinskifoto.pl\/wp-content\/uploads\/2025\/07\/Swieto-Dzieci-Gor6425.jpg 2x\" media=\"(min-width: 992px)\"><source srcset=\"https:\/\/sowinskifoto.pl\/wp-content\/uploads\/2025\/07\/Swieto-Dzieci-Gor6425.jpg 1x, https:\/\/sowinskifoto.pl\/wp-content\/uploads\/2025\/07\/Swieto-Dzieci-Gor6425.jpg 2x\" media=\"(min-width: 768px)\"><img data-recalc-dims=\"1\" decoding=\"async\" class=\"brz-img\" srcset=\"https:\/\/sowinskifoto.pl\/wp-content\/uploads\/2025\/07\/Swieto-Dzieci-Gor6425.jpg 1x, https:\/\/sowinskifoto.pl\/wp-content\/uploads\/2025\/07\/Swieto-Dzieci-Gor6425.jpg 2x\" src=\"https:\/\/i0.wp.com\/sowinskifoto.pl\/wp-content\/uploads\/2025\/07\/Swieto-Dzieci-Gor6425.jpg?ssl=1\" alt=\"\" title=\"Dzie\u0144 Orawsko-Serbski. \u015awi\u0119to Dzieci G\u00f3r\" draggable=\"false\" loading=\"lazy\"><\/picture><\/a><\/div>\n<\/div>\n<div class=\"brz-image__gallery-item\">\n<div class=\"brz-image brz-css-fqfhqq brz-css-in2nca\" data-brz-custom-id=\"gpJC5b0oTogo\"><a class=\"brz-a\" href=\"https:\/\/i0.wp.com\/sowinskifoto.pl\/wp-content\/uploads\/2025\/07\/Swieto-Dzieci-Gor6424.jpg?ssl=1\" target=\"_self\" rel=\"noopener\" data-brz-link-type=\"lightBox\"><picture class=\"brz-picture brz-d-block brz-p-relative brz-css-8llp2j brz-css-nrxg2t\"><source srcset=\"https:\/\/sowinskifoto.pl\/wp-content\/uploads\/2025\/07\/Swieto-Dzieci-Gor6424.jpg 1x, https:\/\/sowinskifoto.pl\/wp-content\/uploads\/2025\/07\/Swieto-Dzieci-Gor6424.jpg 2x\" media=\"(min-width: 992px)\"><source srcset=\"https:\/\/sowinskifoto.pl\/wp-content\/uploads\/2025\/07\/Swieto-Dzieci-Gor6424.jpg 1x, https:\/\/sowinskifoto.pl\/wp-content\/uploads\/2025\/07\/Swieto-Dzieci-Gor6424.jpg 2x\" media=\"(min-width: 768px)\"><img data-recalc-dims=\"1\" decoding=\"async\" class=\"brz-img\" srcset=\"https:\/\/sowinskifoto.pl\/wp-content\/uploads\/2025\/07\/Swieto-Dzieci-Gor6424.jpg 1x, https:\/\/sowinskifoto.pl\/wp-content\/uploads\/2025\/07\/Swieto-Dzieci-Gor6424.jpg 2x\" src=\"https:\/\/i0.wp.com\/sowinskifoto.pl\/wp-content\/uploads\/2025\/07\/Swieto-Dzieci-Gor6424.jpg?ssl=1\" alt=\"\" title=\"Dzie\u0144 Orawsko-Serbski. \u015awi\u0119to Dzieci G\u00f3r\" draggable=\"false\" loading=\"lazy\"><\/picture><\/a><\/div>\n<\/div>\n<div class=\"brz-image__gallery-item\">\n<div class=\"brz-image brz-css-aawee7 brz-css-1uo6fme\" data-brz-custom-id=\"pIKKYvMBmKCD\"><a class=\"brz-a\" href=\"https:\/\/i0.wp.com\/sowinskifoto.pl\/wp-content\/uploads\/2025\/07\/Swieto-Dzieci-Gor6426.jpg?ssl=1\" target=\"_self\" rel=\"noopener\" data-brz-link-type=\"lightBox\"><picture class=\"brz-picture brz-d-block brz-p-relative brz-css-19zw3hz brz-css-119cfzn\"><source srcset=\"https:\/\/sowinskifoto.pl\/wp-content\/uploads\/2025\/07\/Swieto-Dzieci-Gor6426.jpg 1x, https:\/\/sowinskifoto.pl\/wp-content\/uploads\/2025\/07\/Swieto-Dzieci-Gor6426.jpg 2x\" media=\"(min-width: 992px)\"><source srcset=\"https:\/\/sowinskifoto.pl\/wp-content\/uploads\/2025\/07\/Swieto-Dzieci-Gor6426.jpg 1x, https:\/\/sowinskifoto.pl\/wp-content\/uploads\/2025\/07\/Swieto-Dzieci-Gor6426.jpg 2x\" media=\"(min-width: 768px)\"><img data-recalc-dims=\"1\" decoding=\"async\" class=\"brz-img\" srcset=\"https:\/\/sowinskifoto.pl\/wp-content\/uploads\/2025\/07\/Swieto-Dzieci-Gor6426.jpg 1x, https:\/\/sowinskifoto.pl\/wp-content\/uploads\/2025\/07\/Swieto-Dzieci-Gor6426.jpg 2x\" src=\"https:\/\/i0.wp.com\/sowinskifoto.pl\/wp-content\/uploads\/2025\/07\/Swieto-Dzieci-Gor6426.jpg?ssl=1\" alt=\"\" title=\"Dzie\u0144 Orawsko-Serbski. \u015awi\u0119to Dzieci G\u00f3r\" draggable=\"false\" loading=\"lazy\"><\/picture><\/a><\/div>\n<\/div>\n<div class=\"brz-image__gallery-item\">\n<div class=\"brz-image brz-css-1y25o87 brz-css-pbbdem\" data-brz-custom-id=\"cOSWxTHZPQJW\"><a class=\"brz-a\" href=\"https:\/\/i0.wp.com\/sowinskifoto.pl\/wp-content\/uploads\/2025\/07\/Swieto-Dzieci-Gor6427.jpg?ssl=1\" target=\"_self\" rel=\"noopener\" data-brz-link-type=\"lightBox\"><picture class=\"brz-picture brz-d-block brz-p-relative brz-css-3hk9vk brz-css-2tr3kf\"><source srcset=\"https:\/\/sowinskifoto.pl\/wp-content\/uploads\/2025\/07\/Swieto-Dzieci-Gor6427.jpg 1x, https:\/\/sowinskifoto.pl\/wp-content\/uploads\/2025\/07\/Swieto-Dzieci-Gor6427.jpg 2x\" media=\"(min-width: 992px)\"><source srcset=\"https:\/\/sowinskifoto.pl\/wp-content\/uploads\/2025\/07\/Swieto-Dzieci-Gor6427.jpg 1x, https:\/\/sowinskifoto.pl\/wp-content\/uploads\/2025\/07\/Swieto-Dzieci-Gor6427.jpg 2x\" media=\"(min-width: 768px)\"><img data-recalc-dims=\"1\" decoding=\"async\" class=\"brz-img\" srcset=\"https:\/\/sowinskifoto.pl\/wp-content\/uploads\/2025\/07\/Swieto-Dzieci-Gor6427.jpg 1x, https:\/\/sowinskifoto.pl\/wp-content\/uploads\/2025\/07\/Swieto-Dzieci-Gor6427.jpg 2x\" src=\"https:\/\/i0.wp.com\/sowinskifoto.pl\/wp-content\/uploads\/2025\/07\/Swieto-Dzieci-Gor6427.jpg?ssl=1\" alt=\"\" title=\"Dzie\u0144 Orawsko-Serbski. \u015awi\u0119to Dzieci G\u00f3r\" draggable=\"false\" loading=\"lazy\"><\/picture><\/a><\/div>\n<\/div>\n<div class=\"brz-image__gallery-item\">\n<div class=\"brz-image brz-css-1b11205 brz-css-1bof1r2\" data-brz-custom-id=\"rlTvQlvU3i92\"><a class=\"brz-a\" href=\"https:\/\/i0.wp.com\/sowinskifoto.pl\/wp-content\/uploads\/2025\/07\/Swieto-Dzieci-Gor6428.jpg?ssl=1\" target=\"_self\" rel=\"noopener\" data-brz-link-type=\"lightBox\"><picture class=\"brz-picture brz-d-block brz-p-relative brz-css-1otjwa0 brz-css-w9t3f3\"><source srcset=\"https:\/\/sowinskifoto.pl\/wp-content\/uploads\/2025\/07\/Swieto-Dzieci-Gor6428.jpg 1x, https:\/\/sowinskifoto.pl\/wp-content\/uploads\/2025\/07\/Swieto-Dzieci-Gor6428.jpg 2x\" media=\"(min-width: 992px)\"><source srcset=\"https:\/\/sowinskifoto.pl\/wp-content\/uploads\/2025\/07\/Swieto-Dzieci-Gor6428.jpg 1x, https:\/\/sowinskifoto.pl\/wp-content\/uploads\/2025\/07\/Swieto-Dzieci-Gor6428.jpg 2x\" media=\"(min-width: 768px)\"><img data-recalc-dims=\"1\" decoding=\"async\" class=\"brz-img\" srcset=\"https:\/\/sowinskifoto.pl\/wp-content\/uploads\/2025\/07\/Swieto-Dzieci-Gor6428.jpg 1x, https:\/\/sowinskifoto.pl\/wp-content\/uploads\/2025\/07\/Swieto-Dzieci-Gor6428.jpg 2x\" src=\"https:\/\/i0.wp.com\/sowinskifoto.pl\/wp-content\/uploads\/2025\/07\/Swieto-Dzieci-Gor6428.jpg?ssl=1\" alt=\"\" title=\"Dzie\u0144 Orawsko-Serbski. \u015awi\u0119to Dzieci G\u00f3r\" draggable=\"false\" loading=\"lazy\"><\/picture><\/a><\/div>\n<\/div>\n<div class=\"brz-image__gallery-item\">\n<div class=\"brz-image brz-css-18wy45z brz-css-1pq9tuw\" data-brz-custom-id=\"v19mjd8M2_Jo\"><a class=\"brz-a\" href=\"https:\/\/i0.wp.com\/sowinskifoto.pl\/wp-content\/uploads\/2025\/07\/Swieto-Dzieci-Gor6429.jpg?ssl=1\" target=\"_self\" rel=\"noopener\" data-brz-link-type=\"lightBox\"><picture class=\"brz-picture brz-d-block brz-p-relative brz-css-o7qy1v brz-css-1kekkzx\"><source srcset=\"https:\/\/sowinskifoto.pl\/wp-content\/uploads\/2025\/07\/Swieto-Dzieci-Gor6429.jpg 1x, https:\/\/sowinskifoto.pl\/wp-content\/uploads\/2025\/07\/Swieto-Dzieci-Gor6429.jpg 2x\" media=\"(min-width: 992px)\"><source srcset=\"https:\/\/sowinskifoto.pl\/wp-content\/uploads\/2025\/07\/Swieto-Dzieci-Gor6429.jpg 1x, https:\/\/sowinskifoto.pl\/wp-content\/uploads\/2025\/07\/Swieto-Dzieci-Gor6429.jpg 2x\" media=\"(min-width: 768px)\"><img data-recalc-dims=\"1\" decoding=\"async\" class=\"brz-img\" srcset=\"https:\/\/sowinskifoto.pl\/wp-content\/uploads\/2025\/07\/Swieto-Dzieci-Gor6429.jpg 1x, https:\/\/sowinskifoto.pl\/wp-content\/uploads\/2025\/07\/Swieto-Dzieci-Gor6429.jpg 2x\" src=\"https:\/\/i0.wp.com\/sowinskifoto.pl\/wp-content\/uploads\/2025\/07\/Swieto-Dzieci-Gor6429.jpg?ssl=1\" alt=\"\" title=\"Dzie\u0144 Orawsko-Serbski. \u015awi\u0119to Dzieci G\u00f3r\" draggable=\"false\" loading=\"lazy\"><\/picture><\/a><\/div>\n<\/div>\n<\/div>\n<\/div>\n<\/div>\n<\/div>\n<div class=\"brz-row__container brz-css-1ufig5o brz-css-cnw7fx\" data-brz-custom-id=\"klw2djQxFIyr\">\n<div class=\"brz-row brz-row--inner brz-css-107n317 brz-css-13y5g5u brz-css-10x9hcu\">\n<div class=\"brz-columns brz-css-1yn7ui7 brz-css-1kv463b\" data-brz-custom-id=\"ioERrZuWxJTF\">\n<div class=\"brz-column__items brz-css-1s0hved brz-css-1dimvq8\">\n<div id=\"\" class=\"brz-css-tpl61k brz-css-n3bt1w brz-wrapper\">\n<div class=\"brz-image brz-css-63tuwe brz-css-6si7vi\" data-brz-custom-id=\"cuPUnibumXLk\"><a class=\"brz-a\" href=\"https:\/\/wedding.sowinskifoto.pl\/\" target=\"_self\" rel=\"noopener\" data-brz-link-type=\"external\"><picture class=\"brz-picture brz-d-block brz-p-relative brz-css-1j78t5e brz-css-1fn9h1t\"><source srcset=\"https:\/\/sowinskifoto.pl\/wp-content\/uploads\/brizy\/imgs\/slub-512x341x8x0x495x341x1750873481.jpg 1x, https:\/\/sowinskifoto.pl\/wp-content\/uploads\/brizy\/imgs\/slub-1024x682x16x0x990x682x1750873481.jpg 2x\" media=\"(min-width: 992px)\"><source srcset=\"https:\/\/sowinskifoto.pl\/wp-content\/uploads\/brizy\/imgs\/slub-232x155x4x0x223x155x1750873481.jpg 1x, https:\/\/sowinskifoto.pl\/wp-content\/uploads\/brizy\/imgs\/slub-464x310x8x0x446x310x1750873481.jpg 2x\" media=\"(min-width: 768px)\"><img data-recalc-dims=\"1\" decoding=\"async\" class=\"brz-img\" srcset=\"https:\/\/sowinskifoto.pl\/wp-content\/uploads\/brizy\/imgs\/slub-390x260x0x4x390x252x1750873481.jpg 1x, https:\/\/sowinskifoto.pl\/wp-content\/uploads\/brizy\/imgs\/slub-780x520x0x8x780x504x1750873481.jpg 2x\" src=\"https:\/\/i0.wp.com\/sowinskifoto.pl\/wp-content\/uploads\/brizy\/imgs\/slub-512x341x8x0x495x341x1750873481.jpg?ssl=1\" alt=\"\" title=\"slub\" draggable=\"false\" loading=\"lazy\"><\/picture><\/a><\/div>\n<\/div>\n<div id=\"\" class=\"brz-css-tpl61k brz-css-ogbj1n brz-wrapper\">\n<div class=\"brz-rich-text brz-rich-text__custom brz-css-1nno4g brz-css-vntfn5\" data-brz-custom-id=\"lew82u2LdYEB\">\n<div data-brz-translate-text=\"1\">\n<h4 class=\"brz-tp-lg-heading4 brz-css-qOju7\" data-uniq-id=\"aHbuV\" data-generated-css=\"brz-css-znHqz\"><a class=\"link--external\" href=\"https:\/\/wedding.sowinskifoto.pl\/\" data-brz-link-type=\"external\">Fotografia \u015blubna<\/a><\/h4>\n<\/div>\n<\/div>\n<\/div>\n<div id=\"\" class=\"brz-css-tpl61k brz-css-1hlcatn brz-wrapper\">\n<div class=\"brz-rich-text brz-rich-text__custom brz-css-1nno4g brz-css-1mt0hff\" data-brz-custom-id=\"d4Rmw1CENKyr\">\n<div data-brz-translate-text=\"1\">\n<p class=\"brz-tp-lg-subtitle brz-css-lBpvf\" data-uniq-id=\"gMud1\" data-generated-css=\"brz-css-m9onm\"><a class=\"link--external\" href=\"https:\/\/www.wedding.sowinskifoto.pl\/\" data-brz-link-type=\"external\">\u015blub, wesele, plener<\/a><\/p>\n<\/div>\n<\/div>\n<\/div>\n<\/div>\n<\/div>\n<div class=\"brz-columns brz-css-1yn7ui7 brz-css-h91uh6\" data-brz-custom-id=\"wxXRraxYZbm_\">\n<div class=\"brz-column__items brz-css-1s0hved brz-css-lywbtd\">\n<div id=\"\" class=\"brz-css-tpl61k brz-css-1urx0fe brz-wrapper\">\n<div class=\"brz-image brz-css-181lyay brz-css-1nncnq4\" data-brz-custom-id=\"dc8r2uqAzvhu\"><a class=\"brz-a\" href=\"https:\/\/krajobraz.sowinskifoto.pl\/krajobraz-zdjecia-na-plotnie\/\" target=\"_self\" rel=\"noopener\" data-brz-link-type=\"external\"><picture class=\"brz-picture brz-d-block brz-p-relative brz-css-yqsabh brz-css-lmbv2l\"><source srcset=\"https:\/\/sowinskifoto.pl\/wp-content\/uploads\/brizy\/imgs\/krajobraz-512x341x8x0x495x341x1750873842.jpg 1x, https:\/\/sowinskifoto.pl\/wp-content\/uploads\/brizy\/imgs\/krajobraz-1024x682x16x0x990x682x1750873842.jpg 2x\" media=\"(min-width: 992px)\"><source srcset=\"https:\/\/sowinskifoto.pl\/wp-content\/uploads\/brizy\/imgs\/krajobraz-233x155x13x0x206x155x1750873842.jpg 1x, https:\/\/sowinskifoto.pl\/wp-content\/uploads\/brizy\/imgs\/krajobraz-466x310x26x0x412x310x1750873842.jpg 2x\" media=\"(min-width: 768px)\"><img data-recalc-dims=\"1\" decoding=\"async\" class=\"brz-img\" srcset=\"https:\/\/sowinskifoto.pl\/wp-content\/uploads\/brizy\/imgs\/krajobraz-390x260x0x7x390x247x1750873842.jpg 1x, https:\/\/sowinskifoto.pl\/wp-content\/uploads\/brizy\/imgs\/krajobraz-780x520x0x14x780x494x1750873842.jpg 2x\" src=\"https:\/\/i0.wp.com\/sowinskifoto.pl\/wp-content\/uploads\/brizy\/imgs\/krajobraz-512x341x8x0x495x341x1750873842.jpg?ssl=1\" alt=\"\" title=\"krajobraz\" draggable=\"false\" loading=\"lazy\"><\/picture><\/a><\/div>\n<\/div>\n<div id=\"\" class=\"brz-css-tpl61k brz-css-etrm2t brz-wrapper\">\n<div class=\"brz-rich-text brz-rich-text__custom brz-css-1nno4g brz-css-1xa8huv\" data-brz-custom-id=\"iVC0qBRTtI6z\">\n<div data-brz-translate-text=\"1\">\n<h4 class=\"brz-tp-lg-heading4 brz-css-rw9TH\" data-uniq-id=\"eWWCC\" data-generated-css=\"brz-css-nH5he\"><a class=\"link--external\" href=\"https:\/\/krajobraz.sowinskifoto.pl\/krajobraz-zdjecia-na-plotnie\/\" data-brz-link-type=\"external\">Sklep<\/a><\/h4>\n<\/div>\n<\/div>\n<\/div>\n<div id=\"\" class=\"brz-css-tpl61k brz-css-1b54wu6 brz-wrapper\">\n<div class=\"brz-rich-text brz-rich-text__custom brz-css-1nno4g brz-css-1cx6cfb\" data-brz-custom-id=\"dEfDFkYFnXrP\">\n<div data-brz-translate-text=\"1\">\n<p class=\"brz-tp-lg-subtitle brz-css-tvgUn\" data-uniq-id=\"oXjwo\" data-generated-css=\"brz-css-jZPKD\"><a class=\"link--external\" href=\"https:\/\/krajobraz.sowinskifoto.pl\/krajobraz-zdjecia-na-plotnie\/\" data-brz-link-type=\"external\">kup zdj\u0119cia na stron\u0119 www lub jako dekoracja domu<\/a><\/p>\n<\/div>\n<\/div>\n<\/div>\n<\/div>\n<\/div>\n<div class=\"brz-columns brz-css-1yn7ui7 brz-css-1n9b7kj\" data-brz-custom-id=\"dUXoLq24SGmQ\">\n<div class=\"brz-column__items brz-css-1s0hved brz-css-qmwxrd\">\n<div id=\"\" class=\"brz-css-tpl61k brz-css-1wheq02 brz-wrapper\">\n<div class=\"brz-image brz-css-v89daw brz-css-xyghaz\" data-brz-custom-id=\"juvDS8wOSHip\"><a class=\"brz-a\" href=\"https:\/\/wedding.sowinskifoto.pl\/sesje-rodzinne\/\" target=\"_self\" rel=\"noopener\" data-brz-link-type=\"external\"><picture class=\"brz-picture brz-d-block brz-p-relative brz-css-1ioxqnf brz-css-vaui5a\"><source srcset=\"https:\/\/sowinskifoto.pl\/wp-content\/uploads\/brizy\/imgs\/rodzinna-513x342x8x0x497x342x1750877354.jpg 1x, https:\/\/sowinskifoto.pl\/wp-content\/uploads\/brizy\/imgs\/rodzinna-1026x684x16x0x994x684x1750877354.jpg 2x\" media=\"(min-width: 992px)\"><source srcset=\"https:\/\/sowinskifoto.pl\/wp-content\/uploads\/brizy\/imgs\/rodzinna-238x158x13x0x212x158x1750877354.jpg 1x, https:\/\/sowinskifoto.pl\/wp-content\/uploads\/brizy\/imgs\/rodzinna-476x316x26x0x424x316x1750877354.jpg 2x\" media=\"(min-width: 768px)\"><img data-recalc-dims=\"1\" decoding=\"async\" class=\"brz-img\" srcset=\"https:\/\/sowinskifoto.pl\/wp-content\/uploads\/brizy\/imgs\/rodzinna-390x260x0x3x390x255x1750877354.jpg 1x, https:\/\/sowinskifoto.pl\/wp-content\/uploads\/brizy\/imgs\/rodzinna-780x520x0x6x780x510x1750877354.jpg 2x\" src=\"https:\/\/i0.wp.com\/sowinskifoto.pl\/wp-content\/uploads\/brizy\/imgs\/rodzinna-513x342x8x0x497x342x1750877354.jpg?ssl=1\" alt=\"\" title=\"rodzinna\" draggable=\"false\" loading=\"lazy\"><\/picture><\/a><\/div>\n<\/div>\n<div id=\"\" class=\"brz-css-tpl61k brz-css-i0160h brz-wrapper\">\n<div class=\"brz-rich-text brz-rich-text__custom brz-css-1nno4g brz-css-1s92n4i\" data-brz-custom-id=\"ahynylvhBkvc\">\n<div data-brz-translate-text=\"1\">\n<h4 class=\"brz-tp-lg-heading4 brz-css-bMHBe\" data-uniq-id=\"yCPAo\" data-generated-css=\"brz-css-klL04\"><a class=\"link--external\" href=\"https:\/\/wedding.sowinskifoto.pl\/sesje-rodzinne\/\" data-brz-link-type=\"external\">Fotografia rodzinna<\/a><\/h4>\n<\/div>\n<\/div>\n<\/div>\n<div id=\"\" class=\"brz-css-tpl61k brz-css-trpz0t brz-wrapper\">\n<div class=\"brz-rich-text brz-rich-text__custom brz-css-1nno4g brz-css-1lkjnbz\" data-brz-custom-id=\"pysbrASRGbMG\">\n<div data-brz-translate-text=\"1\">\n<p class=\"brz-tp-lg-subtitle brz-css-psSER\" data-uniq-id=\"nUn4b\" data-generated-css=\"brz-css-zDkYX\"><a class=\"link--external\" href=\"https:\/\/wedding.sowinskifoto.pl\/sesje-rodzinne\/\" data-brz-link-type=\"external\">chrzest, sesje plenerowe, sesje studyjne<\/a><\/p>\n<\/div>\n<\/div>\n<\/div>\n<\/div>\n<\/div>\n<\/div>\n<\/div>\n<\/div>\n<\/div>\n<div class=\"brz-columns brz-css-1yn7ui7 brz-css-z39uaq\" data-brz-custom-id=\"spxjmj5fdCQ7\">\n<div class=\"brz-column__items brz-css-1s0hved brz-css-1nt4pfi\">\n<div class=\"brz-row__container brz-css-1ufig5o brz-css-qw9fiq\" data-brz-custom-id=\"iOH4EEhlH1mp\">\n<div class=\"brz-row brz-row--inner brz-css-107n317 brz-css-21t60j\">\n<div class=\"brz-columns brz-css-1yn7ui7 brz-css-1q6xqnl\" data-brz-custom-id=\"aF1VKncqLyVG\">\n<div class=\"brz-column__items brz-css-1s0hved brz-css-1oc73s7\"><\/div>\n<\/div>\n<\/div>\n<\/div>\n<div class=\"brz-row__container brz-css-1ufig5o brz-css-ooyozr\" data-brz-custom-id=\"zB14lsthAxCi\">\n<div class=\"brz-row brz-row--inner brz-css-107n317 brz-css-1e3h4b\">\n<div class=\"brz-columns brz-css-1yn7ui7 brz-css-1elgpmu\" data-brz-custom-id=\"l0wCMJJVg_gA\">\n<div class=\"brz-column__items brz-css-1s0hved brz-css-1cs68zq\">\n<div id=\"\" class=\"brz-css-tpl61k brz-css-11r3c2r brz-wrapper\">\n<div class=\"brz-search-container brz-search-container--classic brz-css-18tstvo brz-css-amq9pe\" data-brz-custom-id=\"y6Elb1kzkF0Z\">\n<form class=\"brz-form brz-search-form\" action=\"https:\/\/sowinskifoto.pl\" method=\"get\"><input name=\"s\" class=\"brz-input brz-search\" placeholder=\"\"><button class=\"brz-btn brz-btn-submit brz-css-dw5ifi brz-css-3chhp8\" data-brz-custom-id=\"a_d1euwqNKas\"><svg class=\"brz-icon-svg align-[initial] brz-css-2229iq brz-css-124h6i9\"><use href=\"\/wp-content\/plugins\/brizy\/public\/editor-build\/prod\/editor\/icons\/glyph\/tail-right.svg#nc_icon\"><\/use><\/svg><span data-brz-translate-text=\"1\" class=\"brz-span brz-text__editor\">Szukaj<\/span><\/button><\/form>\n<\/div>\n<\/div>\n<\/div>\n<\/div>\n<\/div>\n<\/div>\n<div class=\"brz-row__container brz-css-1ufig5o brz-css-bszimy\" data-brz-custom-id=\"v0x3TspVJmm5\">\n<div class=\"brz-row brz-row--inner brz-css-107n317 brz-css-13y5g5u brz-css-1a8k9wn\">\n<div class=\"brz-columns brz-css-1yn7ui7 brz-css-nvv81k\" data-brz-custom-id=\"l9xdie5V2KQ1\">\n<div class=\"brz-column__items brz-css-1s0hved brz-css-1uxqt77\">\n<div id=\"\" class=\"brz-css-tpl61k brz-css-1p876ql brz-css-1gs4rhj brz-wrapper\">\n<div class=\"brz-posts brz-css-14stbvx brz-css-phj15k\" data-brz-custom-id=\"k_Z44XX9HdcH\">\n<div class=\"brz-posts__wrapper\">\n<div class=\"brz-posts__item\">\n<div class=\"brz-columns brz-css-1yn7ui7 brz-css-12y6y41 brz-css-hphnkt\" data-brz-custom-id=\"hooRv3nXQdgl\">\n<div class=\"brz-column__items brz-css-1s0hved brz-css-1mwamvn\">\n<div id=\"\" class=\"brz-css-tpl61k brz-css-rdxdnv brz-wrapper\">\n<div class=\"brz-image brz-css-1gupurb brz-css-1yomdx\" data-brz-custom-id=\"u3tU1z2QFQic\"><picture class=\"brz-picture brz-d-block brz-p-relative brz-css-5gd3i0 brz-css-ecqvdv\"><source srcset=\"https:\/\/sowinskifoto.pl\/wp-content\/uploads\/brizy\/imgs\/sowinskifoto0704-217x145x11x0x193x145x1750882428.jpg 1x, https:\/\/sowinskifoto.pl\/wp-content\/uploads\/brizy\/imgs\/sowinskifoto0704-435x290x24x0x386x290x1750882428.jpg 2x\" media=\"(min-width: 992px)\"><source srcset=\"https:\/\/sowinskifoto.pl\/wp-content\/uploads\/brizy\/imgs\/sowinskifoto0704-3x2x0x0x3x2x1750882428.jpg 1x, https:\/\/sowinskifoto.pl\/wp-content\/uploads\/brizy\/imgs\/sowinskifoto0704-6x4x0x0x6x4x1750882428.jpg 2x\" media=\"(min-width: 768px)\"><img data-recalc-dims=\"1\" decoding=\"async\" class=\"brz-img\" srcset=\"https:\/\/sowinskifoto.pl\/wp-content\/uploads\/brizy\/imgs\/sowinskifoto0704-484x323x27x0x430x323x1750882428.jpg 1x, https:\/\/sowinskifoto.pl\/wp-content\/uploads\/brizy\/imgs\/sowinskifoto0704-969x646x54x0x860x646x1750882428.jpg 2x\" src=\"https:\/\/i0.wp.com\/sowinskifoto.pl\/wp-content\/uploads\/brizy\/imgs\/sowinskifoto0704-217x145x11x0x193x145x1750882428.jpg?ssl=1\" alt=\"\" title=\"sowinskifoto0704\" draggable=\"false\" loading=\"lazy\"><\/picture><\/div>\n<\/div>\n<div id=\"\" class=\"brz-css-tpl61k brz-css-12u4965 brz-wrapper\">\n<div class=\"brz-wp-title brz-css-18khvkh brz-css-umrlh1 brz-css-bj6tzn\" data-brz-custom-id=\"tdvgNbFmnOzV\"><span class=\"brz-wp-title-content\" style=\"min-height:20px\">Zabawy dzieci\u0119ce- Ma\u0142olipnicanie<\/span><\/div>\n<\/div>\n<div class=\"brz-wrapper-clone brz-flex-xs-wrap brz-css-16pvhv8 brz-css-1nc9h56\" data-brz-custom-id=\"q9FToX1attz7\"><a class=\"brz-a brz-btn brz-css-1v8ubst brz-css-12i378f brz-css-dw5ifi brz-css-o7wuk9 brz-css-13t6dv7\" href=\"https:\/\/sowinskifoto.pl\/?p=148\" target=\"_self\" rel=\"noopener\" data-brz-link-type=\"external\" data-brz-custom-id=\"tk8sVR2t72mJ\"><svg class=\"brz-icon-svg align-[initial] brz-css-2229iq brz-css-1bizkt8\"><use href=\"\/wp-content\/plugins\/brizy\/public\/editor-build\/prod\/editor\/icons\/glyph\/tail-right.svg#nc_icon\"><\/use><\/svg><span data-brz-translate-text=\"1\" class=\"brz-span brz-text__editor\">wi\u0119cej<\/span><\/a><\/div>\n<\/div>\n<\/div>\n<\/div>\n<div class=\"brz-posts__item\">\n<div class=\"brz-columns brz-css-1yn7ui7 brz-css-12y6y41 brz-css-hphnkt\" data-brz-custom-id=\"hooRv3nXQdgl\">\n<div class=\"brz-column__items brz-css-1s0hved brz-css-1mwamvn\">\n<div id=\"\" class=\"brz-css-tpl61k brz-css-rdxdnv brz-wrapper\">\n<div class=\"brz-image brz-css-1gupurb brz-css-1yomdx\" data-brz-custom-id=\"u3tU1z2QFQic\"><picture class=\"brz-picture brz-d-block brz-p-relative brz-css-5gd3i0 brz-css-ecqvdv\"><source srcset=\"https:\/\/sowinskifoto.pl\/wp-content\/uploads\/brizy\/imgs\/sow0022-217x145x11x0x193x145x1750930024.jpg 1x, https:\/\/sowinskifoto.pl\/wp-content\/uploads\/brizy\/imgs\/sow0022-435x290x24x0x386x290x1750930024.jpg 2x\" media=\"(min-width: 992px)\"><source srcset=\"https:\/\/sowinskifoto.pl\/wp-content\/uploads\/brizy\/imgs\/sow0022-3x2x0x0x3x2x1750930024.jpg 1x, https:\/\/sowinskifoto.pl\/wp-content\/uploads\/brizy\/imgs\/sow0022-6x4x0x0x6x4x1750930024.jpg 2x\" media=\"(min-width: 768px)\"><img data-recalc-dims=\"1\" decoding=\"async\" class=\"brz-img\" srcset=\"https:\/\/sowinskifoto.pl\/wp-content\/uploads\/brizy\/imgs\/sow0022-484x323x27x0x430x323x1750930024.jpg 1x, https:\/\/sowinskifoto.pl\/wp-content\/uploads\/brizy\/imgs\/sow0022-969x646x54x0x860x646x1750930024.jpg 2x\" src=\"https:\/\/i0.wp.com\/sowinskifoto.pl\/wp-content\/uploads\/brizy\/imgs\/sow0022-217x145x11x0x193x145x1750930024.jpg?ssl=1\" alt=\"\" title=\"sesja ma\u0142olipnicanie\" draggable=\"false\" loading=\"lazy\"><\/picture><\/div>\n<\/div>\n<div id=\"\" class=\"brz-css-tpl61k brz-css-12u4965 brz-wrapper\">\n<div class=\"brz-wp-title brz-css-18khvkh brz-css-umrlh1 brz-css-bj6tzn\" data-brz-custom-id=\"tdvgNbFmnOzV\"><span class=\"brz-wp-title-content\" style=\"min-height:20px\">Owce na polanie- sesja Ma\u0142olipnicanie<\/span><\/div>\n<\/div>\n<div class=\"brz-wrapper-clone brz-flex-xs-wrap brz-css-16pvhv8 brz-css-1nc9h56\" data-brz-custom-id=\"q9FToX1attz7\"><a class=\"brz-a brz-btn brz-css-1v8ubst brz-css-12i378f brz-css-dw5ifi brz-css-o7wuk9 brz-css-13t6dv7\" href=\"https:\/\/sowinskifoto.pl\/?p=521\" target=\"_self\" rel=\"noopener\" data-brz-link-type=\"external\" data-brz-custom-id=\"tk8sVR2t72mJ\"><svg class=\"brz-icon-svg align-[initial] brz-css-2229iq brz-css-1bizkt8\"><use href=\"\/wp-content\/plugins\/brizy\/public\/editor-build\/prod\/editor\/icons\/glyph\/tail-right.svg#nc_icon\"><\/use><\/svg><span data-brz-translate-text=\"1\" class=\"brz-span brz-text__editor\">wi\u0119cej<\/span><\/a><\/div>\n<\/div>\n<\/div>\n<\/div>\n<div class=\"brz-posts__item\">\n<div class=\"brz-columns brz-css-1yn7ui7 brz-css-12y6y41 brz-css-hphnkt\" data-brz-custom-id=\"hooRv3nXQdgl\">\n<div class=\"brz-column__items brz-css-1s0hved brz-css-1mwamvn\">\n<div id=\"\" class=\"brz-css-tpl61k brz-css-rdxdnv brz-wrapper\">\n<div class=\"brz-image brz-css-1gupurb brz-css-1yomdx\" data-brz-custom-id=\"u3tU1z2QFQic\"><picture class=\"brz-picture brz-d-block brz-p-relative brz-css-5gd3i0 brz-css-ecqvdv\"><source srcset=\"https:\/\/sowinskifoto.pl\/wp-content\/uploads\/brizy\/imgs\/sowinskifoto3111-217x145x11x0x193x145x1751760369.jpg 1x, https:\/\/sowinskifoto.pl\/wp-content\/uploads\/brizy\/imgs\/sowinskifoto3111-435x290x24x0x386x290x1751760369.jpg 2x\" media=\"(min-width: 992px)\"><source srcset=\"https:\/\/sowinskifoto.pl\/wp-content\/uploads\/brizy\/imgs\/sowinskifoto3111-3x2x0x0x3x2x1751760369.jpg 1x, https:\/\/sowinskifoto.pl\/wp-content\/uploads\/brizy\/imgs\/sowinskifoto3111-6x4x0x0x6x4x1751760369.jpg 2x\" media=\"(min-width: 768px)\"><img data-recalc-dims=\"1\" decoding=\"async\" class=\"brz-img\" srcset=\"https:\/\/sowinskifoto.pl\/wp-content\/uploads\/brizy\/imgs\/sowinskifoto3111-484x323x27x0x430x323x1751760369.jpg 1x, https:\/\/sowinskifoto.pl\/wp-content\/uploads\/brizy\/imgs\/sowinskifoto3111-969x646x54x0x860x646x1751760369.jpg 2x\" src=\"https:\/\/i0.wp.com\/sowinskifoto.pl\/wp-content\/uploads\/brizy\/imgs\/sowinskifoto3111-217x145x11x0x193x145x1751760369.jpg?ssl=1\" alt=\"\" title=\"sowinskifoto3111\" draggable=\"false\" loading=\"lazy\"><\/picture><\/div>\n<\/div>\n<div id=\"\" class=\"brz-css-tpl61k brz-css-12u4965 brz-wrapper\">\n<div class=\"brz-wp-title brz-css-18khvkh brz-css-umrlh1 brz-css-bj6tzn\" data-brz-custom-id=\"tdvgNbFmnOzV\"><span class=\"brz-wp-title-content\" style=\"min-height:20px\">Eksplozja kolor\u00f3w- \u015awi\u0119to Pasterskie<\/span><\/div>\n<\/div>\n<div class=\"brz-wrapper-clone brz-flex-xs-wrap brz-css-16pvhv8 brz-css-1nc9h56\" data-brz-custom-id=\"q9FToX1attz7\"><a class=\"brz-a brz-btn brz-css-1v8ubst brz-css-12i378f brz-css-dw5ifi brz-css-o7wuk9 brz-css-13t6dv7\" href=\"https:\/\/sowinskifoto.pl\/?p=720\" target=\"_self\" rel=\"noopener\" data-brz-link-type=\"external\" data-brz-custom-id=\"tk8sVR2t72mJ\"><svg class=\"brz-icon-svg align-[initial] brz-css-2229iq brz-css-1bizkt8\"><use href=\"\/wp-content\/plugins\/brizy\/public\/editor-build\/prod\/editor\/icons\/glyph\/tail-right.svg#nc_icon\"><\/use><\/svg><span data-brz-translate-text=\"1\" class=\"brz-span brz-text__editor\">wi\u0119cej<\/span><\/a><\/div>\n<\/div>\n<\/div>\n<\/div>\n<div class=\"brz-posts__item\">\n<div class=\"brz-columns brz-css-1yn7ui7 brz-css-12y6y41 brz-css-hphnkt\" data-brz-custom-id=\"hooRv3nXQdgl\">\n<div class=\"brz-column__items brz-css-1s0hved brz-css-1mwamvn\">\n<div id=\"\" class=\"brz-css-tpl61k brz-css-rdxdnv brz-wrapper\">\n<div class=\"brz-image brz-css-1gupurb brz-css-1yomdx\" data-brz-custom-id=\"u3tU1z2QFQic\"><picture class=\"brz-picture brz-d-block brz-p-relative brz-css-5gd3i0 brz-css-ecqvdv\"><source srcset=\"https:\/\/sowinskifoto.pl\/wp-content\/uploads\/brizy\/imgs\/sowinskifoto6770-217x145x11x0x193x145x1751884497.jpg 1x, https:\/\/sowinskifoto.pl\/wp-content\/uploads\/brizy\/imgs\/sowinskifoto6770-435x290x24x0x386x290x1751884497.jpg 2x\" media=\"(min-width: 992px)\"><source srcset=\"https:\/\/sowinskifoto.pl\/wp-content\/uploads\/brizy\/imgs\/sowinskifoto6770-3x2x0x0x3x2x1751884497.jpg 1x, https:\/\/sowinskifoto.pl\/wp-content\/uploads\/brizy\/imgs\/sowinskifoto6770-6x4x0x0x6x4x1751884497.jpg 2x\" media=\"(min-width: 768px)\"><img data-recalc-dims=\"1\" decoding=\"async\" class=\"brz-img\" srcset=\"https:\/\/sowinskifoto.pl\/wp-content\/uploads\/brizy\/imgs\/sowinskifoto6770-484x323x27x0x430x323x1751884497.jpg 1x, https:\/\/sowinskifoto.pl\/wp-content\/uploads\/brizy\/imgs\/sowinskifoto6770-969x646x54x0x860x646x1751884497.jpg 2x\" src=\"https:\/\/i0.wp.com\/sowinskifoto.pl\/wp-content\/uploads\/brizy\/imgs\/sowinskifoto6770-217x145x11x0x193x145x1751884497.jpg?ssl=1\" alt=\"\" title=\"49 \u015awi\u0119to Pasterskie w Lipnicy Wielkiej\" draggable=\"false\" loading=\"lazy\"><\/picture><\/div>\n<\/div>\n<div id=\"\" class=\"brz-css-tpl61k brz-css-12u4965 brz-wrapper\">\n<div class=\"brz-wp-title brz-css-18khvkh brz-css-umrlh1 brz-css-bj6tzn\" data-brz-custom-id=\"tdvgNbFmnOzV\"><span class=\"brz-wp-title-content\" style=\"min-height:20px\">49 \u015awi\u0119to Pasterskie w Lipnicy Wielkiej<\/span><\/div>\n<\/div>\n<div class=\"brz-wrapper-clone brz-flex-xs-wrap brz-css-16pvhv8 brz-css-1nc9h56\" data-brz-custom-id=\"q9FToX1attz7\"><a class=\"brz-a brz-btn brz-css-1v8ubst brz-css-12i378f brz-css-dw5ifi brz-css-o7wuk9 brz-css-13t6dv7\" href=\"https:\/\/sowinskifoto.pl\/?p=857\" target=\"_self\" rel=\"noopener\" data-brz-link-type=\"external\" data-brz-custom-id=\"tk8sVR2t72mJ\"><svg class=\"brz-icon-svg align-[initial] brz-css-2229iq brz-css-1bizkt8\"><use href=\"\/wp-content\/plugins\/brizy\/public\/editor-build\/prod\/editor\/icons\/glyph\/tail-right.svg#nc_icon\"><\/use><\/svg><span data-brz-translate-text=\"1\" class=\"brz-span brz-text__editor\">wi\u0119cej<\/span><\/a><\/div>\n<\/div>\n<\/div>\n<\/div>\n<\/div>\n<\/div>\n<\/div>\n<\/div>\n<\/div>\n<\/div>\n<\/div>\n<\/div>\n<\/div>\n<\/div>\n<\/div>\n<\/div>\n<\/div>\n<\/section>\n<footer id=\"85dc50094d0b826eb63a_u7CJGn6BqswZ\" class=\"brz-footer brz-css-1oye4g6 brz-css-4c7ojj\" data-brz-custom-id=\"u7CJGn6BqswZ\">\n<div class=\"brz-bg\">\n<div class=\"brz-bg-color\"><\/div>\n<\/div>\n<div class=\"brz-container brz-css-rofs70 brz-css-1jp1kss\">\n<div class=\"brz-row__container brz-css-1ufig5o brz-css-14dz7a4\" data-brz-custom-id=\"qKcfJg8ZHd0z\">\n<div class=\"brz-row brz-css-107n317 brz-css-13y5g5u brz-css-gtteux\">\n<div class=\"brz-columns brz-css-1yn7ui7 brz-css-b4emtl\" data-brz-custom-id=\"v_nfHPO1gVnR\">\n<div class=\"brz-column__items brz-css-1s0hved brz-css-1pi1k5a\">\n<div class=\"brz-wrapper-clone brz-flex-xs-wrap brz-css-16pvhv8 brz-css-1jobji5\" data-brz-custom-id=\"o_cn9C7_l5AI\">\n<div class=\"brz-icon__container\" data-brz-custom-id=\"lCRGwW9pxnlG\"><a class=\"brz-a\" href=\"https:\/\/www.facebook.com\/sowinskifotopl\" target=\"_blank\" rel=\"noopener\" data-brz-link-type=\"external\"><span class=\"brz-icon brz-span brz-css-xpm0ax brz-css-1adbb5x\"><svg class=\"brz-icon-svg align-[initial]\"><use href=\"\/wp-content\/plugins\/brizy\/public\/editor-build\/prod\/editor\/icons\/glyph\/logo-facebook.svg#nc_icon\"><\/use><\/svg><\/span><\/a><\/div>\n<div class=\"brz-icon__container\" data-brz-custom-id=\"sIF5csWbcr0W\"><a class=\"brz-a\" href=\"https:\/\/www.instagram.com\/wedding.sowinskifoto.pl\/\" target=\"_blank\" rel=\"noopener\" data-brz-link-type=\"external\"><span class=\"brz-icon brz-span brz-css-xpm0ax brz-css-j6zjiu\"><svg class=\"brz-icon-svg align-[initial]\"><use href=\"\/wp-content\/plugins\/brizy\/public\/editor-build\/prod\/editor\/icons\/glyph\/logo-instagram.svg#nc_icon\"><\/use><\/svg><\/span><\/a><\/div>\n<\/div>\n<\/div>\n<\/div>\n<div class=\"brz-columns brz-css-1yn7ui7 brz-css-1vylnjv\" data-brz-custom-id=\"chDMbOhM5dLM\">\n<div class=\"brz-column__items brz-css-1s0hved brz-css-1y5k88d\">\n<div id=\"\" class=\"brz-css-tpl61k brz-css-19zx6ij brz-wrapper\">\n<div class=\"brz-rich-text brz-rich-text__custom brz-css-1nno4g brz-css-1bdrlac\" data-brz-custom-id=\"aF2PsSpYa48J\">\n<div data-brz-translate-text=\"1\">\n<p class=\"brz-tp-lg-paragraph brz-text-lg-center brz-css-x83RF\" data-uniq-id=\"y_agS\" data-generated-css=\"brz-css-lelb1\"><span class=\"brz-cp-color3 brz-span\" style=\"color: rgba(var(--brz-global-color3),1);\">Fotografia \u015blubna<\/span><span style=\"color: rgba(var(--brz-global-color3),1);\" class=\"brz-cp-color3\">        <\/span><a class=\"brz-cp-color3 link--external\" style=\"color: rgba(var(--brz-global-color3),1);\" href=\"https:\/\/krajobraz.sowinskifoto.pl\/\" data-brz-link-type=\"external\">Krajobraz<\/a><span style=\"color: rgba(var(--brz-global-color3),1);\" class=\"brz-cp-color3\">      <\/span><span class=\"brz-cp-color3 brz-span\" style=\"color: rgba(var(--brz-global-color3),1);\"> Sklep <\/span><span style=\"color: rgba(var(--brz-global-color3),1);\" class=\"brz-cp-color3\">     <\/span><a class=\"brz-cp-color3 link--external\" style=\"color: rgba(var(--brz-global-color3),1);\" href=\"https:\/\/wedding.sowinskifoto.pl\/sesje-rodzinne\/\" data-brz-link-type=\"external\">Fotografia Rodzinna<\/a><span style=\"color: rgba(var(--brz-global-color3),1);\" class=\"brz-cp-color3\">       <\/span><span class=\"brz-cp-color3 brz-span\" style=\"color: rgba(var(--brz-global-color3),1);\">Aktualno\u015bci<\/span><\/p>\n<\/div>\n<\/div>\n<\/div>\n<\/div>\n<\/div>\n<div class=\"brz-columns brz-css-1yn7ui7 brz-css-1kluaxh\" data-brz-custom-id=\"yq0oYle77oW4\">\n<div class=\"brz-bg\">\n<div class=\"brz-bg-image\"><\/div>\n<\/div>\n<div class=\"brz-column__items brz-css-1s0hved brz-css-1at5lt2\"><\/div>\n<\/div>\n<\/div>\n<\/div>\n<div class=\"brz-row__container brz-css-1ufig5o brz-css-owj5p7\" data-brz-custom-id=\"rUah18m_RK8Z\">\n<div class=\"brz-bg\"><\/div>\n<div class=\"brz-row brz-css-107n317 brz-css-pr7wl4\">\n<div class=\"brz-columns brz-css-1yn7ui7 brz-css-1er6ins\" data-brz-custom-id=\"tjgeg7FFX1y6\">\n<div class=\"brz-column__items brz-css-1s0hved brz-css-5v00if\">\n<div id=\"\" class=\"brz-css-tpl61k brz-css-mj5wqk brz-wrapper\">\n<div class=\"brz-rich-text brz-rich-text__custom brz-css-1nno4g brz-css-14r0wvh\" data-brz-custom-id=\"yj6Xp8aeGpev\">\n<div data-brz-translate-text=\"1\">\n<p class=\"brz-tp-lg-paragraph brz-text-lg-justify brz-css-b1a_L\" data-generated-css=\"brz-css-i1KGq\" data-uniq-id=\"evvkN\"><span class=\"brz-cp-color7\">The point of using dummy text for your paragraph is that it has a more-or-less normal distribution of <\/span><span class=\"brz-cp-color7\" style=\"color: rgb(255, 255, 255);\">Copyright <\/span><strong class=\"brz-cp-color7\" style=\"color: rgb(255, 255, 255);\">\u00a9<\/strong><span class=\"brz-cp-color7\" style=\"color: rgb(255, 255, 255);\">&nbsp;2025 \u0141ukasz Sow\u0144ski<\/span><span class=\"brz-cp-color7\">b<\/span><\/p>\n<\/div>\n<\/div>\n<\/div>\n<\/div>\n<\/div>\n<\/div>\n<\/div>\n<\/div>\n<\/footer>\n<\/div>\n<p>    <!-- version:1756997532 --><\/p>\n","protected":false},"excerpt":{"rendered":"<p>Strona G\u0142\u00f3wna Fotografia \u015blubna Krajobraz Sklep Aktualno\u015bci Strona G\u0142\u00f3wna Fotografia \u015blubna Krajobraz Sklep Aktualno\u015bci Strona G\u0142\u00f3wna Fotografia \u015blubna Krajobraz Sklep Aktualno\u015bci Strona G\u0142\u00f3wna Fotografia \u015blubna Krajobraz Sklep Aktualno\u015bci tel. 788 463 976 Dzie\u0144 Orawsko-Serbski. \u015awi\u0119to Dzieci G\u00f3r Fotografia \u015blubna \u015blub, wesele, plener Sklep kup zdj\u0119cia na stron\u0119 www lub jako dekoracja domu Fotografia rodzinna chrzest, [&hellip;]<\/p>\n","protected":false},"author":1,"featured_media":2362,"comment_status":"open","ping_status":"open","sticky":false,"template":"brizy-blank-template.php","format":"standard","meta":{"_jetpack_memberships_contains_paid_content":false,"footnotes":""},"categories":[6,8,15],"tags":[12,27,26],"class_list":["post-2254","post","type-post","status-publish","format-standard","has-post-thumbnail","hentry","category-folk","category-kultura","category-malolipnicanie","tag-malolipnicanie","tag-nowy-sacz","tag-swieto-dzieci-gor"],"yoast_head":"<!-- This site is optimized with the Yoast SEO plugin v25.3.1 - https:\/\/yoast.com\/wordpress\/plugins\/seo\/ -->\n<title>Dzie\u0144 Orawsko-Serbski. \u015awi\u0119to Dzieci G\u00f3r - Sowinskifoto.pl<\/title>\n<meta name=\"description\" content=\"Dzie\u0144 Orawsko-Serbski. \u015awi\u0119to Dzieci G\u00f3r w Nowym S\u0105czu\" \/>\n<meta name=\"robots\" content=\"index, follow, max-snippet:-1, max-image-preview:large, max-video-preview:-1\" \/>\n<link rel=\"canonical\" href=\"https:\/\/sowinskifoto.pl\/?p=2254\" \/>\n<meta property=\"og:locale\" content=\"pl_PL\" \/>\n<meta property=\"og:type\" content=\"article\" \/>\n<meta property=\"og:title\" content=\"Dzie\u0144 Orawsko-Serbski. \u015awi\u0119to Dzieci G\u00f3r - Sowinskifoto.pl\" \/>\n<meta property=\"og:description\" content=\"Dzie\u0144 Orawsko-Serbski. \u015awi\u0119to Dzieci G\u00f3r w Nowym S\u0105czu\" \/>\n<meta property=\"og:url\" content=\"https:\/\/sowinskifoto.pl\/?p=2254\" \/>\n<meta property=\"og:site_name\" content=\"Sowinskifoto.pl\" \/>\n<meta property=\"article:published_time\" content=\"2025-07-23T00:19:08+00:00\" \/>\n<meta property=\"article:modified_time\" content=\"2025-09-04T14:52:14+00:00\" \/>\n<meta property=\"og:image\" content=\"https:\/\/sowinskifoto.pl\/wp-content\/uploads\/2025\/07\/Swieto-Dzieci-Gor6422.jpg\" \/>\n\t<meta property=\"og:image:width\" content=\"1400\" \/>\n\t<meta property=\"og:image:height\" content=\"933\" \/>\n\t<meta property=\"og:image:type\" content=\"image\/jpeg\" \/>\n<meta name=\"author\" content=\"sowinskifoto\" \/>\n<meta name=\"twitter:card\" content=\"summary_large_image\" \/>\n<meta name=\"twitter:label1\" content=\"Napisane przez\" \/>\n\t<meta name=\"twitter:data1\" content=\"sowinskifoto\" \/>\n\t<meta name=\"twitter:label2\" content=\"Szacowany czas czytania\" \/>\n\t<meta name=\"twitter:data2\" content=\"25 minut\" \/>\n<script type=\"application\/ld+json\" class=\"yoast-schema-graph\">{\"@context\":\"https:\/\/schema.org\",\"@graph\":[{\"@type\":\"WebPage\",\"@id\":\"https:\/\/sowinskifoto.pl\/?p=2254\",\"url\":\"https:\/\/sowinskifoto.pl\/?p=2254\",\"name\":\"Dzie\u0144 Orawsko-Serbski. \u015awi\u0119to Dzieci G\u00f3r - Sowinskifoto.pl\",\"isPartOf\":{\"@id\":\"http:\/\/sowinskifoto.pl\/#website\"},\"primaryImageOfPage\":{\"@id\":\"https:\/\/sowinskifoto.pl\/?p=2254#primaryimage\"},\"image\":{\"@id\":\"https:\/\/sowinskifoto.pl\/?p=2254#primaryimage\"},\"thumbnailUrl\":\"https:\/\/sowinskifoto.pl\/wp-content\/uploads\/2025\/07\/Swieto-Dzieci-Gor6422.jpg\",\"datePublished\":\"2025-07-23T00:19:08+00:00\",\"dateModified\":\"2025-09-04T14:52:14+00:00\",\"author\":{\"@id\":\"http:\/\/sowinskifoto.pl\/#\/schema\/person\/9304e3132e46598563b447141b897475\"},\"description\":\"Dzie\u0144 Orawsko-Serbski. \u015awi\u0119to Dzieci G\u00f3r w Nowym S\u0105czu\",\"breadcrumb\":{\"@id\":\"https:\/\/sowinskifoto.pl\/?p=2254#breadcrumb\"},\"inLanguage\":\"pl-PL\",\"potentialAction\":[{\"@type\":\"ReadAction\",\"target\":[\"https:\/\/sowinskifoto.pl\/?p=2254\"]}]},{\"@type\":\"ImageObject\",\"inLanguage\":\"pl-PL\",\"@id\":\"https:\/\/sowinskifoto.pl\/?p=2254#primaryimage\",\"url\":\"https:\/\/sowinskifoto.pl\/wp-content\/uploads\/2025\/07\/Swieto-Dzieci-Gor6422.jpg\",\"contentUrl\":\"https:\/\/sowinskifoto.pl\/wp-content\/uploads\/2025\/07\/Swieto-Dzieci-Gor6422.jpg\",\"width\":1400,\"height\":933,\"caption\":\"Dzie\u0144 Orawsko-Serbski. \u015awi\u0119to Dzieci G\u00f3r\"},{\"@type\":\"BreadcrumbList\",\"@id\":\"https:\/\/sowinskifoto.pl\/?p=2254#breadcrumb\",\"itemListElement\":[{\"@type\":\"ListItem\",\"position\":1,\"name\":\"Home\",\"item\":\"http:\/\/sowinskifoto.pl\/\"},{\"@type\":\"ListItem\",\"position\":2,\"name\":\"Dzie\u0144 Orawsko-Serbski. \u015awi\u0119to Dzieci G\u00f3r\"}]},{\"@type\":\"WebSite\",\"@id\":\"http:\/\/sowinskifoto.pl\/#website\",\"url\":\"http:\/\/sowinskifoto.pl\/\",\"name\":\"Sowinskifoto.pl\",\"description\":\"fotograf \u015blubny\",\"potentialAction\":[{\"@type\":\"SearchAction\",\"target\":{\"@type\":\"EntryPoint\",\"urlTemplate\":\"http:\/\/sowinskifoto.pl\/?s={search_term_string}\"},\"query-input\":{\"@type\":\"PropertyValueSpecification\",\"valueRequired\":true,\"valueName\":\"search_term_string\"}}],\"inLanguage\":\"pl-PL\"},{\"@type\":\"Person\",\"@id\":\"http:\/\/sowinskifoto.pl\/#\/schema\/person\/9304e3132e46598563b447141b897475\",\"name\":\"sowinskifoto\",\"image\":{\"@type\":\"ImageObject\",\"inLanguage\":\"pl-PL\",\"@id\":\"http:\/\/sowinskifoto.pl\/#\/schema\/person\/image\/\",\"url\":\"https:\/\/secure.gravatar.com\/avatar\/8ecab1b6cda8e3e0582e6e688506ff572bb410e5fd229aabcfbb02992ef6210a?s=96&d=mm&r=g\",\"contentUrl\":\"https:\/\/secure.gravatar.com\/avatar\/8ecab1b6cda8e3e0582e6e688506ff572bb410e5fd229aabcfbb02992ef6210a?s=96&d=mm&r=g\",\"caption\":\"sowinskifoto\"},\"sameAs\":[\"http:\/\/sowinskifoto.pl\"],\"url\":\"https:\/\/sowinskifoto.pl\/?author=1\"}]}<\/script>\n<!-- \/ Yoast SEO plugin. -->","yoast_head_json":{"title":"Dzie\u0144 Orawsko-Serbski. \u015awi\u0119to Dzieci G\u00f3r - Sowinskifoto.pl","description":"Dzie\u0144 Orawsko-Serbski. \u015awi\u0119to Dzieci G\u00f3r w Nowym S\u0105czu","robots":{"index":"index","follow":"follow","max-snippet":"max-snippet:-1","max-image-preview":"max-image-preview:large","max-video-preview":"max-video-preview:-1"},"canonical":"https:\/\/sowinskifoto.pl\/?p=2254","og_locale":"pl_PL","og_type":"article","og_title":"Dzie\u0144 Orawsko-Serbski. \u015awi\u0119to Dzieci G\u00f3r - Sowinskifoto.pl","og_description":"Dzie\u0144 Orawsko-Serbski. \u015awi\u0119to Dzieci G\u00f3r w Nowym S\u0105czu","og_url":"https:\/\/sowinskifoto.pl\/?p=2254","og_site_name":"Sowinskifoto.pl","article_published_time":"2025-07-23T00:19:08+00:00","article_modified_time":"2025-09-04T14:52:14+00:00","og_image":[{"width":1400,"height":933,"url":"https:\/\/sowinskifoto.pl\/wp-content\/uploads\/2025\/07\/Swieto-Dzieci-Gor6422.jpg","type":"image\/jpeg"}],"author":"sowinskifoto","twitter_card":"summary_large_image","twitter_misc":{"Napisane przez":"sowinskifoto","Szacowany czas czytania":"25 minut"},"schema":{"@context":"https:\/\/schema.org","@graph":[{"@type":"WebPage","@id":"https:\/\/sowinskifoto.pl\/?p=2254","url":"https:\/\/sowinskifoto.pl\/?p=2254","name":"Dzie\u0144 Orawsko-Serbski. \u015awi\u0119to Dzieci G\u00f3r - Sowinskifoto.pl","isPartOf":{"@id":"http:\/\/sowinskifoto.pl\/#website"},"primaryImageOfPage":{"@id":"https:\/\/sowinskifoto.pl\/?p=2254#primaryimage"},"image":{"@id":"https:\/\/sowinskifoto.pl\/?p=2254#primaryimage"},"thumbnailUrl":"https:\/\/sowinskifoto.pl\/wp-content\/uploads\/2025\/07\/Swieto-Dzieci-Gor6422.jpg","datePublished":"2025-07-23T00:19:08+00:00","dateModified":"2025-09-04T14:52:14+00:00","author":{"@id":"http:\/\/sowinskifoto.pl\/#\/schema\/person\/9304e3132e46598563b447141b897475"},"description":"Dzie\u0144 Orawsko-Serbski. \u015awi\u0119to Dzieci G\u00f3r w Nowym S\u0105czu","breadcrumb":{"@id":"https:\/\/sowinskifoto.pl\/?p=2254#breadcrumb"},"inLanguage":"pl-PL","potentialAction":[{"@type":"ReadAction","target":["https:\/\/sowinskifoto.pl\/?p=2254"]}]},{"@type":"ImageObject","inLanguage":"pl-PL","@id":"https:\/\/sowinskifoto.pl\/?p=2254#primaryimage","url":"https:\/\/sowinskifoto.pl\/wp-content\/uploads\/2025\/07\/Swieto-Dzieci-Gor6422.jpg","contentUrl":"https:\/\/sowinskifoto.pl\/wp-content\/uploads\/2025\/07\/Swieto-Dzieci-Gor6422.jpg","width":1400,"height":933,"caption":"Dzie\u0144 Orawsko-Serbski. \u015awi\u0119to Dzieci G\u00f3r"},{"@type":"BreadcrumbList","@id":"https:\/\/sowinskifoto.pl\/?p=2254#breadcrumb","itemListElement":[{"@type":"ListItem","position":1,"name":"Home","item":"http:\/\/sowinskifoto.pl\/"},{"@type":"ListItem","position":2,"name":"Dzie\u0144 Orawsko-Serbski. \u015awi\u0119to Dzieci G\u00f3r"}]},{"@type":"WebSite","@id":"http:\/\/sowinskifoto.pl\/#website","url":"http:\/\/sowinskifoto.pl\/","name":"Sowinskifoto.pl","description":"fotograf \u015blubny","potentialAction":[{"@type":"SearchAction","target":{"@type":"EntryPoint","urlTemplate":"http:\/\/sowinskifoto.pl\/?s={search_term_string}"},"query-input":{"@type":"PropertyValueSpecification","valueRequired":true,"valueName":"search_term_string"}}],"inLanguage":"pl-PL"},{"@type":"Person","@id":"http:\/\/sowinskifoto.pl\/#\/schema\/person\/9304e3132e46598563b447141b897475","name":"sowinskifoto","image":{"@type":"ImageObject","inLanguage":"pl-PL","@id":"http:\/\/sowinskifoto.pl\/#\/schema\/person\/image\/","url":"https:\/\/secure.gravatar.com\/avatar\/8ecab1b6cda8e3e0582e6e688506ff572bb410e5fd229aabcfbb02992ef6210a?s=96&d=mm&r=g","contentUrl":"https:\/\/secure.gravatar.com\/avatar\/8ecab1b6cda8e3e0582e6e688506ff572bb410e5fd229aabcfbb02992ef6210a?s=96&d=mm&r=g","caption":"sowinskifoto"},"sameAs":["http:\/\/sowinskifoto.pl"],"url":"https:\/\/sowinskifoto.pl\/?author=1"}]}},"jetpack_featured_media_url":"https:\/\/sowinskifoto.pl\/wp-content\/uploads\/2025\/07\/Swieto-Dzieci-Gor6422.jpg","jetpack_sharing_enabled":true,"_links":{"self":[{"href":"https:\/\/sowinskifoto.pl\/index.php?rest_route=\/wp\/v2\/posts\/2254","targetHints":{"allow":["GET"]}}],"collection":[{"href":"https:\/\/sowinskifoto.pl\/index.php?rest_route=\/wp\/v2\/posts"}],"about":[{"href":"https:\/\/sowinskifoto.pl\/index.php?rest_route=\/wp\/v2\/types\/post"}],"author":[{"embeddable":true,"href":"https:\/\/sowinskifoto.pl\/index.php?rest_route=\/wp\/v2\/users\/1"}],"replies":[{"embeddable":true,"href":"https:\/\/sowinskifoto.pl\/index.php?rest_route=%2Fwp%2Fv2%2Fcomments&post=2254"}],"version-history":[{"count":8,"href":"https:\/\/sowinskifoto.pl\/index.php?rest_route=\/wp\/v2\/posts\/2254\/revisions"}],"predecessor-version":[{"id":4393,"href":"https:\/\/sowinskifoto.pl\/index.php?rest_route=\/wp\/v2\/posts\/2254\/revisions\/4393"}],"wp:featuredmedia":[{"embeddable":true,"href":"https:\/\/sowinskifoto.pl\/index.php?rest_route=\/wp\/v2\/media\/2362"}],"wp:attachment":[{"href":"https:\/\/sowinskifoto.pl\/index.php?rest_route=%2Fwp%2Fv2%2Fmedia&parent=2254"}],"wp:term":[{"taxonomy":"category","embeddable":true,"href":"https:\/\/sowinskifoto.pl\/index.php?rest_route=%2Fwp%2Fv2%2Fcategories&post=2254"},{"taxonomy":"post_tag","embeddable":true,"href":"https:\/\/sowinskifoto.pl\/index.php?rest_route=%2Fwp%2Fv2%2Ftags&post=2254"}],"curies":[{"name":"wp","href":"https:\/\/api.w.org\/{rel}","templated":true}]}}